{"id":1234669,"date":"2016-07-03T08:42:43","date_gmt":"2016-07-03T05:42:43","guid":{"rendered":"https:\/\/analyse.optim.biz\/?p=1234669"},"modified":"2016-07-03T08:42:43","modified_gmt":"2016-07-03T05:42:43","slug":"timisoara-uitata-victor-gaga-sculptorul-banatean-cu-lucrari-in-intreaga-lume-ce-gazduieste-acum-fostul-sau-atelier-foto","status":"publish","type":"post","link":"https:\/\/analyse.optim.biz\/?p=1234669","title":{"rendered":"TIMI\u0218OARA UITAT\u0102 Victor Gaga, sculptorul b\u0103n\u0103\u021bean cu lucr\u0103ri \u00een \u00eentreaga lume. Ce g\u0103zduie\u0219te acum fostul s\u0103u atelier FOTO"},"content":{"rendered":"<article id=\"post-235451\" class=\"post-235451 post type-post status-publish format-standard has-post-thumbnail hentry category-campanii-pressalert category-stiri category-timisoara-uitata-campanii-pressalert tag-arta tag-istorie tag-lucrari tag-periam tag-premii tag-sculptor tag-studii tag-timisoara tag-timisoara-uitata tag-victor-gaga\">\n<div class=\"td-post-header td-pb-padding-side\">\n<div class=\"entry-crumbs\"><span><a title class=\"entry-crumb\" href=\"https:\/\/www.pressalert.ro\/\"><span>Acas\u0103<\/span><\/a><\/span><span><a title=\"Vede\u021bi toate articolele \u00een Campanii PRESSALERT\" class=\"entry-crumb\" href=\"https:\/\/www.pressalert.ro\/category\/campanii-pressalert\/\"><span>Campanii PRESSALERT<\/span><\/a><\/span><span class=\"td-bred-no-url-last\">TIMI\u0218OARA UITAT\u0102 Victor Gaga, sculptorul b\u0103n\u0103\u021bean cu lucr\u0103ri \u00een \u00eentreaga lume. Ce&#8230;<\/span><\/div>\n<ul class=\"td-category\">\n<li class=\"entry-category\"><a href=\"https:\/\/www.pressalert.ro\/category\/campanii-pressalert\/\">Campanii PRESSALERT<\/a><\/li>\n<li class=\"entry-category\"><a href=\"https:\/\/www.pressalert.ro\/category\/stiri\/\">\u015etiri<\/a><\/li>\n<li class=\"entry-category\"><a href=\"https:\/\/www.pressalert.ro\/category\/campanii-pressalert\/timisoara-uitata-campanii-pressalert\/\">Timi\u0219oara uitat\u0103<\/a><\/li>\n<\/ul>\n<header>\n<h1 class=\"entry-title\">TIMI\u0218OARA UITAT\u0102 Victor Gaga, sculptorul b\u0103n\u0103\u021bean cu lucr\u0103ri \u00een \u00eentreaga lume. Ce g\u0103zduie\u0219te acum fostul s\u0103u atelier FOTO<\/h1>\n<div class=\"meta-info\">\n<div class=\"td-post-author-name\">\n<div class=\"td-author-by\">De<\/div>\n<p><a href=\"https:\/\/www.pressalert.ro\/author\/liana-paun\/\">Liana P\u0103un<\/a><\/p>\n<div class=\"td-author-line\"> &#8211; <\/div>\n<\/div>\n<p><span class=\"td-post-date\"><time class=\"entry-date updated td-module-date\" datetime=\"2016-07-03T08:42:43+00:00\">iul. 3, 2016<\/time><\/span><\/p>\n<div class=\"td-post-comments\"><a href=\"https:\/\/www.pressalert.ro\/2016\/07\/timisoara-uitata-victor-gaga-sculptorul-banatean-cu-lucrari-intreaga-lume-ce-gazduieste-acum-fostul-sau-atelier-foto\/#respond\">0<\/a><\/div>\n<\/div>\n<\/header>\n<\/div>\n<div class=\"td-post-sharing td-post-sharing-top td-pb-padding-side\"><span class=\"td-post-share-title\">DISTRIBUI\u021aI<\/span><\/p>\n<div class=\"td-default-sharing \"><a class=\"td-social-sharing-buttons td-social-facebook\" href=\"http:\/\/www.facebook.com\/sharer.php?u=https%3A%2F%2Fwww.pressalert.ro%2F2016%2F07%2Ftimisoara-uitata-victor-gaga-sculptorul-banatean-cu-lucrari-intreaga-lume-ce-gazduieste-acum-fostul-sau-atelier-foto%2F\"><\/p>\n<div class=\"td-social-but-text\">Facebook<\/div>\n<p><\/a><a class=\"td-social-sharing-buttons td-social-twitter\" href=\"https:\/\/twitter.com\/intent\/tweet?text=TIMI%C8%98OARA+UITAT%C4%82+Victor+Gaga%2C+sculptorul+b%C4%83n%C4%83%C8%9Bean+cu+lucr%C4%83ri+%C3%AEn+%C3%AEntreaga+lume.+Ce+g%C4%83zduie%C8%99te+acum+fostul+s%C4%83u+atelier+FOTO&amp;url=https%3A%2F%2Fwww.pressalert.ro%2F2016%2F07%2Ftimisoara-uitata-victor-gaga-sculptorul-banatean-cu-lucrari-intreaga-lume-ce-gazduieste-acum-fostul-sau-atelier-foto%2F&amp;via=PRESSALERT.ro\"><\/p>\n<div class=\"td-social-but-text\">Twitter<\/div>\n<p><\/a><\/div>\n<\/div>\n<div class=\"td-post-content td-pb-padding-side\">\n<p><img decoding=\"async\" loading=\"lazy\" class=\"aligncenter size-full wp-image-235452\" src=\"http:\/\/www.pressalert.ro\/wp-content\/uploads\/2016\/07\/1.-victor-gaga.jpg\" alt=\"1. victor gaga\" width=\"480\" height=\"360\"><\/p>\n<p>N\u0103scut la Periam \u00een 1930, cunoscutul sculptor Victor Gaga a fost fiul lui Paul Gaga, ardelean din S\u0103laj, delegat la Marea Adunare Na\u0163ional\u0103 de la Alba Iulia din 1 decembrie 1918. I-a pl\u0103cut din copil\u0103rie s\u0103 ciopleasc\u0103 lemnul \u015fi piatra, d\u00e2ndu-le diferite forme, iar biserica din satul bunicilor s\u0103i, cioplit\u0103 \u00een lemn de Horea, unul din capii r\u0103scoalei de la 1784, a fost o adev\u0103rat\u0103 surs\u0103 de inspira\u0163ie.<\/p>\n<p>Dup\u0103 absolvirea liceului, cel care avea s\u0103 devin\u0103 o personalitate marcant\u0103 a artei rom\u00e2ne\u015fti, unul din cei mai importan\u0163i sculptori contemporani, a studiat, \u00eentre 1950 \u015fi 1956, sculptura la Institutul de Arte plastice \u201eIon Andreescu\u201d din Cluj, unde a avut profesori prestigio\u015fi, \u015fi l-a absolvit cu calificativul \u201eMagna cum laude\u201d. A refuzat postul de asistent care i s-a propus la institut \u015fi a venit la Timi\u015foara, unde a deschis un atelier de sculptur\u0103 \u00eentr-o sal\u0103 a unei \u015fcoli de construc\u0163ii.<\/p>\n<p>Dup\u0103 doi ani, a ajuns profesor la liceul de arte plastice, devenind apoi lector la facultatea de desen. A f\u0103cut numeroase c\u0103l\u0103torii de studii \u00een Austria, Bulgaria, Cehoslovacia, Elve\u0163ia, Germania, Italia, Iugoslavia, Polonia, Ungaria, URSS, Japonia, particip\u00e2nd cu lucr\u0103ri la diverse expozi\u0163ii \u015fi t\u00e2rguri interna\u0163ionale de art\u0103 contemporan\u0103.<\/p>\n<h3>Lucr\u0103ri de art\u0103 \u00een \u00eentreaga lume<\/h3>\n<p>Debutul s\u0103u oficial \u00een sculptur\u0103 a avut loc \u00een anul 1954, \u00een perioada studen\u0163iei, cu lucrarea \u201eLupta lui \u015etefan cel Mare cu turcii la Podul \u00cenalt\u201d, care se afl\u0103 acum la muzeul militar din Bucure\u015fti. Cele mai multe lucr\u0103ri ale sale sunt cioplite \u00een lemn, dar este \u015fi autorul unor remarcabile lucr\u0103ri din piatr\u0103. A fost atras cu deosebire de teme istorice \u015fi de portretistic\u0103 \u00eenc\u0103 din anii studen\u0163iei, dar \u015fi de simbolizarea, \u00een art\u0103, a unor aspira\u0163ii umane sau a unor mituri. Printre personalit\u0103\u0163ile culturale \u015fi politice marcante c\u0103rora le-a d\u0103ltuit chipul se num\u0103r\u0103 Dimitrie \u0162ichindeal, Eftimie Murgu, Mihai Eminescu, Traian Vuia, Ioan Slavici, Ion Vidu, Emil Racovi\u0163\u0103, Iuliu Maniu sau Corneliu Coposu.<\/p>\n<p>A participat la mai multe saloane oficiale din Bucure\u015fti, Cluj \u015fi Timi\u015foara, la expozi\u0163ii colective din numeroase ora\u015fe ale \u0163\u0103rii \u015fi la expozi\u0163ii de art\u0103 rom\u00e2neasc\u0103 la Torino, Belgrad, Novi Sad. Tot \u00een str\u0103in\u0103tate, a avut mai multe expozi\u0163ii personale \u00een galerii celebre din c\u00e2teva ora\u015fe elve\u0163iene. Lucr\u0103ri realizate de Victor Gaga se afl\u0103 \u00een colec\u0163ii particulare din ora\u015fe rom\u00e2ne\u015fti dar \u015fi \u00een numeroase localit\u0103\u0163i elve\u0163iene, \u00een Anglia, Germania, Italia, S.U.A., Grecia, Israel, Norvegia, Olanda, Austria, Canada, Japonia sau Polonia.<\/p>\n<h3>Lucr\u0103ri de art\u0103 monumental\u0103<\/h3>\n<p>Opera lui Victor Gaga, modern\u0103 \u015fi plin\u0103 de originalitate, e de-a dreptul impresionant\u0103. Este autorul a numeroase lucr\u0103ri de sculptur\u0103 monumental\u0103 care pot fi v\u0103zute ast\u0103zi \u00een Timi\u015foara \u015fi nu numai. Monumente au mai fost ridicate la Re\u015fi\u0163a, Lugoj, \u00een localit\u0103\u0163ile Stamora-Moravi\u0163a, C\u0103p\u00e2lna\u015f, Gurusl\u0103u \u2013 un monument omagial pentru Mihai Viteazul care este cea mai reprezentativ\u0103 oper\u0103 a sa \u2013 sau Moldova Nou\u0103. Multe lucr\u0103ri ale lui Victor Gaga se g\u0103sesc \u00een muzeele de art\u0103 din \u00eentreaga \u0163ar\u0103.<\/p>\n<p>Printre lucr\u0103rile aflate \u00een spa\u0163ii publice timi\u015forene se num\u0103r\u0103 \u201eF\u00e2nt\u00e2na Martirilor\u201d, aflat\u0103 \u00een scuarul din spatele gr\u0103dinii de var\u0103 \u201eCapitol, bustul lui Corneliu Coposu, \u00eentre podurile Michelangelo \u015fi Decebal, efigia lui Sever Bocu, montat\u0103 la intrarea \u00een Universitatea de Vest, Monumentul Eroilor Neamului din Calea \u015eagului, \u00eenchinat celor care au c\u0103zut \u00een luptele din cel de-al doilea r\u0103zboi mondial, placa comemorativ\u0103 Sorin Titel, amplasat\u0103 pe casa din str. Eminescu nr. 7 \u00een care a locuit scriitorul \u00een anii \u201960.<\/p>\n<h3>Premii \u015fi distinc\u0163ii pentru Victor Gaga<\/h3>\n<p>Victor Gaga a fost distins cu numeroase premii \u015fi medalii, printre care premiul II pentru sculptur\u0103 al Uniunii Arti\u015ftilor Plastici din Rom\u00e2nia, \u201eMeritul Cultural al Rom\u00e2niei\u201d clasa a V-a.<\/p>\n<p> Marele premiu al Salonului Na\u0163ional de Sculptur\u0103 Mic\u0103. \u00cen anul 2000 i s-a conferit \u201eOrdinul Na\u0163ional pentru Merit\u201d, pentru realiz\u0103ri artistice remarcabile \u015fi pentru promovarea culturii, a fost pre\u015fedintele filialei timi\u015forene a UAP.<\/p>\n<p>S-a stins din via\u0163\u0103 \u00een 2003, iar monumentul s\u0103u funerar a fost realizat de un alt sculptor care \u015fi-a pus amprenta asupra artei timi\u015forene, \u015etefan C\u0103l\u0103r\u0103\u015fanu. O plac\u0103 \u00een memoria sa a fost a\u015fezat\u0103 pe fatada imobilului ridicat de clubul de canotaj \u201eRegatta\u201d de pe malul Beg\u0103i, unde, timp de 47 de ani, \u015fi-a avut atelierul.<\/p>\n<div id=\"gallery-2\" class=\"gallery galleryid-235451 gallery-columns-8 gallery-size-thumbnail\">\n<figure class=\"gallery-item\">\n<div class=\"gallery-icon landscape\"><a href=\"https:\/\/www.pressalert.ro\/wp-content\/uploads\/2016\/07\/1.-victor-gaga.jpg\"><img decoding=\"async\" loading=\"lazy\" width=\"300\" height=\"300\" src=\"https:\/\/www.pressalert.ro\/wp-content\/uploads\/2016\/07\/1.-victor-gaga-300x300.jpg\" class=\"attachment-thumbnail size-thumbnail\" alt><\/a><\/div>\n<\/figure>\n<figure class=\"gallery-item\">\n<div class=\"gallery-icon landscape\"><a href=\"https:\/\/www.pressalert.ro\/wp-content\/uploads\/2016\/07\/2.-monument-guruslau.jpg\"><img decoding=\"async\" loading=\"lazy\" width=\"300\" height=\"300\" src=\"https:\/\/www.pressalert.ro\/wp-content\/uploads\/2016\/07\/2.-monument-guruslau-300x300.jpg\" class=\"attachment-thumbnail size-thumbnail\" alt><\/a><\/div>\n<\/figure>\n<figure class=\"gallery-item\">\n<div class=\"gallery-icon landscape\"><a href=\"https:\/\/www.pressalert.ro\/wp-content\/uploads\/2016\/07\/3.-guruslau-detaliu.jpg\"><img decoding=\"async\" loading=\"lazy\" width=\"300\" height=\"225\" src=\"https:\/\/www.pressalert.ro\/wp-content\/uploads\/2016\/07\/3.-guruslau-detaliu-300x225.jpg\" class=\"attachment-thumbnail size-thumbnail\" alt><\/a><\/div>\n<\/figure>\n<figure class=\"gallery-item\">\n<div class=\"gallery-icon landscape\"><a href=\"https:\/\/www.pressalert.ro\/wp-content\/uploads\/2016\/07\/4.-fantana-martirilor-tm.jpg\"><img decoding=\"async\" loading=\"lazy\" width=\"300\" height=\"300\" src=\"https:\/\/www.pressalert.ro\/wp-content\/uploads\/2016\/07\/4.-fantana-martirilor-tm-300x300.jpg\" class=\"attachment-thumbnail size-thumbnail\" alt><\/a><\/div>\n<\/figure>\n<figure class=\"gallery-item\">\n<div class=\"gallery-icon portrait\"><a href=\"https:\/\/www.pressalert.ro\/wp-content\/uploads\/2016\/07\/5.-sculptura-in-lemn.jpg\"><img decoding=\"async\" loading=\"lazy\" width=\"300\" height=\"300\" src=\"https:\/\/www.pressalert.ro\/wp-content\/uploads\/2016\/07\/5.-sculptura-in-lemn-300x300.jpg\" class=\"attachment-thumbnail size-thumbnail\" alt><\/a><\/div>\n<\/figure>\n<figure class=\"gallery-item\">\n<div class=\"gallery-icon landscape\"><a href=\"https:\/\/www.pressalert.ro\/wp-content\/uploads\/2016\/07\/6.-atelier.jpg\"><img decoding=\"async\" loading=\"lazy\" width=\"300\" height=\"300\" src=\"https:\/\/www.pressalert.ro\/wp-content\/uploads\/2016\/07\/6.-atelier-300x300.jpg\" class=\"attachment-thumbnail size-thumbnail\" alt><\/a><\/div>\n<\/figure>\n<figure class=\"gallery-item\">\n<div class=\"gallery-icon landscape\"><a href=\"https:\/\/www.pressalert.ro\/wp-content\/uploads\/2016\/07\/7.-placa-atelier.jpg\"><img decoding=\"async\" loading=\"lazy\" width=\"300\" height=\"300\" src=\"https:\/\/www.pressalert.ro\/wp-content\/uploads\/2016\/07\/7.-placa-atelier-300x300.jpg\" class=\"attachment-thumbnail size-thumbnail\" alt><\/a><\/div>\n<\/figure>\n<figure class=\"gallery-item\">\n<div class=\"gallery-icon portrait\"><a href=\"https:\/\/www.pressalert.ro\/wp-content\/uploads\/2016\/07\/8.-monument-funerar.jpg\"><img decoding=\"async\" loading=\"lazy\" width=\"300\" height=\"300\" src=\"https:\/\/www.pressalert.ro\/wp-content\/uploads\/2016\/07\/8.-monument-funerar-300x300.jpg\" class=\"attachment-thumbnail size-thumbnail\" alt><\/a><\/div>\n<\/figure>\n<\/div>\n<p>Surse foto: banaterra.eu, memorialulrevolutiei.ro, transilvaniareporter.ro, ciprianchirileanu.blogspot.com<\/p>\n<\/div>\n<footer>\n<div class=\"td-post-source-tags td-pb-padding-side\">\n<ul class=\"td-tags td-post-small-box clearfix\">\n<li><span>ETICHETE<\/span><\/li>\n<li><a href=\"https:\/\/www.pressalert.ro\/tag\/arta\/\">arta<\/a><\/li>\n<li><a href=\"https:\/\/www.pressalert.ro\/tag\/istorie\/\">istorie<\/a><\/li>\n<li><a href=\"https:\/\/www.pressalert.ro\/tag\/lucrari\/\">lucrari<\/a><\/li>\n<li><a href=\"https:\/\/www.pressalert.ro\/tag\/periam\/\">periam<\/a><\/li>\n<li><a href=\"https:\/\/www.pressalert.ro\/tag\/premii\/\">premii<\/a><\/li>\n<li><a href=\"https:\/\/www.pressalert.ro\/tag\/sculptor\/\">sculptor<\/a><\/li>\n<li><a href=\"https:\/\/www.pressalert.ro\/tag\/studii\/\">studii<\/a><\/li>\n<li><a href=\"https:\/\/www.pressalert.ro\/tag\/timisoara\/\">Timisoara<\/a><\/li>\n<li><a href=\"https:\/\/www.pressalert.ro\/tag\/timisoara-uitata\/\">timisoara uitata<\/a><\/li>\n<li><a href=\"https:\/\/www.pressalert.ro\/tag\/victor-gaga\/\">victor gaga<\/a><\/li>\n<\/ul>\n<\/div>\n<div class=\"td-post-sharing td-post-sharing-bottom td-pb-padding-side\"><span class=\"td-post-share-title\">DISTRIBUI\u021aI<\/span><\/p>\n<div class=\"td-default-sharing \"><a class=\"td-social-sharing-buttons td-social-facebook\" href=\"http:\/\/www.facebook.com\/sharer.php?u=https%3A%2F%2Fwww.pressalert.ro%2F2016%2F07%2Ftimisoara-uitata-victor-gaga-sculptorul-banatean-cu-lucrari-intreaga-lume-ce-gazduieste-acum-fostul-sau-atelier-foto%2F\"><\/p>\n<div class=\"td-social-but-text\">Facebook<\/div>\n<p><\/a><a class=\"td-social-sharing-buttons td-social-twitter\" href=\"https:\/\/twitter.com\/intent\/tweet?text=TIMI%C8%98OARA+UITAT%C4%82+Victor+Gaga%2C+sculptorul+b%C4%83n%C4%83%C8%9Bean+cu+lucr%C4%83ri+%C3%AEn+%C3%AEntreaga+lume.+Ce+g%C4%83zduie%C8%99te+acum+fostul+s%C4%83u+atelier+FOTO&amp;url=https%3A%2F%2Fwww.pressalert.ro%2F2016%2F07%2Ftimisoara-uitata-victor-gaga-sculptorul-banatean-cu-lucrari-intreaga-lume-ce-gazduieste-acum-fostul-sau-atelier-foto%2F&amp;via=PRESSALERT.ro\"><\/p>\n<div class=\"td-social-but-text\">Twitter<\/div>\n<p><\/a><\/div>\n<\/div>\n<div class=\"td-block-row td-post-next-prev\">\n<div class=\"td-block-span6 td-post-prev-post\">\n<div class=\"td-post-next-prev-content\"><span>Articolul precedent<\/span><a href=\"https:\/\/www.pressalert.ro\/2016\/07\/batran-disparut-de-la-spitalul-de-psihitarie-din-gataia-daca-l-vezi-suna-la-112\/\">B\u0103tr\u00e2n disp\u0103rut de la spitalul de psihitarie din G\u0103taia. Dac\u0103-l vezi, sun\u0103 la 112!<\/a><\/div>\n<\/div>\n<div class=\"td-block-span6 td-post-next-post\">\n<div class=\"td-post-next-prev-content\"><span>Articolul urm\u0103tor<\/span><a href=\"https:\/\/www.pressalert.ro\/2016\/07\/insula-ostrov-locul-exotic-din-banat-care-turistii-se-intalnesc-cu-cai-salbatici-si-se-simt-ca-n-delta-dunarii-ce-pot-admira-foto\/\">Insula Ostrov, locul exotic din Banat \u00een care turi\u0219tii se \u00eent\u00e2lnesc cu cai s\u0103lbatici \u0219i se simt ca-n Delta Dun\u0103rii. Ce pot admira FOTO<\/a><\/div>\n<\/div>\n<\/div>\n<div class=\"author-box-wrap\"><a href=\"https:\/\/www.pressalert.ro\/author\/liana-paun\/\"><img decoding=\"async\" alt src=\"https:\/\/secure.gravatar.com\/avatar\/e237afe71dbb475f2bb6dffeb603d703?s=96&amp;d=mm&amp;r=g\" class=\"avatar avatar-96 photo\" height=\"96\" width=\"96\" loading=\"lazy\"><\/a><\/p>\n<div class=\"desc\">\n<div class=\"td-author-name vcard author\"><span class=\"fn\"><a href=\"https:\/\/www.pressalert.ro\/author\/liana-paun\/\">Liana P\u0103un<\/a><\/span><\/div>\n<div class=\"td-author-url\"><a href=\"http:\/\/www.pressalert.ro\">http:\/\/www.pressalert.ro<\/a><\/div>\n<\/div>\n<\/div>\n<p><span><\/span><span><span><\/span><\/span><span><\/span><\/footer>\n<\/article>\n<p> Source URL: https:\/\/www.pressalert.ro\/2016\/07\/timisoara-uitata-victor-gaga-sculptorul-banatean-cu-lucrari-intreaga-lume-ce-gazduieste-acum-fostul-sau-atelier-foto\/<\/p>\n","protected":false},"excerpt":{"rendered":"<p>Acas\u0103Campanii PRESSALERTTIMI\u0218OARA UITAT\u0102 Victor Gaga, sculptorul b\u0103n\u0103\u021bean cu lucr\u0103ri \u00een \u00eentreaga lume. Ce&#8230; Campanii PRESSALERT \u015etiri Timi\u0219oara uitat\u0103 TIMI\u0218OARA UITAT\u0102 Victor Gaga, sculptorul b\u0103n\u0103\u021bean cu lucr\u0103ri \u00een \u00eentreaga lume. Ce g\u0103zduie\u0219te acum fostul s\u0103u atelier FOTO De Liana P\u0103un &#8211; iul. 3, 2016 0 DISTRIBUI\u021aI Facebook Twitter N\u0103scut la Periam \u00een 1930, cunoscutul sculptor Victor [&hellip;]<\/p>\n","protected":false},"author":1,"featured_media":0,"comment_status":"open","ping_status":"","sticky":false,"template":"","format":"standard","meta":{"footnotes":""},"categories":[89],"tags":[176],"class_list":["post-1234669","post","type-post","status-publish","format-standard","hentry","category-romania","tag-pressalert-ro"],"_links":{"self":[{"href":"https:\/\/analyse.optim.biz\/index.php?rest_route=\/wp\/v2\/posts\/1234669","targetHints":{"allow":["GET"]}}],"collection":[{"href":"https:\/\/analyse.optim.biz\/index.php?rest_route=\/wp\/v2\/posts"}],"about":[{"href":"https:\/\/analyse.optim.biz\/index.php?rest_route=\/wp\/v2\/types\/post"}],"author":[{"embeddable":true,"href":"https:\/\/analyse.optim.biz\/index.php?rest_route=\/wp\/v2\/users\/1"}],"replies":[{"embeddable":true,"href":"https:\/\/analyse.optim.biz\/index.php?rest_route=%2Fwp%2Fv2%2Fcomments&post=1234669"}],"version-history":[{"count":0,"href":"https:\/\/analyse.optim.biz\/index.php?rest_route=\/wp\/v2\/posts\/1234669\/revisions"}],"wp:attachment":[{"href":"https:\/\/analyse.optim.biz\/index.php?rest_route=%2Fwp%2Fv2%2Fmedia&parent=1234669"}],"wp:term":[{"taxonomy":"category","embeddable":true,"href":"https:\/\/analyse.optim.biz\/index.php?rest_route=%2Fwp%2Fv2%2Fcategories&post=1234669"},{"taxonomy":"post_tag","embeddable":true,"href":"https:\/\/analyse.optim.biz\/index.php?rest_route=%2Fwp%2Fv2%2Ftags&post=1234669"}],"curies":[{"name":"wp","href":"https:\/\/api.w.org\/{rel}","templated":true}]}}