{"id":123394,"date":"2018-02-21T16:40:57","date_gmt":"2018-02-21T13:40:57","guid":{"rendered":"https:\/\/analyse.optim.biz\/?p=123394"},"modified":"2018-02-21T16:40:57","modified_gmt":"2018-02-21T13:40:57","slug":"congresul-psd-marian-oprisan-acum-candidez","status":"publish","type":"post","link":"https:\/\/analyse.optim.biz\/?p=123394","title":{"rendered":"Congresul PSD | Marian Opri\u015fan: Acum candidez"},"content":{"rendered":"<div class=\"entry data-app-meta data-app-meta-article\" data-embed-base-url-canonical=\"https:\/\/www.digi24.ro\/embed\/stiri\/actualitate\/politica\/congresul-psd-marian-oprisan-acum-candidez-882377\">\n<p data-index=\"1\"><strong>Pre\u015fedintele PSD Vrancea, Marian Opri\u015fan, a anun\u0163at miercuri, \u00eenainte \u015fedin\u0163ei Biroului Permanent Na\u0163ional al partidului, c\u0103 va candida pentru o func\u0163ie de conducere \u00een partid la Congresul din martie, deoarece \u00een 2015 nu a f\u0103cut-o pentru c\u0103 avea un dosar penal.<\/strong><\/p>\n<figure class=\"article-thumb\"><img decoding=\"async\" src=\"https:\/\/analyse.optim.biz\/wp-content\/uploads\/2024\/09\/ogfjy2njzdq4mme4yte1mmiyodywytrlymezmwzm-thumb_.jpg\" alt=\"Marian Oprisan Facebook\" data-skip-htmlfix=\"1\" title=\"ogfjy2njzdq4mme4yte1mmiyodywytrlymezmwzm-thumb_\"><figcaption> Surs\u0103: Facebook <\/figcaption><\/figure>\n<p data-index=\"2\">\u201eS\u0103 vedem ce stabilim \u00een organele statutare ale PSD, \u00een Biroul Permanent, \u00een urm\u0103torul Comitet Executiv \u00eempreun\u0103 cu colegii, s\u0103 vedem ce form\u0103 va exista \u015fi evident c\u0103 acest Congres va avea loc la data stabilit\u0103 (&#8230;) Nu am candidat \u00een anul 2015 la congres pentru c\u0103 am zis foarte clar c\u0103 nu candidez pentru c\u0103 am un dosar \u015fi este dosarul meu, nu dosarul partidului. De data asta, pentru c\u0103 am demonstrat \u00eentregii na\u0163iuni c\u0103 sunt nevinovat, v\u0103 spun c\u00e2t se poate de clar c\u0103 eu candidez la o func\u0163ie de conducere \u00een PSD\u201d, a declarat Opri\u015fan.<\/p>\n<p data-index=\"3\">Baronul de Vrancea nu a precizat pentru ce func\u021bie de conducere va candida, dar exist\u0103 tot mai multe informa\u021bii c\u0103, la congresul extraordinar, ar putea deveni vacant\u0103 func\u021bia de pre\u0219edinte executiv al PSD, func\u021bie ocupat\u0103 acum de senatorul Niculae B\u0103d\u0103l\u0103u.<\/p>\n<p data-index=\"4\">\u00centrebat dac\u0103 ar trebui modificat\u0103 structura BPN al PSD, Opri\u015fan a replicat: \u201eDac\u0103 se impune alegerea unui nou Birou permanent \u00een cadrul Congresului, da, f\u0103r\u0103 nicio problem\u0103\u201d.<\/p>\n<p data-index=\"5\">Biroul Permanent Na\u0163ional al PSD are loc la aceast\u0103 or\u0103 \u015fi ar urma s\u0103 fie stabilit\u0103 data Congresului extraordinar al partidului.<\/p>\n<p data-index=\"6\">Social-democra\u0163ii au votat, \u00een urm\u0103 cu o s\u0103pt\u0103m\u00e2n\u0103, \u00een \u015fedin\u0163a Comitetului Executiv Na\u0163ional al PSD, ca \u00een 10 sau \u00een 17 martie s\u0103 aib\u0103 loc Congresul extraordinar al PSD cerut de liderul partidului, Liviu Dragnea.<\/p>\n<p data-index=\"7\">Anun\u0163ul organiz\u0103rii Congresului extraordinar al PSD a fost f\u0103cut de Liviu Dragnea chiar \u00eenaintea \u015fedin\u0163ei Comitetului Executiv, el spun\u00e2nd c\u0103 vrea organizarea \u00een martie a acestui congres, la care va cere \u015fi un vot de reconfirmare a sa ca lider al PSD.<\/p>\n<\/div>\n<p> Source URL: https:\/\/www.digi24.ro\/stiri\/actualitate\/politica\/congresul-psd-marian-oprisan-acum-candidez-882377<\/p>\n","protected":false},"excerpt":{"rendered":"<p>Pre\u015fedintele PSD Vrancea, Marian Opri\u015fan, a anun\u0163at miercuri, \u00eenainte \u015fedin\u0163ei Biroului Permanent Na\u0163ional al partidului, c\u0103 va candida pentru o func\u0163ie de conducere \u00een partid la Congresul din martie, deoarece \u00een 2015 nu a f\u0103cut-o pentru c\u0103 avea un dosar penal. Surs\u0103: Facebook \u201eS\u0103 vedem ce stabilim \u00een organele statutare ale PSD, \u00een Biroul Permanent, [&hellip;]<\/p>\n","protected":false},"author":1,"featured_media":123395,"comment_status":"open","ping_status":"","sticky":false,"template":"","format":"standard","meta":{"footnotes":""},"categories":[2],"tags":[11],"class_list":["post-123394","post","type-post","status-publish","format-standard","has-post-thumbnail","hentry","category-politics","tag-digi24"],"_links":{"self":[{"href":"https:\/\/analyse.optim.biz\/index.php?rest_route=\/wp\/v2\/posts\/123394","targetHints":{"allow":["GET"]}}],"collection":[{"href":"https:\/\/analyse.optim.biz\/index.php?rest_route=\/wp\/v2\/posts"}],"about":[{"href":"https:\/\/analyse.optim.biz\/index.php?rest_route=\/wp\/v2\/types\/post"}],"author":[{"embeddable":true,"href":"https:\/\/analyse.optim.biz\/index.php?rest_route=\/wp\/v2\/users\/1"}],"replies":[{"embeddable":true,"href":"https:\/\/analyse.optim.biz\/index.php?rest_route=%2Fwp%2Fv2%2Fcomments&post=123394"}],"version-history":[{"count":0,"href":"https:\/\/analyse.optim.biz\/index.php?rest_route=\/wp\/v2\/posts\/123394\/revisions"}],"wp:featuredmedia":[{"embeddable":true,"href":"https:\/\/analyse.optim.biz\/index.php?rest_route=\/wp\/v2\/media\/123395"}],"wp:attachment":[{"href":"https:\/\/analyse.optim.biz\/index.php?rest_route=%2Fwp%2Fv2%2Fmedia&parent=123394"}],"wp:term":[{"taxonomy":"category","embeddable":true,"href":"https:\/\/analyse.optim.biz\/index.php?rest_route=%2Fwp%2Fv2%2Fcategories&post=123394"},{"taxonomy":"post_tag","embeddable":true,"href":"https:\/\/analyse.optim.biz\/index.php?rest_route=%2Fwp%2Fv2%2Ftags&post=123394"}],"curies":[{"name":"wp","href":"https:\/\/api.w.org\/{rel}","templated":true}]}}