{"id":123391,"date":"2018-02-21T17:09:14","date_gmt":"2018-02-21T14:09:14","guid":{"rendered":"https:\/\/analyse.optim.biz\/?p=123391"},"modified":"2018-02-21T17:09:14","modified_gmt":"2018-02-21T14:09:14","slug":"oficial-congresul-psd-va-avea-loc-pe-10-martie","status":"publish","type":"post","link":"https:\/\/analyse.optim.biz\/?p=123391","title":{"rendered":"Oficial. Congresul PSD va avea loc pe 10 martie"},"content":{"rendered":"<div class=\"entry data-app-meta data-app-meta-article\" data-embed-base-url-canonical=\"https:\/\/www.digi24.ro\/embed\/stiri\/actualitate\/politica\/oficial-congresul-psd-va-avea-loc-pe-10-martie-882394\">\n<p data-index=\"1\"><strong>Biroul Permanent Na\u021bional al PSD a decis s\u0103 fie organizat congresul extraordinar al partidului pe 10 martie. \u00cen \u0219edin\u021ba de miercuri, social-democra\u021bii au discutat despre votul de reconfirmare cerut de Liviu Dragnea.<\/strong><\/p>\n<figure class=\"article-thumb\"><img decoding=\"async\" src=\"https:\/\/analyse.optim.biz\/wp-content\/uploads\/2024\/09\/ad02nzc2odc3mjewzdhhymi2nzg0odq4ntuxnzu1ywjlyg-thumb_.jpg\" alt=\"rovana neacsu viorica dragnea 180122_CEXn_PSD_003_INQUAM_Photos_Octav_Ganea\" data-skip-htmlfix=\"1\" title=\"ad02nzc2odc3mjewzdhhymi2nzg0odq4ntuxnzu1ywjlyg-thumb_\"><figcaption> Surs\u0103 foto: INQUAM PHOTOS \/ Octav Ganea <\/figcaption><\/figure>\n<p data-index=\"2\">Anun\u0163ul privind data Congresului a fost f\u0103cut de purt\u0103torul de cuv\u00e2nt al PSD, Adrian Dobre, la finalul Biroului Permanent Na\u0163ional al partidului.<\/p>\n<p data-index=\"3\">Congresul PSD va avea loc la Sala Palatului.<\/p>\n<p data-index=\"4\">Fiecare filial\u0103 va trimite, p\u00e2n\u0103 atunci, la centru, propunerile de modificare a Statutului PSD. De\u0219i era vehiculat\u0103, p\u00e2n\u0103 acum, ideea \u00eendulcirii criteriilor de integritate, social-democra\u021bii spun, acum, c\u0103 nu se va \u00eent\u00e2mpla acest lucru.<\/p>\n<p data-index=\"5\">C\u00e2t prive\u0219te stabilirea unei noi formule de conducere a PSD, Viorica D\u0103ncil\u0103 ar putea intra, \u00een calitatea de premier, \u00een BPN al PSD.<\/p>\n<p data-index=\"6\">Vicepre\u0219edintele PSD Ecaterina Andronescu a sus\u021binut, la \u00eencheierea \u0219edin\u021bei BPN al PSD, c\u0103 s-a discutat miercuri despre un vot de reconfirmare pentru Liviu Dragnea.<\/p>\n<p data-index=\"7\">\u201e<strong>Statutul vorbe\u0219te de un mandat de 4 ani. Dac\u0103 domnia sa consider\u0103 c\u0103 este nevoie de confirmare, eu nu consider<\/strong>\u201d, a declarat Andronescu.<\/p>\n<p data-index=\"8\">\u00centrebat\u0103 dac\u0103 ar trebui s\u0103 se discute \u0219i despre candidatul la Pre\u0219edin\u021bie al PSD, senatorul social-democrat a r\u0103spuns: \u201e<strong>Cred c\u0103 este corect s\u0103 vin\u0103 cu o propunere de candidat, nu neap\u0103rat \u00een acest an<\/strong>\u201d.<\/p>\n<p data-index=\"9\">C\u00e2t despre posibilitatea ca Liviu Dragnea s\u0103 fie desemnat candidat al PSD pentru alegerile preziden\u021biale din 2019, \u00een ciuda condamn\u0103rii penale pe care o are, Andronescu a sus\u021binut c\u0103, \u201edeocamdat\u0103\u201d, condamnarea din dosarul \u201eReferendumul\u201d este sub semnul \u00eentreb\u0103rii, ca urmare a faptului c\u0103 motivarea deciziei nu a fost semnat\u0103 de magistra\u021bii care au judecat cauza.<\/p>\n<p data-index=\"10\"><a href=\"https:\/\/www.digi24.ro\/stiri\/actualitate\/politica\/congresul-psd-marian-oprisan-acum-candidez-882377\" data-skip-linkfix=\"1\">Pre\u015fedintele PSD Vrancea, Marian Opri\u015fan, a anun\u0163at miercuri, \u00eenainte \u015fedin\u0163ei Biroului Permanent Na\u0163ional al partidului, c\u0103 va candida pentru o func\u0163ie de conducere \u00een partid la Congresul din martie, deoarece \u00een 2015 nu a f\u0103cut-o pentru c\u0103 avea un dosar penal.<\/a><\/p>\n<p data-index=\"11\">Social-democra\u0163ii au votat, \u00een urm\u0103 cu o s\u0103pt\u0103m\u00e2n\u0103, \u00een \u015fedin\u0163a Comitetului Executiv Na\u0163ional al PSD, ca \u00een 10 sau \u00een 17 martie s\u0103 aib\u0103 loc Congresul extraordinar al PSD cerut de liderul partidului, Liviu Dragnea.<\/p>\n<p data-index=\"12\">Anun\u0163ul organiz\u0103rii Congresului extraordinar al PSD a fost f\u0103cut de Liviu Dragnea chiar \u00eenaintea \u015fedin\u0163ei Comitetului Executiv, el spun\u00e2nd c\u0103 vrea organizarea \u00een martie a acestui congres, la care va cere \u015fi un vot de reconfirmare a sa ca lider al PSD.<\/p>\n<p data-index=\"13\">\u201eLa acest congres, \u015fi cei care au f\u0103cut scrisori s\u0103 le afirme \u015fi s\u0103 le sus\u0163in\u0103\u201d, a mai afirmat liderul PSD.<\/p>\n<p data-index=\"14\">Dragnea a precizat c\u0103 la acest congres nu va fi desemnat \u015fi candidatul partidului la Pre\u015fedin\u0163ie.<\/p>\n<p data-index=\"15\">El a spus \u00eens\u0103 c\u0103 va fi redefinit programul de guvernare.<\/p>\n<p data-index=\"16\">\u201eVreau s\u0103 redefinim programul de guvernare, vreau s\u0103 eliber\u0103m societatea rom\u00e2neasc\u0103 de presiunile pe care le pun grupurile ilegitime, s\u0103 ne implic\u0103m \u00een democratizarea societ\u0103\u0163ii rom\u00e2ne\u015fti, vreau s\u0103 angaj\u0103m PSD \u00een cel mai ambi\u0163ios program de dezvoltare pe termen lung\u201d, a declarat Liviu Dragnea.<\/p>\n<p data-index=\"17\">Pre\u015fedintele PSD Vrancea, Marian Opri\u015fan, a afirmat atunci c\u0103 la Congresul extraordinar din martie social-democra\u0163ii vor s\u0103 lanseze un apel c\u0103tre toat\u0103 Rom\u00e2nia prin care s\u0103 anun\u0163e \u201eun proiect de \u0163ar\u0103 pe 25 de ani\u201d. El a mai afirmat c\u0103 Liviu Dragnea nu are nevoie de o reconfirmare \u00een func\u0163ia de pre\u015fedinte, deoarece asta se face doar la finalul mandatului.<\/p>\n<p data-index=\"18\">Conform Statutului PSD. Congresul Extraordinar se convoac\u0103 la solicitarea Comitetului Executiv Na\u0163ional, a Grupurilor Parlamentare ale PSD din cele dou\u0103 Camere sau a cel pu\u0163in 16 organiza\u0163ii jude\u0163ene \/ de sector ale PSD.<\/p>\n<p data-index=\"19\">Congresul Extraordinar al PSD este alc\u0103tuit din delega\u0163i ale\u015fi de c\u0103tre Conferin\u0163ele extraordinare ale organiza\u0163iilor jude\u0163ene \u015fi a municipiului Bucure\u015fti, conform Normei de reprezentare prev\u0103zut\u0103 \u00een statut.<\/p>\n<p data-index=\"20\">Congresul Extraordinar al PSD se convoac\u0103 pentru exercitarea atribu\u0163iilor statutare, precum \u015fi pentru urm\u0103toarele situa\u0163ii: \u00een cazul organiz\u0103rii alegerilor locale, parlamentare, europarlamentare sau preziden\u0163iale, la termen sau anticipate, pentru preg\u0103tirea acestora sau evaluarea rezultatelor; pentru modificarea Statutului PSD sau a Programului Politic al partidului; \u00een situa\u0163ii deosebite.<\/p>\n<\/div>\n<p> Source URL: https:\/\/www.digi24.ro\/stiri\/actualitate\/politica\/oficial-congresul-psd-va-avea-loc-pe-10-martie-882394<\/p>\n","protected":false},"excerpt":{"rendered":"<p>Biroul Permanent Na\u021bional al PSD a decis s\u0103 fie organizat congresul extraordinar al partidului pe 10 martie. \u00cen \u0219edin\u021ba de miercuri, social-democra\u021bii au discutat despre votul de reconfirmare cerut de Liviu Dragnea. Surs\u0103 foto: INQUAM PHOTOS \/ Octav Ganea Anun\u0163ul privind data Congresului a fost f\u0103cut de purt\u0103torul de cuv\u00e2nt al PSD, Adrian Dobre, la [&hellip;]<\/p>\n","protected":false},"author":1,"featured_media":123392,"comment_status":"open","ping_status":"","sticky":false,"template":"","format":"standard","meta":{"footnotes":""},"categories":[2],"tags":[11],"class_list":["post-123391","post","type-post","status-publish","format-standard","has-post-thumbnail","hentry","category-politics","tag-digi24"],"_links":{"self":[{"href":"https:\/\/analyse.optim.biz\/index.php?rest_route=\/wp\/v2\/posts\/123391","targetHints":{"allow":["GET"]}}],"collection":[{"href":"https:\/\/analyse.optim.biz\/index.php?rest_route=\/wp\/v2\/posts"}],"about":[{"href":"https:\/\/analyse.optim.biz\/index.php?rest_route=\/wp\/v2\/types\/post"}],"author":[{"embeddable":true,"href":"https:\/\/analyse.optim.biz\/index.php?rest_route=\/wp\/v2\/users\/1"}],"replies":[{"embeddable":true,"href":"https:\/\/analyse.optim.biz\/index.php?rest_route=%2Fwp%2Fv2%2Fcomments&post=123391"}],"version-history":[{"count":0,"href":"https:\/\/analyse.optim.biz\/index.php?rest_route=\/wp\/v2\/posts\/123391\/revisions"}],"wp:featuredmedia":[{"embeddable":true,"href":"https:\/\/analyse.optim.biz\/index.php?rest_route=\/wp\/v2\/media\/123392"}],"wp:attachment":[{"href":"https:\/\/analyse.optim.biz\/index.php?rest_route=%2Fwp%2Fv2%2Fmedia&parent=123391"}],"wp:term":[{"taxonomy":"category","embeddable":true,"href":"https:\/\/analyse.optim.biz\/index.php?rest_route=%2Fwp%2Fv2%2Fcategories&post=123391"},{"taxonomy":"post_tag","embeddable":true,"href":"https:\/\/analyse.optim.biz\/index.php?rest_route=%2Fwp%2Fv2%2Ftags&post=123391"}],"curies":[{"name":"wp","href":"https:\/\/api.w.org\/{rel}","templated":true}]}}