{"id":123388,"date":"2018-02-21T18:01:23","date_gmt":"2018-02-21T15:01:23","guid":{"rendered":"https:\/\/analyse.optim.biz\/?p=123388"},"modified":"2018-02-21T18:01:23","modified_gmt":"2018-02-21T15:01:23","slug":"dragnea-intrebat-ce-asteapta-de-la-toader-sa-nu-se-faca-de-ras","status":"publish","type":"post","link":"https:\/\/analyse.optim.biz\/?p=123388","title":{"rendered":"Dragnea, \u00eentrebat ce a\u0219teapt\u0103 de la Toader: \u201eS\u0103 nu se fac\u0103 de r\u00e2s\u201d"},"content":{"rendered":"<div class=\"entry data-app-meta data-app-meta-article\" data-embed-base-url-canonical=\"https:\/\/www.digi24.ro\/embed\/stiri\/actualitate\/politica\/dragnea-intrebat-ce-asteapta-de-la-toader-sa-nu-se-faca-de-ras-882434\">\n<p data-index=\"1\"><strong>Pre\u015fedintele PSD, Liviu Dragnea, a declarat c\u0103 \u00een \u015fedin\u0163a de miercuri a social-democra\u0163ilor nu s-a discutat despre situa\u0163ia din Justi\u0163ie, dar a spus c\u0103 a\u015fteapt\u0103 de la ministrul Tudorel Toader s\u0103 nu se fac\u0103 de r\u00e2s.<\/strong><\/p>\n<figure class=\"article-thumb\"><img decoding=\"async\" src=\"https:\/\/analyse.optim.biz\/wp-content\/uploads\/2024\/09\/mzhiztqwmmfmndvhyzkwotu1zjlhownjm2vioq-thumb_.jpg\" alt=\"tudorel toader gov ro\" data-skip-htmlfix=\"1\" title=\"mzhiztqwmmfmndvhyzkwotu1zjlhownjm2vioq-thumb_\"><figcaption> Surs\u0103 foto: gov.ro <\/figcaption><\/figure>\n<p data-index=\"2\">\u201eS\u0103 nu se fac\u0103 de r\u00e2s\u201d, a r\u0103spuns Dragnea, \u00eentrebat, dup\u0103 \u015fedin\u0163a BPN al PSD, ce a\u015ftept\u0103ri are de la ministrul Justi\u0163iei.<\/p>\n<p data-index=\"3\">Pre\u015fedintele PSD a declarat, mar\u0163i, c\u0103 ministrul Justi\u0163iei, Tudorel Toader, \u201ene-a anun\u0163at c\u0103 ne va anun\u0163a c\u0103 joi face ceva\u201d \u015fi c\u0103 el a\u015fteapt\u0103 p\u00e2n\u0103 joi.<\/p>\n<p data-index=\"4\">\u00cen leg\u0103tur\u0103 cu raportul pe care ministrul Justi\u0163iei spunea c\u0103 \u00eel va prezenta \u00een Parlament, Liviu Dragnea a precizat: \u201eEu am \u00een\u0163eles de la domnul Toader, din conferin\u0163a de pres\u0103, c\u0103 sunt dou\u0103 chestiuni distincte, \u015fi anume: raportul pe care ministrul Justi\u0163iei \u00eel face despre activitatea Ministerului Public \u00een ansamblu \u015fi pe care este obligat prin lege s\u0103 \u00eel prezinte \u00een Parlament \u015fi al doilea subiect este legat de un eventual punct de vedere fa\u0163\u0103 de situa\u0163ia de la DNA, care nu are leg\u0103tur\u0103 cu raportul care va fi prezentat \u00een Parlament, nu \u015ftiu c\u00e2nd\u201d.<\/p>\n<p data-index=\"5\">\u00cen ceea ce prive\u015fte situa\u0163ia de la DNA, liderul PSD a spus c\u0103, \u00een mod categoric, Tudorel Toader nu va fi chemat \u00een coali\u0163ie pe acest subiect.<\/p>\n<p data-index=\"6\">\u201eTocmai ne-a anun\u0163at c\u0103 ne va anun\u0163a c\u0103 joi face ceva. A\u015ftept\u0103m p\u00e2n\u0103 joi. N-a\u0163i auzit c\u0103 nu \u015ftiu ce blat am eu cu sistemul?\u201d, a mai declarat Liviu Dragnea.<\/p>\n<p data-index=\"7\">\u00centrebat dac\u0103, \u00een cazul \u00een care nu va lua joi o decizie privind DNA, Tudorel Toader risc\u0103 s\u0103-\u015fi piard\u0103 sprijinul \u00een Guvern, Dragnea a evitat un r\u0103spuns. \u201eNu vre\u0163i s\u0103 a\u015ftept\u0103m ziua de joi?\u201d, a replicat el.<\/p>\n<p data-index=\"8\">Chestionat dac\u0103 el personal este mul\u0163umit de activitatea ministrului Justi\u0163iei, liderul PSD a r\u0103spuns: \u201eDa\u201d.<\/p>\n<p data-index=\"9\">Tudorel Toader a anun\u0163at c\u0103 joi, la ora 18.00, va prezenta, la sediul Ministerului Justi\u0163iei, Raportul privind activitatea managerial\u0103 la DNA. Ministrul Justi\u0163iei afirma c\u0103\u00a0\u00een aceast\u0103 s\u0103pt\u0103m\u00e2n\u0103 va prezenta \u015fi \u00een Parlament raportul de activitatea a DNA, DIICOT \u015fi Ministerului Public.\u00a0<\/p>\n<p data-index=\"10\">Scandalul viz\u00e2nd DNA s-a declan\u015fat dup\u0103 ce Antena 3 a difuzat o \u00eenregistrare cu fostul deputat PSD Vlad Cosma, care sus\u0163ine c\u0103 procurorii Mircea Negulescu \u015fi Lucian Onea de la DNA Ploie\u015fti ar fi \u00eencercat s\u0103 fac\u0103 dosare \u00een baza unor &#8220;probe fabricate&#8221; pe numele unor politicieni \u015fi oameni de afaceri, \u00eentre care Sebastian Ghi\u0163\u0103. Vlad Cosma a sus\u0163inut, de asemenea, c\u0103 \u015feful DNA Ploie\u015fti, Lucian Onea, i-ar fi cerut s\u0103 modifice documente \u015fi probe care ar fi fost folosite ulterior \u00een dosar.<\/p>\n<p data-index=\"11\">Procurorul \u015fef al DNA, Laura Codru\u0163a Kovesi, a sus\u0163inut s\u0103pt\u0103m\u00e2na trecut\u0103 o conferin\u0163\u0103 de pres\u0103 \u00een care a afirmat c\u0103 atacul la adresa DNA nu este \u00eent\u00e2mplator \u015fi c\u0103 &#8220;asist\u0103m la un festival disperat al inculpa\u0163ilor&#8221;. \u00centrebat\u0103 dac\u0103 \u00ee\u015fi va da demisia, procurorul \u015fef al DNA a precizat c\u0103 nu are niciun motiv s\u0103 demisoneze, pentru c\u0103 a respectat legea \u00een tot ceea ce a f\u0103cut.\u00a0<\/p>\n<\/div>\n<p> Source URL: https:\/\/www.digi24.ro\/stiri\/actualitate\/politica\/dragnea-intrebat-ce-asteapta-de-la-toader-sa-nu-se-faca-de-ras-882434<\/p>\n","protected":false},"excerpt":{"rendered":"<p>Pre\u015fedintele PSD, Liviu Dragnea, a declarat c\u0103 \u00een \u015fedin\u0163a de miercuri a social-democra\u0163ilor nu s-a discutat despre situa\u0163ia din Justi\u0163ie, dar a spus c\u0103 a\u015fteapt\u0103 de la ministrul Tudorel Toader s\u0103 nu se fac\u0103 de r\u00e2s. Surs\u0103 foto: gov.ro \u201eS\u0103 nu se fac\u0103 de r\u00e2s\u201d, a r\u0103spuns Dragnea, \u00eentrebat, dup\u0103 \u015fedin\u0163a BPN al PSD, ce [&hellip;]<\/p>\n","protected":false},"author":1,"featured_media":123389,"comment_status":"open","ping_status":"","sticky":false,"template":"","format":"standard","meta":{"footnotes":""},"categories":[2],"tags":[11],"class_list":["post-123388","post","type-post","status-publish","format-standard","has-post-thumbnail","hentry","category-politics","tag-digi24"],"_links":{"self":[{"href":"https:\/\/analyse.optim.biz\/index.php?rest_route=\/wp\/v2\/posts\/123388","targetHints":{"allow":["GET"]}}],"collection":[{"href":"https:\/\/analyse.optim.biz\/index.php?rest_route=\/wp\/v2\/posts"}],"about":[{"href":"https:\/\/analyse.optim.biz\/index.php?rest_route=\/wp\/v2\/types\/post"}],"author":[{"embeddable":true,"href":"https:\/\/analyse.optim.biz\/index.php?rest_route=\/wp\/v2\/users\/1"}],"replies":[{"embeddable":true,"href":"https:\/\/analyse.optim.biz\/index.php?rest_route=%2Fwp%2Fv2%2Fcomments&post=123388"}],"version-history":[{"count":0,"href":"https:\/\/analyse.optim.biz\/index.php?rest_route=\/wp\/v2\/posts\/123388\/revisions"}],"wp:featuredmedia":[{"embeddable":true,"href":"https:\/\/analyse.optim.biz\/index.php?rest_route=\/wp\/v2\/media\/123389"}],"wp:attachment":[{"href":"https:\/\/analyse.optim.biz\/index.php?rest_route=%2Fwp%2Fv2%2Fmedia&parent=123388"}],"wp:term":[{"taxonomy":"category","embeddable":true,"href":"https:\/\/analyse.optim.biz\/index.php?rest_route=%2Fwp%2Fv2%2Fcategories&post=123388"},{"taxonomy":"post_tag","embeddable":true,"href":"https:\/\/analyse.optim.biz\/index.php?rest_route=%2Fwp%2Fv2%2Ftags&post=123388"}],"curies":[{"name":"wp","href":"https:\/\/api.w.org\/{rel}","templated":true}]}}