{"id":123377,"date":"2018-02-21T18:10:18","date_gmt":"2018-02-21T15:10:18","guid":{"rendered":"https:\/\/analyse.optim.biz\/?p=123377"},"modified":"2018-02-21T18:10:18","modified_gmt":"2018-02-21T15:10:18","slug":"juncker-sper-ca-ciclul-schimbarilor-de-premier-se-va-opri","status":"publish","type":"post","link":"https:\/\/analyse.optim.biz\/?p=123377","title":{"rendered":"Juncker: Sper c\u0103 ciclul schimb\u0103rilor de premier se va opri"},"content":{"rendered":"<div class=\"entry data-app-meta data-app-meta-article\" data-embed-base-url-canonical=\"https:\/\/www.digi24.ro\/embed\/stiri\/actualitate\/politica\/juncker-sper-ca-ciclul-schimbarilor-de-premier-se-va-opri-882438\">\n<p data-index=\"1\"><strong><span lang=\"ro-RO\">Pre\u0219edintele Comisiei Europene, Jean Claude Juncker, a glumit pe seama deselor schimb\u0103ri de Guvern din Rom\u00e2nia. S-a \u00eent\u00e2mplat dup\u0103 o \u00eent\u00e2lnire avut\u0103 la Bruxelles cu \u0219efa noului Executiv de la Bucure\u0219ti, Viorica D\u0103ncil\u0103.<\/span><\/strong><\/p>\n<p data-index=\"2\">\u201e<span lang=\"ro-RO\">Doamna premier a fost europarlamentar timp de 9 ani, a\u0219a c\u0103 Europa nu are niciun fel de secret pentru doamna premier. E al 5-lea prim-ministru pe care \u00eel \u00eent\u00e2mpin aici de la \u00eenceputul mandatului meu \u0219i sper c\u0103 acest ciclu se va opri \u0219i c\u0103 doamna prim-ministru va r\u0103m\u00e2ne mai mult timp \u00een func\u021bie pentru c\u0103 nu mai \u0219tiu unde pleac\u0103 toat\u0103 lumea cu care m\u0103 \u00eent\u00e2lnesc, ca prim-ministru\u201d, a spus Juncker.<\/span><\/p>\n<\/div>\n<p> Source URL: https:\/\/www.digi24.ro\/stiri\/actualitate\/politica\/juncker-sper-ca-ciclul-schimbarilor-de-premier-se-va-opri-882438<\/p>\n","protected":false},"excerpt":{"rendered":"<p>Pre\u0219edintele Comisiei Europene, Jean Claude Juncker, a glumit pe seama deselor schimb\u0103ri de Guvern din Rom\u00e2nia. S-a \u00eent\u00e2mplat dup\u0103 o \u00eent\u00e2lnire avut\u0103 la Bruxelles cu \u0219efa noului Executiv de la Bucure\u0219ti, Viorica D\u0103ncil\u0103. \u201eDoamna premier a fost europarlamentar timp de 9 ani, a\u0219a c\u0103 Europa nu are niciun fel de secret pentru doamna premier. E [&hellip;]<\/p>\n","protected":false},"author":1,"featured_media":123378,"comment_status":"open","ping_status":"","sticky":false,"template":"","format":"standard","meta":{"footnotes":""},"categories":[2],"tags":[11],"class_list":["post-123377","post","type-post","status-publish","format-standard","has-post-thumbnail","hentry","category-politics","tag-digi24"],"_links":{"self":[{"href":"https:\/\/analyse.optim.biz\/index.php?rest_route=\/wp\/v2\/posts\/123377","targetHints":{"allow":["GET"]}}],"collection":[{"href":"https:\/\/analyse.optim.biz\/index.php?rest_route=\/wp\/v2\/posts"}],"about":[{"href":"https:\/\/analyse.optim.biz\/index.php?rest_route=\/wp\/v2\/types\/post"}],"author":[{"embeddable":true,"href":"https:\/\/analyse.optim.biz\/index.php?rest_route=\/wp\/v2\/users\/1"}],"replies":[{"embeddable":true,"href":"https:\/\/analyse.optim.biz\/index.php?rest_route=%2Fwp%2Fv2%2Fcomments&post=123377"}],"version-history":[{"count":0,"href":"https:\/\/analyse.optim.biz\/index.php?rest_route=\/wp\/v2\/posts\/123377\/revisions"}],"wp:featuredmedia":[{"embeddable":true,"href":"https:\/\/analyse.optim.biz\/index.php?rest_route=\/wp\/v2\/media\/123378"}],"wp:attachment":[{"href":"https:\/\/analyse.optim.biz\/index.php?rest_route=%2Fwp%2Fv2%2Fmedia&parent=123377"}],"wp:term":[{"taxonomy":"category","embeddable":true,"href":"https:\/\/analyse.optim.biz\/index.php?rest_route=%2Fwp%2Fv2%2Fcategories&post=123377"},{"taxonomy":"post_tag","embeddable":true,"href":"https:\/\/analyse.optim.biz\/index.php?rest_route=%2Fwp%2Fv2%2Ftags&post=123377"}],"curies":[{"name":"wp","href":"https:\/\/api.w.org\/{rel}","templated":true}]}}