{"id":123366,"date":"2018-02-21T19:15:39","date_gmt":"2018-02-21T16:15:39","guid":{"rendered":"https:\/\/analyse.optim.biz\/?p=123366"},"modified":"2018-02-21T19:15:39","modified_gmt":"2018-02-21T16:15:39","slug":"claudiu-manda-sri-a-cules-informatii-despre-klaus-iohannis","status":"publish","type":"post","link":"https:\/\/analyse.optim.biz\/?p=123366","title":{"rendered":"Claudiu Manda: SRI a cules informa\u0163ii despre Klaus Iohannis"},"content":{"rendered":"<div class=\"entry data-app-meta data-app-meta-article\" data-embed-base-url-canonical=\"https:\/\/www.digi24.ro\/embed\/stiri\/actualitate\/politica\/claudiu-manda-sri-a-cules-informatii-despre-klaus-iohannis-882459\">\n<p data-index=\"1\"><strong><span lang=\"ro-RO\">SRI a cules informa\u0163ii despre pre\u015fedintele Klaus Iohannis, pe vremea c\u00e2nd acesta era primarul Sibiului. Datele care vizau o posibil\u0103 incompatibilitate au ajuns ulteior la ANI, spune pre\u015fedintele comisiei de control a SRI, Claudiu <\/span><span lang=\"ro-RO\">Manda. Acesta atrage aten\u0163ia c\u0103 aceste informa\u0163ii au ajuns la Agen\u0163ia Na\u0163ional\u0103 de Integritate chiar \u00een ziua \u00een care Klaus Iohannis s-a \u00eenscris \u00een PNL.<\/span><\/strong><\/p>\n<p data-index=\"2\">\u201eInformarea, nota aceasta a plecat de la SRI c\u0103tre Agen\u0163ia Na\u0163ional\u0103 de Integritate pe data de 20 februarie 2013. Surprinz\u0103tor sau nu, exact \u00een ziua \u00een care domnul Klaus Iohannis devenea membru al PNL, iar la trei zile dup\u0103 dl Klaus Iohannis devenea prim-vicepre\u015fedinte al PNL. Elementele pe care cei de la SRI le-au transmis c\u0103tre ANI, ca fiind posibile suspiciuni de incompatibilitate sau conflict de interese, erau situa\u0163ii din anii 2010, respectiv 2012\u201d, a spus Claudiu Manda.<\/p>\n<p data-index=\"3\">\u201e<span lang=\"ro-RO\">Am stabilit s\u0103 transmitem c\u0103tre SRI o serie de solicit\u0103ri suplimentare, s\u0103 ne spun\u0103 \u015fi nou\u0103 c\u00e2nd a cules SRI acele informa\u0163ii despre domnul Klaus Iohannis \u015fi dac\u0103 le-a cules \u00eentr-o perioad\u0103 anterioar\u0103 de ce nu le-a transmis la momentul respectiv la care le-a avut, mai ales c\u0103 acele informa\u0163ii sunt din spa\u0163iul public\u201d, a ad\u0103ugat el.<\/span><\/p>\n<\/div>\n<p> Source URL: https:\/\/www.digi24.ro\/stiri\/actualitate\/politica\/claudiu-manda-sri-a-cules-informatii-despre-klaus-iohannis-882459<\/p>\n","protected":false},"excerpt":{"rendered":"<p>SRI a cules informa\u0163ii despre pre\u015fedintele Klaus Iohannis, pe vremea c\u00e2nd acesta era primarul Sibiului. Datele care vizau o posibil\u0103 incompatibilitate au ajuns ulteior la ANI, spune pre\u015fedintele comisiei de control a SRI, Claudiu Manda. Acesta atrage aten\u0163ia c\u0103 aceste informa\u0163ii au ajuns la Agen\u0163ia Na\u0163ional\u0103 de Integritate chiar \u00een ziua \u00een care Klaus Iohannis [&hellip;]<\/p>\n","protected":false},"author":1,"featured_media":123367,"comment_status":"open","ping_status":"","sticky":false,"template":"","format":"standard","meta":{"footnotes":""},"categories":[2],"tags":[11],"class_list":["post-123366","post","type-post","status-publish","format-standard","has-post-thumbnail","hentry","category-politics","tag-digi24"],"_links":{"self":[{"href":"https:\/\/analyse.optim.biz\/index.php?rest_route=\/wp\/v2\/posts\/123366","targetHints":{"allow":["GET"]}}],"collection":[{"href":"https:\/\/analyse.optim.biz\/index.php?rest_route=\/wp\/v2\/posts"}],"about":[{"href":"https:\/\/analyse.optim.biz\/index.php?rest_route=\/wp\/v2\/types\/post"}],"author":[{"embeddable":true,"href":"https:\/\/analyse.optim.biz\/index.php?rest_route=\/wp\/v2\/users\/1"}],"replies":[{"embeddable":true,"href":"https:\/\/analyse.optim.biz\/index.php?rest_route=%2Fwp%2Fv2%2Fcomments&post=123366"}],"version-history":[{"count":0,"href":"https:\/\/analyse.optim.biz\/index.php?rest_route=\/wp\/v2\/posts\/123366\/revisions"}],"wp:featuredmedia":[{"embeddable":true,"href":"https:\/\/analyse.optim.biz\/index.php?rest_route=\/wp\/v2\/media\/123367"}],"wp:attachment":[{"href":"https:\/\/analyse.optim.biz\/index.php?rest_route=%2Fwp%2Fv2%2Fmedia&parent=123366"}],"wp:term":[{"taxonomy":"category","embeddable":true,"href":"https:\/\/analyse.optim.biz\/index.php?rest_route=%2Fwp%2Fv2%2Fcategories&post=123366"},{"taxonomy":"post_tag","embeddable":true,"href":"https:\/\/analyse.optim.biz\/index.php?rest_route=%2Fwp%2Fv2%2Ftags&post=123366"}],"curies":[{"name":"wp","href":"https:\/\/api.w.org\/{rel}","templated":true}]}}