{"id":1233574,"date":"2017-01-01T08:00:33","date_gmt":"2017-01-01T05:00:33","guid":{"rendered":"https:\/\/analyse.optim.biz\/?p=1233574"},"modified":"2017-01-01T08:00:33","modified_gmt":"2017-01-01T05:00:33","slug":"timisoara-uitata-virgil-birou-scriitorul-care-a-documentat-viata-banatenilor-la-mijlocul-secolului-trecut-foto","status":"publish","type":"post","link":"https:\/\/analyse.optim.biz\/?p=1233574","title":{"rendered":"TIMI\u0218OARA UITAT\u0102 Virgil Birou, scriitorul care a documentat via\u021ba b\u0103n\u0103\u021benilor la mijlocul secolului trecut FOTO"},"content":{"rendered":"<article id=\"post-259160\" class=\"post-259160 post type-post status-publish format-standard has-post-thumbnail hentry category-campanii-pressalert category-timisoara-uitata-campanii-pressalert tag-banat tag-debut tag-istorie tag-opera tag-publicist tag-romancier tag-timisoara tag-timisoara-uitata tag-virgil-birou\">\n<div class=\"td-post-header td-pb-padding-side\">\n<div class=\"entry-crumbs\"><span><a title class=\"entry-crumb\" href=\"https:\/\/www.pressalert.ro\/\"><span>Acas\u0103<\/span><\/a><\/span><span><a title=\"Vede\u021bi toate articolele \u00een Campanii PRESSALERT\" class=\"entry-crumb\" href=\"https:\/\/www.pressalert.ro\/category\/campanii-pressalert\/\"><span>Campanii PRESSALERT<\/span><\/a><\/span><span class=\"td-bred-no-url-last\">TIMI\u0218OARA UITAT\u0102 Virgil Birou, scriitorul care a documentat via\u021ba b\u0103n\u0103\u021benilor la mijlocul&#8230;<\/span><\/div>\n<ul class=\"td-category\">\n<li class=\"entry-category\"><a href=\"https:\/\/www.pressalert.ro\/category\/campanii-pressalert\/\">Campanii PRESSALERT<\/a><\/li>\n<li class=\"entry-category\"><a href=\"https:\/\/www.pressalert.ro\/category\/campanii-pressalert\/timisoara-uitata-campanii-pressalert\/\">Timi\u0219oara uitat\u0103<\/a><\/li>\n<\/ul>\n<header>\n<h1 class=\"entry-title\">TIMI\u0218OARA UITAT\u0102 Virgil Birou, scriitorul care a documentat via\u021ba b\u0103n\u0103\u021benilor la mijlocul secolului trecut FOTO<\/h1>\n<div class=\"meta-info\">\n<div class=\"td-post-author-name\">\n<div class=\"td-author-by\">De<\/div>\n<p><a href=\"https:\/\/www.pressalert.ro\/author\/liana-paun\/\">Liana P\u0103un<\/a><\/p>\n<div class=\"td-author-line\"> &#8211; <\/div>\n<\/div>\n<p><span class=\"td-post-date\"><time class=\"entry-date updated td-module-date\" datetime=\"2017-01-01T08:00:33+00:00\">ian. 1, 2017<\/time><\/span><\/p>\n<div class=\"td-post-comments\"><a href=\"https:\/\/www.pressalert.ro\/2017\/01\/timisoara-uitata-virgil-birou-scriitorul-care-documentat-viata-banatenilor-la-mijlocul-secolului-trecut-foto\/#respond\">0<\/a><\/div>\n<\/div>\n<\/header>\n<\/div>\n<div class=\"td-post-sharing td-post-sharing-top td-pb-padding-side\"><span class=\"td-post-share-title\">DISTRIBUI\u021aI<\/span><\/p>\n<div class=\"td-default-sharing \"><a class=\"td-social-sharing-buttons td-social-facebook\" href=\"http:\/\/www.facebook.com\/sharer.php?u=https%3A%2F%2Fwww.pressalert.ro%2F2017%2F01%2Ftimisoara-uitata-virgil-birou-scriitorul-care-documentat-viata-banatenilor-la-mijlocul-secolului-trecut-foto%2F\"><\/p>\n<div class=\"td-social-but-text\">Facebook<\/div>\n<p><\/a><a class=\"td-social-sharing-buttons td-social-twitter\" href=\"https:\/\/twitter.com\/intent\/tweet?text=TIMI%C8%98OARA+UITAT%C4%82+Virgil+Birou%2C+scriitorul+care+a+documentat+via%C8%9Ba+b%C4%83n%C4%83%C8%9Benilor+la+mijlocul+secolului+trecut+FOTO&amp;url=https%3A%2F%2Fwww.pressalert.ro%2F2017%2F01%2Ftimisoara-uitata-virgil-birou-scriitorul-care-documentat-viata-banatenilor-la-mijlocul-secolului-trecut-foto%2F&amp;via=PRESSALERT.ro\"><\/p>\n<div class=\"td-social-but-text\">Twitter<\/div>\n<p><\/a><\/div>\n<\/div>\n<div class=\"td-post-content td-pb-padding-side\">\n<p><img decoding=\"async\" loading=\"lazy\" class=\"aligncenter size-medium wp-image-259163\" src=\"http:\/\/www.pressalert.ro\/wp-content\/uploads\/2016\/12\/3.-bust-virgil-birou-640x480.jpg\" alt width=\"640\" height=\"480\"><\/p>\n<p>Romancierul \u0219i publicistul Virgil Birou s-a n\u0103scut \u00een 11 mai 1903 \u00een comuna c\u0103r\u0103\u0219ean\u0103 Ticvaniu Mare, unde tat\u0103l s\u0103u era \u00eenv\u0103\u021b\u0103tor. A urmat primele clase \u00een comuna natal\u0103 \u0219i apoi la Dumbr\u0103vi\u021ba, iar liceul la Lugoj \u0219i Oravi\u021ba.<\/p>\n<p>Dup\u0103 absolvirea \u0218colii Politehnice din Timi\u0219oara, \u00een 1930, a fost angajat la serviciul tehnic al prim\u0103riei, timp de c\u00e2\u021biva ani a predat la liceul industrial de construc\u021bii, iar din 1938 \u0219i-a desf\u0103\u0219urat activitatea ca inginer la uzina electric\u0103 din Timi\u0219oara, de unde s-a pensionat \u00een 1963. \u00centre anii 1941 \u0219i 1943, c\u00e2nd a fost pre\u0219edinte al Camerei de munc\u0103 din Timi\u0219oara, a ini\u021biat \u201eS\u0103pt\u0103m\u00e2na b\u0103n\u0103\u021bean\u0103\u201d la Bucure\u0219ti \u0219i a organizat prima expozi\u021bie a produselor me\u0219te\u0219ug\u0103re\u0219ti b\u0103n\u0103\u021bene.<\/p>\n<h3>Colaborator al revistei \u201eVrerea\u201d<\/h3>\n<p>Numele s\u0103u a r\u0103mas legat mai ales de mi\u0219carea cultural\u0103 \u0219i economic\u0103 a Banatului din anii interbelici. \u00cen 1930 a organizat prima expozi\u021bie de carte, art\u0103 plastic\u0103 \u0219i grafic\u0103 rom\u00e2neasc\u0103 din Banat, iar \u00een 1932 a debutat \u00een revista \u201eVrerea\u201d, \u00eenfiin\u021bat\u0103 \u00een acela\u0219i an de Ion Stoia Udrea. \u00cen paginile revistei a publicat articole pe teme culturale, economice \u0219i sociale legate de Banat, remarc\u00e2ndu-se perintr-o activitate foarte prolific\u0103 \u00een cele dou\u0103 perioade de apari\u021bie ale acesteia.<\/p>\n<p>Totodat\u0103 a colaborat \u0219i la alte reviste, precum \u201eRevista Funda\u021biilor Regale\u201d, \u201eVremea\u201d, \u201eScrisul b\u0103n\u0103\u021bean\u201d sau \u201eOrizont\u201d. Din anul 1936 a fost membru al Asocia\u021biei Scriitorilor Rom\u00e2ni \u00een Banat iar \u00een 1941 a fost ales pre\u0219edinte al acesteia, ca o recunoa\u0219tere a activit\u0103\u021bii sale literare.<\/p>\n<h3>Opera literar\u0103 a lui\u00a0Virgil Birou<\/h3>\n<p>Virgil Birou a publicat, de asemenea, volume de reportaje inspirate de via\u021ba b\u0103n\u0103\u021benilor: \u201eOameni \u0219i locuri din C\u0103ra\u0219\u201d, care reprezint\u0103 debutul s\u0103u literar \u00een 1940, sau \u201eDrumuri \u0219i popasuri b\u0103n\u0103\u021bene\u201d, ap\u0103rut \u00een 1962, volume \u00een care a surprins cu mult talent, dar \u0219i cu precizie inginereasc\u0103 particularit\u0103\u021bile locurilor \u0219i a conturat memorabile portrete. A scris romanul monografic cu influen\u021be naturaliste \u201eLume f\u0103r\u0103 cer\u201d, publicat \u00een 1947, al c\u0103rui loc de desf\u0103\u0219urare este lumea provincial\u0103 a ora\u0219ului minier Anina din anii dinaintea \u0219i din timpul primului r\u0103zboi mondial, \u00een care scriitorul pune accent pe problemele sociale, na\u021bionale \u0219i religioase din acei ani.<\/p>\n<p>Virgil Birou este \u0219i autorul unui volum dedicat vie\u021bii culturale b\u0103n\u0103\u021bene, intitulat \u201eN\u0103zuin\u021be \u0219i realiz\u0103ri. Etape din viea\u021ba cultural\u0103 b\u0103n\u0103\u021bean\u0103\u201d, ap\u0103rut \u00een 1941, precum \u0219i a unui studiu etnografic despre monumentele funerare ortodoxe, \u201eCrucile de piatr\u0103 de pe Valea Cara\u0219ului\u201d, publicat \u00een 1944. \u00cen acela\u0219i an a publicat volumul \u201ePoezia nou\u0103 b\u0103n\u0103\u021bean\u0103\u201d, o antologie a unui grup de tineri poe\u021bi b\u0103n\u0103\u021beni, c\u0103rora le-a dedicat \u0219i un studiu introductiv. Lui Virgil Birou \u00eei apar\u021bine \u0219i nuvela \u201eOglinda lui Mo\u0219 Ion St\u0103van\u201d, cu desene de Catul Bogdan, ap\u0103rut\u0103 \u00een 1946. A fost pasionat, de asemenea, de arta fotografic\u0103 \u0219i a participat la mai multe concursuri de fotografie. Dou\u0103 lucr\u0103ri ale sale, \u201eIstoria mineritului b\u0103n\u0103\u021bean\u201d \u0219i \u201eCartea pe\u0219terii\u201d, r\u0103mase neterminate, s-au p\u0103strat \u00een manuscris.<\/p>\n<p>S-a stins din via\u021b\u0103 \u00een aprilie 1968 \u0219i este \u00eenmorm\u00e2ntat \u00een cimitirul din Calea Buzia\u0219ului. Un bust al prozatorului se afl\u0103 \u00een Parcul Central, iar altul la muzeul militar din Timi\u0219oara.<\/p>\n<p> Pe casa de pe strada Dacilor \u00een care a locuit a fost pus\u0103 o pl\u0103cu\u021b\u0103 comemorativ\u0103.<\/p>\n<div id=\"gallery-2\" class=\"gallery galleryid-259160 gallery-columns-9 gallery-size-thumbnail\">\n<figure class=\"gallery-item\">\n<div class=\"gallery-icon portrait\"><a href=\"https:\/\/www.pressalert.ro\/wp-content\/uploads\/2016\/12\/1.-Virgil-Birou.jpg\"><img decoding=\"async\" loading=\"lazy\" width=\"191\" height=\"258\" src=\"https:\/\/www.pressalert.ro\/wp-content\/uploads\/2016\/12\/1.-Virgil-Birou.jpg\" class=\"attachment-thumbnail size-thumbnail\" alt><\/a><\/div>\n<\/figure>\n<figure class=\"gallery-item\">\n<div class=\"gallery-icon landscape\"><a href=\"https:\/\/www.pressalert.ro\/wp-content\/uploads\/2016\/12\/2.-legitimatie-virgil-birou.jpg\"><img decoding=\"async\" loading=\"lazy\" width=\"280\" height=\"210\" src=\"https:\/\/www.pressalert.ro\/wp-content\/uploads\/2016\/12\/2.-legitimatie-virgil-birou.jpg\" class=\"attachment-thumbnail size-thumbnail\" alt><\/a><\/div>\n<\/figure>\n<figure class=\"gallery-item\">\n<div class=\"gallery-icon portrait\"><a href=\"https:\/\/www.pressalert.ro\/wp-content\/uploads\/2016\/12\/4.-bust-virgil-birou.jpg\"><img decoding=\"async\" loading=\"lazy\" width=\"300\" height=\"300\" src=\"https:\/\/www.pressalert.ro\/wp-content\/uploads\/2016\/12\/4.-bust-virgil-birou-300x300.jpg\" class=\"attachment-thumbnail size-thumbnail\" alt><\/a><\/div>\n<\/figure>\n<figure class=\"gallery-item\">\n<div class=\"gallery-icon landscape\"><a href=\"https:\/\/www.pressalert.ro\/wp-content\/uploads\/2016\/12\/5.-casa-virgil-birou.jpg\"><img decoding=\"async\" loading=\"lazy\" width=\"300\" height=\"300\" src=\"https:\/\/www.pressalert.ro\/wp-content\/uploads\/2016\/12\/5.-casa-virgil-birou-300x300.jpg\" class=\"attachment-thumbnail size-thumbnail\" alt><\/a><\/div>\n<\/figure>\n<figure class=\"gallery-item\">\n<div class=\"gallery-icon landscape\"><a href=\"https:\/\/www.pressalert.ro\/wp-content\/uploads\/2016\/12\/6.-placa-virgil-birou.jpg\"><img decoding=\"async\" loading=\"lazy\" width=\"300\" height=\"300\" src=\"https:\/\/www.pressalert.ro\/wp-content\/uploads\/2016\/12\/6.-placa-virgil-birou-300x300.jpg\" class=\"attachment-thumbnail size-thumbnail\" alt><\/a><\/div>\n<\/figure>\n<figure class=\"gallery-item\">\n<div class=\"gallery-icon landscape\"><a href=\"https:\/\/www.pressalert.ro\/wp-content\/uploads\/2016\/12\/7.-calea-buziasului.jpg\"><img decoding=\"async\" loading=\"lazy\" width=\"300\" height=\"300\" src=\"https:\/\/www.pressalert.ro\/wp-content\/uploads\/2016\/12\/7.-calea-buziasului-300x300.jpg\" class=\"attachment-thumbnail size-thumbnail\" alt><\/a><\/div>\n<\/figure>\n<figure class=\"gallery-item\">\n<div class=\"gallery-icon landscape\"><a href=\"https:\/\/www.pressalert.ro\/wp-content\/uploads\/2016\/12\/8.-volum.jpg\"><img decoding=\"async\" loading=\"lazy\" width=\"235\" height=\"235\" src=\"https:\/\/www.pressalert.ro\/wp-content\/uploads\/2016\/12\/8.-volum.jpg\" class=\"attachment-thumbnail size-thumbnail\" alt><\/a><\/div>\n<\/figure>\n<figure class=\"gallery-item\">\n<div class=\"gallery-icon landscape\"><a href=\"https:\/\/www.pressalert.ro\/wp-content\/uploads\/2016\/12\/9.-volum.jpg\"><img decoding=\"async\" loading=\"lazy\" width=\"235\" height=\"235\" src=\"https:\/\/www.pressalert.ro\/wp-content\/uploads\/2016\/12\/9.-volum.jpg\" class=\"attachment-thumbnail size-thumbnail\" alt><\/a><\/div>\n<\/figure>\n<figure class=\"gallery-item\">\n<div class=\"gallery-icon portrait\"><a href=\"https:\/\/www.pressalert.ro\/wp-content\/uploads\/2016\/12\/10.-imagini-caras.jpg\"><img decoding=\"async\" loading=\"lazy\" width=\"202\" height=\"300\" src=\"https:\/\/www.pressalert.ro\/wp-content\/uploads\/2016\/12\/10.-imagini-caras-202x300.jpg\" class=\"attachment-thumbnail size-thumbnail\" alt><\/a><\/div>\n<\/figure>\n<\/div>\n<p>Surse foto: banaterra.eu, panoramio.com, orizonturiculturale.ro, okazii.ro, enciclopediaromaniei.ro<\/p>\n<\/div>\n<footer>\n<div class=\"td-post-source-tags td-pb-padding-side\">\n<ul class=\"td-tags td-post-small-box clearfix\">\n<li><span>ETICHETE<\/span><\/li>\n<li><a href=\"https:\/\/www.pressalert.ro\/tag\/banat\/\">banat<\/a><\/li>\n<li><a href=\"https:\/\/www.pressalert.ro\/tag\/debut\/\">debut<\/a><\/li>\n<li><a href=\"https:\/\/www.pressalert.ro\/tag\/istorie\/\">istorie<\/a><\/li>\n<li><a href=\"https:\/\/www.pressalert.ro\/tag\/opera\/\">opera<\/a><\/li>\n<li><a href=\"https:\/\/www.pressalert.ro\/tag\/publicist\/\">publicist<\/a><\/li>\n<li><a href=\"https:\/\/www.pressalert.ro\/tag\/romancier\/\">romancier<\/a><\/li>\n<li><a href=\"https:\/\/www.pressalert.ro\/tag\/timisoara\/\">Timisoara<\/a><\/li>\n<li><a href=\"https:\/\/www.pressalert.ro\/tag\/timisoara-uitata\/\">timisoara uitata<\/a><\/li>\n<li><a href=\"https:\/\/www.pressalert.ro\/tag\/virgil-birou\/\">Virgil Birou<\/a><\/li>\n<\/ul>\n<\/div>\n<div class=\"td-post-sharing td-post-sharing-bottom td-pb-padding-side\"><span class=\"td-post-share-title\">DISTRIBUI\u021aI<\/span><\/p>\n<div class=\"td-default-sharing \"><a class=\"td-social-sharing-buttons td-social-facebook\" href=\"http:\/\/www.facebook.com\/sharer.php?u=https%3A%2F%2Fwww.pressalert.ro%2F2017%2F01%2Ftimisoara-uitata-virgil-birou-scriitorul-care-documentat-viata-banatenilor-la-mijlocul-secolului-trecut-foto%2F\"><\/p>\n<div class=\"td-social-but-text\">Facebook<\/div>\n<p><\/a><a class=\"td-social-sharing-buttons td-social-twitter\" href=\"https:\/\/twitter.com\/intent\/tweet?text=TIMI%C8%98OARA+UITAT%C4%82+Virgil+Birou%2C+scriitorul+care+a+documentat+via%C8%9Ba+b%C4%83n%C4%83%C8%9Benilor+la+mijlocul+secolului+trecut+FOTO&amp;url=https%3A%2F%2Fwww.pressalert.ro%2F2017%2F01%2Ftimisoara-uitata-virgil-birou-scriitorul-care-documentat-viata-banatenilor-la-mijlocul-secolului-trecut-foto%2F&amp;via=PRESSALERT.ro\"><\/p>\n<div class=\"td-social-but-text\">Twitter<\/div>\n<p><\/a><\/div>\n<\/div>\n<div class=\"td-block-row td-post-next-prev\">\n<div class=\"td-block-span6 td-post-prev-post\">\n<div class=\"td-post-next-prev-content\"><span>Articolul precedent<\/span><a href=\"https:\/\/www.pressalert.ro\/2017\/01\/retrospectiva-2016-acs-poli-ionut-popa\/\">RETROSPECTIV\u0102 2016 ACS Poli, de la fiasco total la supravie\u021buire cu Popa. Cum p\u0103streaz\u0103 speran\u021be echipa timi\u0219orean\u0103 lovit\u0103 din toate p\u0103r\u021bile<\/a><\/div>\n<\/div>\n<div class=\"td-block-span6 td-post-next-post\">\n<div class=\"td-post-next-prev-content\"><span>Articolul urm\u0103tor<\/span><a href=\"https:\/\/www.pressalert.ro\/2017\/01\/timisorenii-pot-ajunge-cu-trenurile-zapezii-valea-prahovei-sau-vatra-dornei-cum-vor-circula-si-care-sunt-preturile\/\">Timi\u0219orenii pot ajunge cu Trenurile Z\u0103pezii \u00een Valea Prahovei sau Vatra Dornei. Cum vor circula \u0219i care sunt pre\u021burile<\/a><\/div>\n<\/div>\n<\/div>\n<div class=\"author-box-wrap\"><a href=\"https:\/\/www.pressalert.ro\/author\/liana-paun\/\"><img decoding=\"async\" alt src=\"https:\/\/secure.gravatar.com\/avatar\/e237afe71dbb475f2bb6dffeb603d703?s=96&amp;d=mm&amp;r=g\" class=\"avatar avatar-96 photo\" height=\"96\" width=\"96\" loading=\"lazy\"><\/a><\/p>\n<div class=\"desc\">\n<div class=\"td-author-name vcard author\"><span class=\"fn\"><a href=\"https:\/\/www.pressalert.ro\/author\/liana-paun\/\">Liana P\u0103un<\/a><\/span><\/div>\n<div class=\"td-author-url\"><a href=\"http:\/\/www.pressalert.ro\">http:\/\/www.pressalert.ro<\/a><\/div>\n<\/div>\n<\/div>\n<p><span><\/span><span><span><\/span><\/span><span><\/span><\/footer>\n<\/article>\n<p> Source URL: https:\/\/www.pressalert.ro\/2017\/01\/timisoara-uitata-virgil-birou-scriitorul-care-documentat-viata-banatenilor-la-mijlocul-secolului-trecut-foto\/<\/p>\n","protected":false},"excerpt":{"rendered":"<p>Acas\u0103Campanii PRESSALERTTIMI\u0218OARA UITAT\u0102 Virgil Birou, scriitorul care a documentat via\u021ba b\u0103n\u0103\u021benilor la mijlocul&#8230; Campanii PRESSALERT Timi\u0219oara uitat\u0103 TIMI\u0218OARA UITAT\u0102 Virgil Birou, scriitorul care a documentat via\u021ba b\u0103n\u0103\u021benilor la mijlocul secolului trecut FOTO De Liana P\u0103un &#8211; ian. 1, 2017 0 DISTRIBUI\u021aI Facebook Twitter Romancierul \u0219i publicistul Virgil Birou s-a n\u0103scut \u00een 11 mai 1903 \u00een [&hellip;]<\/p>\n","protected":false},"author":1,"featured_media":0,"comment_status":"open","ping_status":"","sticky":false,"template":"","format":"standard","meta":{"footnotes":""},"categories":[89],"tags":[176],"class_list":["post-1233574","post","type-post","status-publish","format-standard","hentry","category-romania","tag-pressalert-ro"],"_links":{"self":[{"href":"https:\/\/analyse.optim.biz\/index.php?rest_route=\/wp\/v2\/posts\/1233574","targetHints":{"allow":["GET"]}}],"collection":[{"href":"https:\/\/analyse.optim.biz\/index.php?rest_route=\/wp\/v2\/posts"}],"about":[{"href":"https:\/\/analyse.optim.biz\/index.php?rest_route=\/wp\/v2\/types\/post"}],"author":[{"embeddable":true,"href":"https:\/\/analyse.optim.biz\/index.php?rest_route=\/wp\/v2\/users\/1"}],"replies":[{"embeddable":true,"href":"https:\/\/analyse.optim.biz\/index.php?rest_route=%2Fwp%2Fv2%2Fcomments&post=1233574"}],"version-history":[{"count":0,"href":"https:\/\/analyse.optim.biz\/index.php?rest_route=\/wp\/v2\/posts\/1233574\/revisions"}],"wp:attachment":[{"href":"https:\/\/analyse.optim.biz\/index.php?rest_route=%2Fwp%2Fv2%2Fmedia&parent=1233574"}],"wp:term":[{"taxonomy":"category","embeddable":true,"href":"https:\/\/analyse.optim.biz\/index.php?rest_route=%2Fwp%2Fv2%2Fcategories&post=1233574"},{"taxonomy":"post_tag","embeddable":true,"href":"https:\/\/analyse.optim.biz\/index.php?rest_route=%2Fwp%2Fv2%2Ftags&post=1233574"}],"curies":[{"name":"wp","href":"https:\/\/api.w.org\/{rel}","templated":true}]}}