{"id":1233563,"date":"2017-01-22T08:08:51","date_gmt":"2017-01-22T05:08:51","guid":{"rendered":"https:\/\/analyse.optim.biz\/?p=1233563"},"modified":"2017-01-22T08:08:51","modified_gmt":"2017-01-22T05:08:51","slug":"timisoara-uitata-ioan-vladea-geniul-industriei-aeronautice-de-la-universitatea-politehnica-vezi-cu-ce-numar-impresionant-de-expresii-a-contribuit-la-lexiconul-tehnic-roman","status":"publish","type":"post","link":"https:\/\/analyse.optim.biz\/?p=1233563","title":{"rendered":"TIMI\u0218OARA UITAT\u0102 Ioan Vl\u0103dea, geniul industriei aeronautice de la Universitatea Politehnic\u0103. Vezi cu ce num\u0103r impresionant de expresii a contribuit la Lexiconul Tehnic Rom\u00e2n"},"content":{"rendered":"<article id=\"post-261313\" class=\"post-261313 post type-post status-publish format-standard has-post-thumbnail hentry category-campanii-pressalert category-stiri category-timisoara-uitata-campanii-pressalert tag-aerodinamica tag-cercetare tag-iar-brasov tag-ioan-vladea tag-lucrari-stiintifice tag-scoala-politehnica tag-studii tag-termotehnica tag-timisoara tag-timisoara-uitata\">\n<div class=\"td-post-header td-pb-padding-side\">\n<div class=\"entry-crumbs\"><span><a title class=\"entry-crumb\" href=\"https:\/\/www.pressalert.ro\/\"><span>Acas\u0103<\/span><\/a><\/span><span><a title=\"Vede\u021bi toate articolele \u00een Campanii PRESSALERT\" class=\"entry-crumb\" href=\"https:\/\/www.pressalert.ro\/category\/campanii-pressalert\/\"><span>Campanii PRESSALERT<\/span><\/a><\/span><span class=\"td-bred-no-url-last\">TIMI\u0218OARA UITAT\u0102 Ioan Vl\u0103dea, geniul industriei aeronautice de la Universitatea Politehnic\u0103. Vezi&#8230;<\/span><\/div>\n<ul class=\"td-category\">\n<li class=\"entry-category\"><a href=\"https:\/\/www.pressalert.ro\/category\/campanii-pressalert\/\">Campanii PRESSALERT<\/a><\/li>\n<li class=\"entry-category\"><a href=\"https:\/\/www.pressalert.ro\/category\/stiri\/\">\u015etiri<\/a><\/li>\n<li class=\"entry-category\"><a href=\"https:\/\/www.pressalert.ro\/category\/campanii-pressalert\/timisoara-uitata-campanii-pressalert\/\">Timi\u0219oara uitat\u0103<\/a><\/li>\n<\/ul>\n<header>\n<h1 class=\"entry-title\">TIMI\u0218OARA UITAT\u0102 Ioan Vl\u0103dea, geniul industriei aeronautice de la Universitatea Politehnic\u0103. Vezi cu ce num\u0103r impresionant de expresii a contribuit la Lexiconul Tehnic Rom\u00e2n<\/h1>\n<div class=\"meta-info\">\n<div class=\"td-post-author-name\">\n<div class=\"td-author-by\">De<\/div>\n<p><a href=\"https:\/\/www.pressalert.ro\/author\/liana-paun\/\">Liana P\u0103un<\/a><\/p>\n<div class=\"td-author-line\"> &#8211; <\/div>\n<\/div>\n<p><span class=\"td-post-date\"><time class=\"entry-date updated td-module-date\" datetime=\"2017-01-22T08:08:51+00:00\">ian. 22, 2017<\/time><\/span><\/p>\n<div class=\"td-post-comments\"><a href=\"https:\/\/www.pressalert.ro\/2017\/01\/timisoara-uitata-ioan-vladea-geniul-industriei-aeronautice-de-la-universitatea-politehnica-vezi-cu-ce-numar-impresionant-de-expresii-contribuit-la-lexiconul-tehnic-roman\/#respond\">0<\/a><\/div>\n<\/div>\n<\/header>\n<\/div>\n<div class=\"td-post-sharing td-post-sharing-top td-pb-padding-side\"><span class=\"td-post-share-title\">DISTRIBUI\u021aI<\/span><\/p>\n<div class=\"td-default-sharing \"><a class=\"td-social-sharing-buttons td-social-facebook\" href=\"http:\/\/www.facebook.com\/sharer.php?u=https%3A%2F%2Fwww.pressalert.ro%2F2017%2F01%2Ftimisoara-uitata-ioan-vladea-geniul-industriei-aeronautice-de-la-universitatea-politehnica-vezi-cu-ce-numar-impresionant-de-expresii-contribuit-la-lexiconul-tehnic-roman%2F\"><\/p>\n<div class=\"td-social-but-text\">Facebook<\/div>\n<p><\/a><a class=\"td-social-sharing-buttons td-social-twitter\" href=\"https:\/\/twitter.com\/intent\/tweet?text=TIMI%C8%98OARA+UITAT%C4%82+Ioan+Vl%C4%83dea%2C+geniul+industriei+aeronautice+de+la+Universitatea+Politehnic%C4%83.+Vezi+cu+ce+num%C4%83r+impresionant+de+expresii+a+contribuit+la+Lexiconul+Tehnic+Rom%C3%A2n&amp;url=https%3A%2F%2Fwww.pressalert.ro%2F2017%2F01%2Ftimisoara-uitata-ioan-vladea-geniul-industriei-aeronautice-de-la-universitatea-politehnica-vezi-cu-ce-numar-impresionant-de-expresii-contribuit-la-lexiconul-tehnic-roman%2F&amp;via=PRESSALERT.ro\"><\/p>\n<div class=\"td-social-but-text\">Twitter<\/div>\n<p><\/a><\/div>\n<\/div>\n<div class=\"td-post-content td-pb-padding-side\">\n<p><img loading=\"lazy\" decoding=\"async\" class=\"alignleft wp-image-261314\" src=\"http:\/\/www.pressalert.ro\/wp-content\/uploads\/2017\/01\/1.-ioan-vladea.jpg\" width=\"320\" height=\"403\">Inginerul care a pus la punct compresorul motorului avionului IAR 80 s-a n\u0103scut \u00een jude\u021bul Bra\u0219ov, la R\u00e2\u0219nov, \u00eentr-o familie de \u021b\u0103rani s\u0103raci. Ioan Vl\u0103dea a urmat clasele primare \u00een localitatea natal\u0103, cu o \u00eentrerupere de un an din cauza r\u0103zboiului, \u0219i, \u00een ciuda dificult\u0103\u021bilor materiale ale familiei, \u0219i-a continuat studiile la liceul \u201eAndrei \u0218aguna\u201d din Bra\u0219ov, pe care l-a absolvit \u00een 1926.<\/p>\n<p>Studiile universitare le-a urmat la Timi\u0219oara, la facultatea de electromecanic\u0103 a \u0218colii Politehnice, pe care a absolvit-o \u00een 1931 ca student al unor profesori deja ilu\u0219tri, precum Valeriu Alaci, Plautius Andronescu \u0219i mul\u021bi al\u021bii. Sub conducerea profesorului Dimitrie Leonida, \u0219i-a sus\u021binut lucrarea de diplom\u0103 \u201eAlimentarea cu energie electric\u0103 a ora\u0219ului Bra\u0219ov\u201d, iar un an mai t\u00e2rziu, la recomandarea Politehnicii timi\u0219orene, a primit o burs\u0103 la \u0218coala Tehnic\u0103 Superioar\u0103 din Aachen (Germania), pentru a se specializa \u00een aerodinamic\u0103.<\/p>\n<h3>Specialist \u00een industria avioanelor<\/h3>\n<p>Sub \u00eendrumarea prof. dr. Hermann Starke \u0219i-a sus\u021binut la universitatea german\u0103, \u00een 1933, teza de doctorat cu tema \u201eDespre influen\u021ba fuselajului (gondolelor de motoare) asupra unor propriet\u0103\u021bi aerodinamice ale aripii\u201d, care a fost publicat\u0103 la Sibiu \u00een 1934 \u0219i \u00een \u201eBulletin Scientifique de l\u2019\u00c9cole Politehnique de Timi\u0219oara\u201d \u00een 1938.<\/p>\n<p>Revenit \u00een \u021bar\u0103, a fost angajat la Industria Aeronautic\u0103 Rom\u00e2n\u0103 Bra\u0219ov, unde a lucrat ca proiectant la celule de avion, la mai multe tipuri de elice \u0219i la motoare de avion, pun\u00e2nd la punct compresoarele de supraalimentare cu ac\u021biune mecanic\u0103 ale celor fabricate la Bra\u0219ov. A fost inginer \u0219ef al serviciului de \u00eencercare a motoarelor \u0219i al celui de fabrica\u021bie al motoarelor, \u0219i director adjunct al fabricii de reparat motoare de avion.<\/p>\n<p>\u00cen primii ani care au urmat celui de-al doilea r\u0103zboi mondial a fost \u0219eful sec\u021biei de reparat vagoane la fabrica de ma\u0219ini \u0219i turn\u0103torie \u201eDumitru Voina\u201d din Bra\u0219ov.<\/p>\n<h3>Ioan Vl\u0103dea, \u00eentemeietorul \u0219colii timi\u0219orene de termotehnic\u0103<\/h3>\n<p>Invitat de prof. univ. Marin B\u0103n\u0103rescu s\u0103 \u021bin\u0103 cursul de motoare <img loading=\"lazy\" decoding=\"async\" class=\"alignright wp-image-261315\" src=\"http:\/\/www.pressalert.ro\/wp-content\/uploads\/2017\/01\/2.-motor-IAR-pus-la-punct-de-prof.-vladea-512x640.jpg\" width=\"320\" height=\"400\">u\u0219oare (de avion), Ioan Vl\u0103dea a acceptat s\u0103 predea la Universitatea Politehnica. Dup\u0103 ce a sus\u021binut examenul de \u0219ef de lucr\u0103ri la disciplina Ma\u0219ini termice pe care l-a predat timp de doi ani f\u0103c\u00e2nd naveta Bra\u0219ov \u2013 Timi\u0219oara, \u00een 1948 a fost numit profesor \u0219i \u0219ef al catedrei de Termotehnic\u0103 nou \u00eenfiin\u021bate, disciplin\u0103 fundamental\u0103 pentru preg\u0103tirea studen\u021bilor de la sec\u021biile Ma\u0219ini termice \u0219i Material rulant, \u0219i s-a stabilit la Timi\u0219oara.<\/p>\n<p> \u0218ase ani mai t\u00e2rziu a fost atestat profesor la aceast\u0103 disciplin\u0103, primind titlul de \u201eDoctor docent \u00een \u0219tiin\u021be tehnice\u201d \u0219i dreptul de a conduce doctorate.<\/p>\n<p>\u00cempreun\u0103 cu colaboratorii s\u0103i, c\u0103rora le-a condus lucr\u0103rile de doctorat \u0219i care au devenit, la r\u00e2ndul lor, cadre didactice la aceast\u0103 catedr\u0103, Ioan Vl\u0103dea a reu\u0219it s\u0103 \u00eentemeieze, la Timi\u0219oara, o adev\u0103rat\u0103 \u0219coal\u0103 de cercetare \u00een domeniu. Pentru merituoasa sa activitate, \u00een anul 1970 a fost distins cu titlul de \u201eProfesor universitar emerit\u201d, iar dup\u0103 pensionare a r\u0103mas profesor consultant \u00een cadrul catedrei, conduc\u00e2nd lucr\u0103ri de doctorat p\u00e2n\u0103 la sf\u00e2r\u0219itul vie\u021bii.<\/p>\n<h3>Cercetare \u0219i lucr\u0103ri \u0219tiin\u021bifice<\/h3>\n<p>Munca sa de cercetare \u00een domeniul industriei aeronautice a fost sintetizat\u0103 \u00een mai multe lucr\u0103ri, precum \u201eCalculul de rezisten\u021b\u0103 al elicelor aeriene\u201d, \u201eEfectul giroscopic asupra elicelor aeriene\u201d \u0219i \u201eCompresorul motorului de avion\u201d, lucrare care a fost distins\u0103 \u00een anul 1940 cu premiul \u201eAdamachi\u201d al Academiei Rom\u00e2ne \u0219i cu premiul I al Cercului Aeronautic Rom\u00e2n. La Timi\u0219oara a elaborat mai multe cursuri universitare de termotehnic\u0103 \u0219i a colaborat la lucr\u0103ri de larg interes tehnic, a realizat traduceri de specialitate \u0219i a contribuit la Lexiconul Tehnic Rom\u00e2n cu aproape 2.000 de expresii.<\/p>\n<p>\u00cen 1953 a publicat lucrarea \u201eTeoria \u0219i calculul turnurilor de r\u0103cire\u201d \u0219i, \u00een calitate de colaborator al Institutului de Studii \u0219i Proiect\u0103ri Energetice \u0219i al Institutului de Cercet\u0103ri \u0219i Moderniz\u0103ri Energetice, a lucrat la studiul turnurilor de r\u0103cire necesare termocentralelor, principala sa direc\u021bie de cercetare fiind domeniul schimbului de c\u0103ldur\u0103 \u0219i mas\u0103. A colaborat, de asemenea, cu Combinatul Siderurgic Re\u0219i\u021ba, \u00een calitate de consilier tehnic, unde a realizat calculul termic \u0219i de rezisten\u021b\u0103 a unui tip de motor Diesel \u0219i a suflantei de turbosupraalimentare a acestuia, iar la Combinatul Siderurgic Hunedoara s-a implicat \u00een probleme privind valorificarea gazelor de furnal \u00een turbine cu gaze.<\/p>\n<p>Rezultatele cercet\u0103rilor din aceste domenii au fost publicate \u00een peste 60 de articole ap\u0103rute \u00een reviste de specialitate ale Politehnicii din Timi\u0219oara, Academiei, reviste str\u0103ine \u0219i \u00een tratatul \u201eInstala\u021bii \u0219i utilaje termice\u201d. Pe l\u00e2ng\u0103 premiul Academiei \u0219i titlul de profesor universitar emerit, a fost distins cu Premiul I al Ministerului \u00cenv\u0103\u021b\u0103m\u00e2ntului \u0219i Culturii pentru lucrarea \u201eManual de termotehnic\u0103\u201d (1963) \u0219i medalia Meritul \u0218tiin\u021bific (1966).<\/p>\n<p>Ioan Vl\u0103dea\u00a0s-a stins din via\u021b\u0103 \u00een 25 noiembrie 1976, la Timi\u0219oara \u0219i este \u00eenmorm\u00e2ntat la cimitirul din Calea \u0218agului.<\/p>\n<p><img loading=\"lazy\" decoding=\"async\" class=\"aligncenter size-medium wp-image-261316\" src=\"http:\/\/www.pressalert.ro\/wp-content\/uploads\/2017\/01\/mormant-calea-sagului-640x524.jpg\" alt width=\"640\" height=\"524\"><\/p>\n<p>Surse foto: wikipedia.org<\/p>\n<\/div>\n<footer>\n<div class=\"td-post-source-tags td-pb-padding-side\">\n<ul class=\"td-tags td-post-small-box clearfix\">\n<li><span>ETICHETE<\/span><\/li>\n<li><a href=\"https:\/\/www.pressalert.ro\/tag\/aerodinamica\/\">aerodinamic\u0103<\/a><\/li>\n<li><a href=\"https:\/\/www.pressalert.ro\/tag\/cercetare\/\">cercetare<\/a><\/li>\n<li><a href=\"https:\/\/www.pressalert.ro\/tag\/iar-brasov\/\">IAR Bra\u0219ov<\/a><\/li>\n<li><a href=\"https:\/\/www.pressalert.ro\/tag\/ioan-vladea\/\">Ioan Vl\u0103dea<\/a><\/li>\n<li><a href=\"https:\/\/www.pressalert.ro\/tag\/lucrari-stiintifice\/\">lucrari stiintifice<\/a><\/li>\n<li><a href=\"https:\/\/www.pressalert.ro\/tag\/scoala-politehnica\/\">\u0218coala Politehnic\u0103<\/a><\/li>\n<li><a href=\"https:\/\/www.pressalert.ro\/tag\/studii\/\">studii<\/a><\/li>\n<li><a href=\"https:\/\/www.pressalert.ro\/tag\/termotehnica\/\">termotehnic\u0103<\/a><\/li>\n<li><a href=\"https:\/\/www.pressalert.ro\/tag\/timisoara\/\">Timisoara<\/a><\/li>\n<li><a href=\"https:\/\/www.pressalert.ro\/tag\/timisoara-uitata\/\">timisoara uitata<\/a><\/li>\n<\/ul>\n<\/div>\n<div class=\"td-post-sharing td-post-sharing-bottom td-pb-padding-side\"><span class=\"td-post-share-title\">DISTRIBUI\u021aI<\/span><\/p>\n<div class=\"td-default-sharing \"><a class=\"td-social-sharing-buttons td-social-facebook\" href=\"http:\/\/www.facebook.com\/sharer.php?u=https%3A%2F%2Fwww.pressalert.ro%2F2017%2F01%2Ftimisoara-uitata-ioan-vladea-geniul-industriei-aeronautice-de-la-universitatea-politehnica-vezi-cu-ce-numar-impresionant-de-expresii-contribuit-la-lexiconul-tehnic-roman%2F\"><\/p>\n<div class=\"td-social-but-text\">Facebook<\/div>\n<p><\/a><a class=\"td-social-sharing-buttons td-social-twitter\" href=\"https:\/\/twitter.com\/intent\/tweet?text=TIMI%C8%98OARA+UITAT%C4%82+Ioan+Vl%C4%83dea%2C+geniul+industriei+aeronautice+de+la+Universitatea+Politehnic%C4%83.+Vezi+cu+ce+num%C4%83r+impresionant+de+expresii+a+contribuit+la+Lexiconul+Tehnic+Rom%C3%A2n&amp;url=https%3A%2F%2Fwww.pressalert.ro%2F2017%2F01%2Ftimisoara-uitata-ioan-vladea-geniul-industriei-aeronautice-de-la-universitatea-politehnica-vezi-cu-ce-numar-impresionant-de-expresii-contribuit-la-lexiconul-tehnic-roman%2F&amp;via=PRESSALERT.ro\"><\/p>\n<div class=\"td-social-but-text\">Twitter<\/div>\n<p><\/a><\/div>\n<\/div>\n<div class=\"td-block-row td-post-next-prev\">\n<div class=\"td-block-span6 td-post-prev-post\">\n<div class=\"td-post-next-prev-content\"><span>Articolul precedent<\/span><a href=\"https:\/\/www.pressalert.ro\/2017\/01\/scm-politehnica-zvezda-amical-2\/\">Victorie pentru SCM Politehnica \u0219i \u00een cel de-al doilea meci cu Steaua Ro\u0219ie. Ce juc\u0103tor a revenit \u00een angrenajul preg\u0103tit de Pero Milosevic FOTO<\/a><\/div>\n<\/div>\n<div class=\"td-block-span6 td-post-next-post\">\n<div class=\"td-post-next-prev-content\"><span>Articolul urm\u0103tor<\/span><a href=\"https:\/\/www.pressalert.ro\/2017\/01\/un-nou-gest-impresionant-o-casa-care-locuiau-trei-familii-din-timisoara-distrusa-urma-unui-incendiu-reparata-cu-implicarea-mitropolitului-banatului-foto\/\">Un nou gest impresionant: o cas\u0103 \u00een care locuiau trei familii din Timi\u0219oara, distrus\u0103 \u00een urma unui incendiu, reparat\u0103 cu implicarea Mitropolitului Banatului FOTO<\/a><\/div>\n<\/div>\n<\/div>\n<div class=\"author-box-wrap\"><a href=\"https:\/\/www.pressalert.ro\/author\/liana-paun\/\"><img decoding=\"async\" alt src=\"https:\/\/secure.gravatar.com\/avatar\/e237afe71dbb475f2bb6dffeb603d703?s=96&amp;d=mm&amp;r=g\" class=\"avatar avatar-96 photo\" height=\"96\" width=\"96\" loading=\"lazy\"><\/a><\/p>\n<div class=\"desc\">\n<div class=\"td-author-name vcard author\"><span class=\"fn\"><a href=\"https:\/\/www.pressalert.ro\/author\/liana-paun\/\">Liana P\u0103un<\/a><\/span><\/div>\n<div class=\"td-author-url\"><a href=\"http:\/\/www.pressalert.ro\">http:\/\/www.pressalert.ro<\/a><\/div>\n<\/div>\n<\/div>\n<p><span><\/span><span><span><\/span><\/span><span><\/span><\/footer>\n<\/article>\n<p> Source URL: https:\/\/www.pressalert.ro\/2017\/01\/timisoara-uitata-ioan-vladea-geniul-industriei-aeronautice-de-la-universitatea-politehnica-vezi-cu-ce-numar-impresionant-de-expresii-contribuit-la-lexiconul-tehnic-roman\/<\/p>\n","protected":false},"excerpt":{"rendered":"<p>Acas\u0103Campanii PRESSALERTTIMI\u0218OARA UITAT\u0102 Ioan Vl\u0103dea, geniul industriei aeronautice de la Universitatea Politehnic\u0103. Vezi&#8230; Campanii PRESSALERT \u015etiri Timi\u0219oara uitat\u0103 TIMI\u0218OARA UITAT\u0102 Ioan Vl\u0103dea, geniul industriei aeronautice de la Universitatea Politehnic\u0103. Vezi cu ce num\u0103r impresionant de expresii a contribuit la Lexiconul Tehnic Rom\u00e2n De Liana P\u0103un &#8211; ian. 22, 2017 0 DISTRIBUI\u021aI Facebook Twitter Inginerul care [&hellip;]<\/p>\n","protected":false},"author":1,"featured_media":0,"comment_status":"open","ping_status":"","sticky":false,"template":"","format":"standard","meta":{"footnotes":""},"categories":[89],"tags":[176],"class_list":["post-1233563","post","type-post","status-publish","format-standard","hentry","category-romania","tag-pressalert-ro"],"_links":{"self":[{"href":"https:\/\/analyse.optim.biz\/index.php?rest_route=\/wp\/v2\/posts\/1233563","targetHints":{"allow":["GET"]}}],"collection":[{"href":"https:\/\/analyse.optim.biz\/index.php?rest_route=\/wp\/v2\/posts"}],"about":[{"href":"https:\/\/analyse.optim.biz\/index.php?rest_route=\/wp\/v2\/types\/post"}],"author":[{"embeddable":true,"href":"https:\/\/analyse.optim.biz\/index.php?rest_route=\/wp\/v2\/users\/1"}],"replies":[{"embeddable":true,"href":"https:\/\/analyse.optim.biz\/index.php?rest_route=%2Fwp%2Fv2%2Fcomments&post=1233563"}],"version-history":[{"count":0,"href":"https:\/\/analyse.optim.biz\/index.php?rest_route=\/wp\/v2\/posts\/1233563\/revisions"}],"wp:attachment":[{"href":"https:\/\/analyse.optim.biz\/index.php?rest_route=%2Fwp%2Fv2%2Fmedia&parent=1233563"}],"wp:term":[{"taxonomy":"category","embeddable":true,"href":"https:\/\/analyse.optim.biz\/index.php?rest_route=%2Fwp%2Fv2%2Fcategories&post=1233563"},{"taxonomy":"post_tag","embeddable":true,"href":"https:\/\/analyse.optim.biz\/index.php?rest_route=%2Fwp%2Fv2%2Ftags&post=1233563"}],"curies":[{"name":"wp","href":"https:\/\/api.w.org\/{rel}","templated":true}]}}