{"id":123355,"date":"2018-02-21T19:22:31","date_gmt":"2018-02-21T16:22:31","guid":{"rendered":"https:\/\/analyse.optim.biz\/?p=123355"},"modified":"2018-02-21T19:22:31","modified_gmt":"2018-02-21T16:22:31","slug":"manifestatie-anti-dna-la-cotroceni-printre-protestatari-un-fost-ofiter-sri-si-un-deputat-psd","status":"publish","type":"post","link":"https:\/\/analyse.optim.biz\/?p=123355","title":{"rendered":"Manifesta\u021bie anti-DNA la Cotroceni. Printre protestatari, un fost ofi\u021ber SRI \u0219i un deputat PSD"},"content":{"rendered":"<div class=\"entry data-app-meta data-app-meta-article\" data-embed-base-url-canonical=\"https:\/\/www.digi24.ro\/embed\/stiri\/actualitate\/politica\/manifestatie-anti-dna-la-cotroceni-printre-protestatari-un-fost-ofiter-sri-si-un-deputat-psd-882466\">\n<p data-index=\"1\"><strong>Aproximativ o sut\u0103 de persoane protesteaz\u0103 miercuri dup\u0103-amiaz\u0103, \u00een fa\u0163a Palatului Cotroceni, scand\u00e2nd lozinci \u00eempotriva pre\u015fedintelui Klaus Iohannis \u015fi a \u015fefei DNA Laura Codru\u0163a Kovesi.<\/strong><\/p>\n<p data-index=\"2\">Protestatarii au vuvuzele si scandeaz\u0103 \u201eIohannis \u015fi DNA, la voi e corup\u0163ia\u201d \u015fi \u201eJos Kovesi\u201d.<\/p>\n<p data-index=\"3\">Ca \u015fi la protestul similar de s\u00e2mb\u0103t\u0103, unii dintre protestatari au portocale, aluzie la fostul procuror Mircea Negulescu, supranumit \u201ePortocal\u0103\u201d. Printre protestatari se reg\u0103sesc fostul ofi\u0163er SRI Daniel Dragomir \u015fi deputatul PSD Liviu Ple\u015foianu.<\/p>\n<p data-index=\"4\">\u015ei s\u00e2mb\u0103t\u0103 a avut loc un protest la Palatul Cotroceni, manifesta\u0163ia, intitulat\u0103 \u201eEu merg la portocale\u201d, fiind organizat\u0103 de Initia\u0163iva Civic\u0103 3.0 a fostului ofi\u0163er SRI Daniel Dragomir. La eveniment a fost \u015fi atunci prezent \u015fi deputatul PSD Liviu Ple\u015foianu, care a declarat c\u0103 pre\u015fedintele Iohannis este singurul care \u201enu a auzit de portocalele de Ploie\u015fti\u201d, afirm\u00e2nd c\u0103 \u015feful statului este \u201e\u00eentr-o derut\u0103 logic\u0103 total\u0103\u201d.<\/p>\n<p data-index=\"5\"><em>Sursa: Digi24, News.ro<\/em><\/p>\n<\/div>\n<p> Source URL: https:\/\/www.digi24.ro\/stiri\/actualitate\/politica\/manifestatie-anti-dna-la-cotroceni-printre-protestatari-un-fost-ofiter-sri-si-un-deputat-psd-882466<\/p>\n","protected":false},"excerpt":{"rendered":"<p>Aproximativ o sut\u0103 de persoane protesteaz\u0103 miercuri dup\u0103-amiaz\u0103, \u00een fa\u0163a Palatului Cotroceni, scand\u00e2nd lozinci \u00eempotriva pre\u015fedintelui Klaus Iohannis \u015fi a \u015fefei DNA Laura Codru\u0163a Kovesi. Protestatarii au vuvuzele si scandeaz\u0103 \u201eIohannis \u015fi DNA, la voi e corup\u0163ia\u201d \u015fi \u201eJos Kovesi\u201d. Ca \u015fi la protestul similar de s\u00e2mb\u0103t\u0103, unii dintre protestatari au portocale, aluzie la fostul [&hellip;]<\/p>\n","protected":false},"author":1,"featured_media":123356,"comment_status":"open","ping_status":"","sticky":false,"template":"","format":"standard","meta":{"footnotes":""},"categories":[2],"tags":[11],"class_list":["post-123355","post","type-post","status-publish","format-standard","has-post-thumbnail","hentry","category-politics","tag-digi24"],"_links":{"self":[{"href":"https:\/\/analyse.optim.biz\/index.php?rest_route=\/wp\/v2\/posts\/123355","targetHints":{"allow":["GET"]}}],"collection":[{"href":"https:\/\/analyse.optim.biz\/index.php?rest_route=\/wp\/v2\/posts"}],"about":[{"href":"https:\/\/analyse.optim.biz\/index.php?rest_route=\/wp\/v2\/types\/post"}],"author":[{"embeddable":true,"href":"https:\/\/analyse.optim.biz\/index.php?rest_route=\/wp\/v2\/users\/1"}],"replies":[{"embeddable":true,"href":"https:\/\/analyse.optim.biz\/index.php?rest_route=%2Fwp%2Fv2%2Fcomments&post=123355"}],"version-history":[{"count":0,"href":"https:\/\/analyse.optim.biz\/index.php?rest_route=\/wp\/v2\/posts\/123355\/revisions"}],"wp:featuredmedia":[{"embeddable":true,"href":"https:\/\/analyse.optim.biz\/index.php?rest_route=\/wp\/v2\/media\/123356"}],"wp:attachment":[{"href":"https:\/\/analyse.optim.biz\/index.php?rest_route=%2Fwp%2Fv2%2Fmedia&parent=123355"}],"wp:term":[{"taxonomy":"category","embeddable":true,"href":"https:\/\/analyse.optim.biz\/index.php?rest_route=%2Fwp%2Fv2%2Fcategories&post=123355"},{"taxonomy":"post_tag","embeddable":true,"href":"https:\/\/analyse.optim.biz\/index.php?rest_route=%2Fwp%2Fv2%2Ftags&post=123355"}],"curies":[{"name":"wp","href":"https:\/\/api.w.org\/{rel}","templated":true}]}}