{"id":123349,"date":"2018-02-21T20:40:50","date_gmt":"2018-02-21T17:40:50","guid":{"rendered":"https:\/\/analyse.optim.biz\/?p=123349"},"modified":"2018-02-21T20:40:50","modified_gmt":"2018-02-21T17:40:50","slug":"ce-spun-dancila-si-juncker-despre-cazul-valcov","status":"publish","type":"post","link":"https:\/\/analyse.optim.biz\/?p=123349","title":{"rendered":"Ce spun D\u0103ncil\u0103 \u0219i Juncker despre cazul V\u00e2lcov"},"content":{"rendered":"<div class=\"entry data-app-meta data-app-meta-article\" data-embed-base-url-canonical=\"https:\/\/www.digi24.ro\/embed\/stiri\/actualitate\/politica\/882511-882511\">\n<p data-index=\"1\"><strong>Darius V\u00e2lcov a fost \u0163inta \u00eentreb\u0103rilor puse la conferin\u021ba de pres\u0103 de la Bruxelles, pentru c\u0103 nu a fost demis de premierul rom\u00e2n dup\u0103 ce a fost condamnat la \u00eenchisoare pentru corup\u0163ie. \u00cen prima sa vizit\u0103 ca prim ministru \u00een Capitala Uniunii Europene, Viorica D\u0103ncil\u0103 a dat explica\u0163ii in fa\u0163a jurnali\u015ftilor interna\u0163ionali, um\u0103r la um\u0103r cu pre\u015fedintele Comisiei Europene, Jean-Claude Juncker.<\/strong><\/p>\n<p data-index=\"2\"><img loading=\"lazy\" decoding=\"async\" class=\"alignnone size-full wp-image-882441\" src=\"https:\/\/analyse.optim.biz\/wp-content\/uploads\/2024\/09\/bmcmdz04mdamagfzad0xytdlztc0yzjmm2zmnddmnwi2ntjjotfkzgi0odg2yg-thumb_-1.jpg\" width=\"431\" height=\"318\" data-skip-htmlfix=\"1\" title=\"bmcmdz04mdamagfzad0xytdlztc0yzjmm2zmnddmnwi2ntjjotfkzgi0odg2yg-thumb_-1\"><\/p>\n<p data-index=\"3\">\u201e<span lang=\"ro-RO\">Este consilier al premierului, este adev\u0103rat. Din c\u00e2te \u015ftiu, domnul consilier V\u00e2lcov a fost condamnat nu definitiv \u015fi am spus c\u0103 prezum\u0163ia de nevinov\u0103\u0163ie trebuie s\u0103 existe p\u00e2n\u0103 la o condamnare definitiv\u0103. Este Directiv\u0103 european\u0103 \u00een acest sens, iar eu nu fac dec\u00e2t s\u0103 respect o Directiv\u0103 european\u0103 pe care eu \u00een calitate de europarlamentar am votat-o \u00een Parlamentul European. Dac\u0103 va fi o decizie definitiv\u0103, v\u0103 asigur c\u0103 atitudinea mea va fi total schimbat\u0103\u201d, a spus Viorica D\u0103ncil\u0103.<\/span><\/p>\n<p data-index=\"4\">\u201e<span lang=\"ro-RO\">Domnul la care face\u0163i referire nu este consilierul meu\u201d, a spus pre\u0219edintele Comisiei Europene.<\/span><\/p>\n<\/div>\n<p> Source URL: https:\/\/www.digi24.ro\/stiri\/actualitate\/politica\/882511-882511<\/p>\n","protected":false},"excerpt":{"rendered":"<p>Darius V\u00e2lcov a fost \u0163inta \u00eentreb\u0103rilor puse la conferin\u021ba de pres\u0103 de la Bruxelles, pentru c\u0103 nu a fost demis de premierul rom\u00e2n dup\u0103 ce a fost condamnat la \u00eenchisoare pentru corup\u0163ie. \u00cen prima sa vizit\u0103 ca prim ministru \u00een Capitala Uniunii Europene, Viorica D\u0103ncil\u0103 a dat explica\u0163ii in fa\u0163a jurnali\u015ftilor interna\u0163ionali, um\u0103r la um\u0103r [&hellip;]<\/p>\n","protected":false},"author":1,"featured_media":123350,"comment_status":"open","ping_status":"","sticky":false,"template":"","format":"standard","meta":{"footnotes":""},"categories":[2],"tags":[11],"class_list":["post-123349","post","type-post","status-publish","format-standard","has-post-thumbnail","hentry","category-politics","tag-digi24"],"_links":{"self":[{"href":"https:\/\/analyse.optim.biz\/index.php?rest_route=\/wp\/v2\/posts\/123349","targetHints":{"allow":["GET"]}}],"collection":[{"href":"https:\/\/analyse.optim.biz\/index.php?rest_route=\/wp\/v2\/posts"}],"about":[{"href":"https:\/\/analyse.optim.biz\/index.php?rest_route=\/wp\/v2\/types\/post"}],"author":[{"embeddable":true,"href":"https:\/\/analyse.optim.biz\/index.php?rest_route=\/wp\/v2\/users\/1"}],"replies":[{"embeddable":true,"href":"https:\/\/analyse.optim.biz\/index.php?rest_route=%2Fwp%2Fv2%2Fcomments&post=123349"}],"version-history":[{"count":0,"href":"https:\/\/analyse.optim.biz\/index.php?rest_route=\/wp\/v2\/posts\/123349\/revisions"}],"wp:featuredmedia":[{"embeddable":true,"href":"https:\/\/analyse.optim.biz\/index.php?rest_route=\/wp\/v2\/media\/123350"}],"wp:attachment":[{"href":"https:\/\/analyse.optim.biz\/index.php?rest_route=%2Fwp%2Fv2%2Fmedia&parent=123349"}],"wp:term":[{"taxonomy":"category","embeddable":true,"href":"https:\/\/analyse.optim.biz\/index.php?rest_route=%2Fwp%2Fv2%2Fcategories&post=123349"},{"taxonomy":"post_tag","embeddable":true,"href":"https:\/\/analyse.optim.biz\/index.php?rest_route=%2Fwp%2Fv2%2Ftags&post=123349"}],"curies":[{"name":"wp","href":"https:\/\/api.w.org\/{rel}","templated":true}]}}