{"id":1233002,"date":"2017-03-05T09:16:08","date_gmt":"2017-03-05T06:16:08","guid":{"rendered":"https:\/\/analyse.optim.biz\/?p=1233002"},"modified":"2017-03-05T09:16:08","modified_gmt":"2017-03-05T06:16:08","slug":"timisoara-uitata-i-d-suciu-unul-dintre-cei-mai-importanti-istorici-ai-banatului-ce-subiecte-importante-a-abordat","status":"publish","type":"post","link":"https:\/\/analyse.optim.biz\/?p=1233002","title":{"rendered":"TIMI\u0218OARA UITAT\u0102 I.D. Suciu, unul dintre cei mai importan\u021bi istorici ai Banatului. Ce subiecte importante a abordat"},"content":{"rendered":"<article id=\"post-265868\" class=\"post-265868 post type-post status-publish format-standard has-post-thumbnail hentry category-campanii-pressalert category-timisoara-uitata-campanii-pressalert tag-biserica-medievala tag-ctitorie-cneziala tag-judetul-hunedoara tag-pictura-bizantina tag-ribita tag-scene-iconografice tag-turism tag-valoare-documentara\">\n<div class=\"td-post-header td-pb-padding-side\">\n<div class=\"entry-crumbs\"><span><a title class=\"entry-crumb\" href=\"https:\/\/www.pressalert.ro\/\"><span>Acas\u0103<\/span><\/a><\/span><span><a title=\"Vede\u021bi toate articolele \u00een Campanii PRESSALERT\" class=\"entry-crumb\" href=\"https:\/\/www.pressalert.ro\/category\/campanii-pressalert\/\"><span>Campanii PRESSALERT<\/span><\/a><\/span><span class=\"td-bred-no-url-last\">TIMI\u0218OARA UITAT\u0102 I.D. Suciu, unul dintre cei mai importan\u021bi istorici ai Banatului&#8230;.<\/span><\/div>\n<ul class=\"td-category\">\n<li class=\"entry-category\"><a href=\"https:\/\/www.pressalert.ro\/category\/campanii-pressalert\/\">Campanii PRESSALERT<\/a><\/li>\n<li class=\"entry-category\"><a href=\"https:\/\/www.pressalert.ro\/category\/campanii-pressalert\/timisoara-uitata-campanii-pressalert\/\">Timi\u0219oara uitat\u0103<\/a><\/li>\n<\/ul>\n<header>\n<h1 class=\"entry-title\">TIMI\u0218OARA UITAT\u0102 I.D. Suciu, unul dintre cei mai importan\u021bi istorici ai Banatului. Ce subiecte importante a abordat<\/h1>\n<div class=\"meta-info\">\n<div class=\"td-post-author-name\">\n<div class=\"td-author-by\">De<\/div>\n<p><a href=\"https:\/\/www.pressalert.ro\/author\/liana-paun\/\">Liana P\u0103un<\/a><\/p>\n<div class=\"td-author-line\"> &#8211; <\/div>\n<\/div>\n<p><span class=\"td-post-date\"><time class=\"entry-date updated td-module-date\" datetime=\"2017-03-05T09:16:08+00:00\">mart. 5, 2017<\/time><\/span><\/p>\n<div class=\"td-post-comments\"><a href=\"https:\/\/www.pressalert.ro\/2017\/03\/timisoara-uitata-d-suciu-unul-dintre-cei-mai-importanti-istorici-ai-banatului-ce-subiecte-importante-abordat\/#respond\">0<\/a><\/div>\n<\/div>\n<\/header>\n<\/div>\n<div class=\"td-post-sharing td-post-sharing-top td-pb-padding-side\"><span class=\"td-post-share-title\">DISTRIBUI\u021aI<\/span><\/p>\n<div class=\"td-default-sharing \"><a class=\"td-social-sharing-buttons td-social-facebook\" href=\"http:\/\/www.facebook.com\/sharer.php?u=https%3A%2F%2Fwww.pressalert.ro%2F2017%2F03%2Ftimisoara-uitata-d-suciu-unul-dintre-cei-mai-importanti-istorici-ai-banatului-ce-subiecte-importante-abordat%2F\"><\/p>\n<div class=\"td-social-but-text\">Facebook<\/div>\n<p><\/a><a class=\"td-social-sharing-buttons td-social-twitter\" href=\"https:\/\/twitter.com\/intent\/tweet?text=TIMI%C8%98OARA+UITAT%C4%82+I.D.+Suciu%2C+unul+dintre+cei+mai+importan%C8%9Bi+istorici+ai+Banatului.+Ce+subiecte+importante+a+abordat&amp;url=https%3A%2F%2Fwww.pressalert.ro%2F2017%2F03%2Ftimisoara-uitata-d-suciu-unul-dintre-cei-mai-importanti-istorici-ai-banatului-ce-subiecte-importante-abordat%2F&amp;via=PRESSALERT.ro\"><\/p>\n<div class=\"td-social-but-text\">Twitter<\/div>\n<p><\/a><\/div>\n<\/div>\n<div class=\"td-post-content td-pb-padding-side\">\n<p><img decoding=\"async\" loading=\"lazy\" class=\"size-full wp-image-265875 alignleft\" src=\"http:\/\/www.pressalert.ro\/wp-content\/uploads\/2017\/03\/7.-literatura-banateana.jpg\" alt width=\"262\" height=\"400\">N\u0103scut la Lugoj \u00een 3 august 1917, Ioan Dimitrie Suciu a absolvit cursurile Liceului \u201eCoriolan Brediceanu\u201d, iar \u00eentre 1937 \u0219i 1941 a urmat Facultatea de Litere \u0219i Filosofie a Universit\u0103\u021bii din Bucure\u0219ti, sec\u021bia Istorie, unde, doi ani mai t\u00e2rziu, a ob\u021binut titlul de doctor.<\/p>\n<p>A fost numit inspector la Comisia Monumentelor Istorice \u0219i Direc\u021bia General\u0103 a Teatrelor dup\u0103 care, p\u00e2n\u0103 \u00een 1947, a fost asistent iar apoi \u0219ef de lucr\u0103ri la Institutul de Istorie Na\u021bional\u0103. \u00cen anii \u201950 a fost \u00eenchis, iar dup\u0103 perioada de deten\u021bie au urmat ani grei \u00een care, dup\u0103 o scurt\u0103 perioad\u0103 \u00een care a primit un post de profesor la Constan\u021ba, nu a reu\u0219it s\u0103 ob\u021bin\u0103 vreo slujb\u0103. Abia dup\u0103 1964, c\u00e2nd au fost elibera\u021bi \u0219i reabilita\u021bi to\u021bi de\u021binu\u021bii politici, a revenit pe un post de cercet\u0103tor \u0219tiin\u021bific la Institutul \u201eNicolae Iorga\u201d.<\/p>\n<h3>Istoric al Banatului<\/h3>\n<p>Este unul din istoricii care, de\u0219i \u0219i-a desf\u0103\u0219urat activitatea \u0219tiin\u021bific\u0103 la Bucure\u0219ti, s-a specializat \u00een via\u021ba politic\u0103, cultural\u0103 \u0219i religioas\u0103 a Banatului, fiind autorul unor lucr\u0103ri fundamentale pentru trecutul istoric \u0219i cultural al acestei provincii.<\/p>\n<p>A debutat \u00een 1938 \u00een cotidianul \u201eVestul\u201d, publica\u021bia fondat\u0103 de Sever Bocu la Timi\u0219oara \u0219i a colaborat la \u201eRevista Funda\u021biilor Regale\u201d, \u201eRevista Banatului\u201d sau ziarul \u201eDacia din Timi\u0219oara\u201d, care a publicat numeroase articole de istorie semnate de cei mai buni condeieri ai Banatului. \u00cen 1940 a publicat o monografie a comunei Alio\u0219 \u00een care a f\u0103cut o analiz\u0103 istoric\u0103, biologic\u0103 \u0219i cultural\u0103 a acesteia \u0219i una din lucr\u0103rile sale fundamentale, \u201eLiteratura b\u0103n\u0103\u021bean\u0103 de la \u00eenceput p\u00e2n\u0103 la Unire (1582-1918)\u201d, o sintez\u0103 a contribu\u021biei Banatului la dezvoltarea culturii rom\u00e2ne.<\/p>\n<p>Teza sa de doctorat \u00een istorie a avut drept subiect via\u021ba \u0219i opera teologului \u0219i preotului Nicolae Tincu-Velia, o alt\u0103 personalitate b\u0103n\u0103\u021bean\u0103 care \u0219i-a adus o merituoas\u0103 contribu\u021bie la via\u021ba bisericeasc\u0103 a rom\u00e2nilor b\u0103n\u0103\u021beni \u0219i a avut un rol de seam\u0103 \u0219i \u00een revolu\u021bia de la 1848. I.D. Suciu este cel care s-a preocupat de editarea volumului lui Sever Bocu, \u201eDrumuri \u0219i r\u0103scruci\u201d, ap\u0103rut la Bucure\u0219ti \u00een 1945.<\/p>\n<h3>Lucr\u0103ri de referin\u021b\u0103<\/h3>\n<p>\u00cen 1968 a ap\u0103rut o alt\u0103 lucrare de baz\u0103 pentru care I.D, Suciu s-a documentat temeinic, \u201eRevolu\u021bia de la 1848 \u2013 1849 \u00een Banat\u201d, pentru care a adunat o important\u0103 colec\u021bie de documente, o edi\u021bie complet\u0103 despre scrierile lui Eftimie Murgu, care vine s\u0103 completeze cu informa\u021bii inedite datele cunoscute despre revolu\u021bionarul pa\u0219optist b\u0103n\u0103\u021bean, iar \u00een 1977, \u201eMonografia Mitropoliei Banatului\u201d, prefa\u021bat\u0103 de Mitropolitul Nicolae Corneanu.<\/p>\n<p>\u0218i-a adus, de asemenea, contribu\u021bia la lucrarea \u201eCatedrala Mitropoliei Banatului\u201d, ap\u0103rut\u0103 \u00een 1979, iar \u00een 1980 a publicat lucrarea \u201eUnitatea poporului rom\u00e2n. Contribu\u021bii istorice b\u0103n\u0103\u021bene, Timi\u0219oara\u201d. Lucr\u0103rile sale au la baz\u0103 numeroase documente pe care le-a studiat, ceea ce i-a f\u0103cut pe mul\u021bi s\u0103-l considere cel mai bun istoric al epocii moderne a Banatului.<\/p>\n<h3>Preocup\u0103ri istoriografice<\/h3>\n<p>I.D. Suciu a fost, de asemenea, un reper al \u00eenceputurilor istoriografiei b\u0103n\u0103\u021bene \u0219i a cercetat arhiva Vukovici, leg\u0103turile pe care Valeriu Brani\u0219te le-a avut cu Banatul, documente b\u0103n\u0103\u021bene legate de Unirea din 1918 sau cele care vorbesc despre ac\u021biunile rom\u00e2nilor \u0219i s\u00e2rbilor \u00een Banat \u00een timpul revolu\u021biei de la 1848.<\/p>\n<p>Preocup\u0103rile sale istoriografice s-au \u00eendreptat \u0219i asupra macedo-rom\u00e2nilor din Banat, cu at\u00e2t mai mult cu c\u00e2t tat\u0103l s\u0103u a avut rela\u021bii apropiate cu elita macedo-rom\u00e2n\u0103 stabilit\u0103 aici, \u00een primul r\u00e2nd cu familia Mocione\u0219tilor.<\/p>\n<p> Multe din manuscrisele pe care a reu\u0219it s\u0103 le procure \u0219i pe care le-a studiat au fost donate bibliotecii Academiei Rom\u00e2ne din Bucure\u0219ti.<\/p>\n<p>S-a stins din via\u021b\u0103 la 3 martie 1982, \u00eentr-o \u00eenc\u0103pere primit\u0103 de la Mitropolia Banatului, \u00een care \u0219i-a petrecut ultimii ani de via\u021b\u0103, \u0219i este \u00eenmorm\u00e2ntat \u00een cimitirul ortodox din Lugoj.<\/p>\n<div id=\"gallery-2\" class=\"gallery galleryid-265868 gallery-columns-7 gallery-size-thumbnail\">\n<figure class=\"gallery-item\">\n<div class=\"gallery-icon portrait\"><a href=\"https:\/\/www.pressalert.ro\/wp-content\/uploads\/2017\/03\/1.-i.d.-suciu-revolutia-de-la-1848-1849.jpg\"><img decoding=\"async\" loading=\"lazy\" width=\"300\" height=\"300\" src=\"https:\/\/www.pressalert.ro\/wp-content\/uploads\/2017\/03\/1.-i.d.-suciu-revolutia-de-la-1848-1849-300x300.jpg\" class=\"attachment-thumbnail size-thumbnail\" alt><\/a><\/div>\n<\/figure>\n<figure class=\"gallery-item\">\n<div class=\"gallery-icon landscape\"><a href=\"https:\/\/www.pressalert.ro\/wp-content\/uploads\/2017\/03\/2.-revolutie-1848-banat.jpg\"><img decoding=\"async\" loading=\"lazy\" width=\"300\" height=\"300\" src=\"https:\/\/www.pressalert.ro\/wp-content\/uploads\/2017\/03\/2.-revolutie-1848-banat-300x300.jpg\" class=\"attachment-thumbnail size-thumbnail\" alt><\/a><\/div>\n<\/figure>\n<figure class=\"gallery-item\">\n<div class=\"gallery-icon portrait\"><a href=\"https:\/\/www.pressalert.ro\/wp-content\/uploads\/2017\/03\/3.-monografia-mitropoliei.jpg\"><img decoding=\"async\" loading=\"lazy\" width=\"300\" height=\"300\" src=\"https:\/\/www.pressalert.ro\/wp-content\/uploads\/2017\/03\/3.-monografia-mitropoliei-300x300.jpg\" class=\"attachment-thumbnail size-thumbnail\" alt><\/a><\/div>\n<\/figure>\n<figure class=\"gallery-item\">\n<div class=\"gallery-icon portrait\"><a href=\"https:\/\/www.pressalert.ro\/wp-content\/uploads\/2017\/03\/4.-monografia-mitropoliei-daruita-de-mitropolitul-nicolae.jpg\"><img decoding=\"async\" loading=\"lazy\" width=\"300\" height=\"300\" src=\"https:\/\/www.pressalert.ro\/wp-content\/uploads\/2017\/03\/4.-monografia-mitropoliei-daruita-de-mitropolitul-nicolae-300x300.jpg\" class=\"attachment-thumbnail size-thumbnail\" alt><\/a><\/div>\n<\/figure>\n<figure class=\"gallery-item\">\n<div class=\"gallery-icon portrait\"><a href=\"https:\/\/www.pressalert.ro\/wp-content\/uploads\/2017\/03\/5.-pagina-de-titlu-monografia-mitropoliei.jpg\"><img decoding=\"async\" loading=\"lazy\" width=\"300\" height=\"300\" src=\"https:\/\/www.pressalert.ro\/wp-content\/uploads\/2017\/03\/5.-pagina-de-titlu-monografia-mitropoliei-300x300.jpg\" class=\"attachment-thumbnail size-thumbnail\" alt><\/a><\/div>\n<\/figure>\n<figure class=\"gallery-item\">\n<div class=\"gallery-icon landscape\"><a href=\"https:\/\/www.pressalert.ro\/wp-content\/uploads\/2017\/03\/6.-comuna-alios-cu-semnatura-autorului.jpg\"><img decoding=\"async\" loading=\"lazy\" width=\"300\" height=\"300\" src=\"https:\/\/www.pressalert.ro\/wp-content\/uploads\/2017\/03\/6.-comuna-alios-cu-semnatura-autorului-300x300.jpg\" class=\"attachment-thumbnail size-thumbnail\" alt><\/a><\/div>\n<\/figure>\n<figure class=\"gallery-item\">\n<div class=\"gallery-icon portrait\"><a href=\"https:\/\/www.pressalert.ro\/wp-content\/uploads\/2017\/03\/7.-literatura-banateana.jpg\"><img decoding=\"async\" loading=\"lazy\" width=\"262\" height=\"300\" src=\"https:\/\/www.pressalert.ro\/wp-content\/uploads\/2017\/03\/7.-literatura-banateana-262x300.jpg\" class=\"attachment-thumbnail size-thumbnail\" alt><\/a><\/div>\n<\/figure>\n<\/div>\n<p>Surse foto: okazii.ro, anticariat-unu.ro, redesteptarea.ro<\/p>\n<\/div>\n<footer>\n<div class=\"td-post-source-tags td-pb-padding-side\">\n<ul class=\"td-tags td-post-small-box clearfix\">\n<li><span>ETICHETE<\/span><\/li>\n<li><a href=\"https:\/\/www.pressalert.ro\/tag\/biserica-medievala\/\">biseric\u0103 medieval\u0103<\/a><\/li>\n<li><a href=\"https:\/\/www.pressalert.ro\/tag\/ctitorie-cneziala\/\">ctitorie cnezial\u0103<\/a><\/li>\n<li><a href=\"https:\/\/www.pressalert.ro\/tag\/judetul-hunedoara\/\">judetul hunedoara<\/a><\/li>\n<li><a href=\"https:\/\/www.pressalert.ro\/tag\/pictura-bizantina\/\">pictur\u0103 bizantin\u0103<\/a><\/li>\n<li><a href=\"https:\/\/www.pressalert.ro\/tag\/ribita\/\">Ribi\u021ba<\/a><\/li>\n<li><a href=\"https:\/\/www.pressalert.ro\/tag\/scene-iconografice\/\">scene iconografice<\/a><\/li>\n<li><a href=\"https:\/\/www.pressalert.ro\/tag\/turism\/\">turism<\/a><\/li>\n<li><a href=\"https:\/\/www.pressalert.ro\/tag\/valoare-documentara\/\">valoare documentar\u0103<\/a><\/li>\n<\/ul>\n<\/div>\n<div class=\"td-post-sharing td-post-sharing-bottom td-pb-padding-side\"><span class=\"td-post-share-title\">DISTRIBUI\u021aI<\/span><\/p>\n<div class=\"td-default-sharing \"><a class=\"td-social-sharing-buttons td-social-facebook\" href=\"http:\/\/www.facebook.com\/sharer.php?u=https%3A%2F%2Fwww.pressalert.ro%2F2017%2F03%2Ftimisoara-uitata-d-suciu-unul-dintre-cei-mai-importanti-istorici-ai-banatului-ce-subiecte-importante-abordat%2F\"><\/p>\n<div class=\"td-social-but-text\">Facebook<\/div>\n<p><\/a><a class=\"td-social-sharing-buttons td-social-twitter\" href=\"https:\/\/twitter.com\/intent\/tweet?text=TIMI%C8%98OARA+UITAT%C4%82+I.D.+Suciu%2C+unul+dintre+cei+mai+importan%C8%9Bi+istorici+ai+Banatului.+Ce+subiecte+importante+a+abordat&amp;url=https%3A%2F%2Fwww.pressalert.ro%2F2017%2F03%2Ftimisoara-uitata-d-suciu-unul-dintre-cei-mai-importanti-istorici-ai-banatului-ce-subiecte-importante-abordat%2F&amp;via=PRESSALERT.ro\"><\/p>\n<div class=\"td-social-but-text\">Twitter<\/div>\n<p><\/a><\/div>\n<\/div>\n<div class=\"td-block-row td-post-next-prev\">\n<div class=\"td-block-span6 td-post-prev-post\">\n<div class=\"td-post-next-prev-content\"><span>Articolul precedent<\/span><a href=\"https:\/\/www.pressalert.ro\/2017\/03\/ionut-popa-concordia-acs-poli-alexa\/\">Ionu\u021b Popa, dup\u0103 egalul cu Chiajna: \u201d Suntem singuri \u00eempotriva tuturor p\u00e2n\u0103 la cap\u0103t\u201d. Ce spune Dan Alexa despre tensiunea de la ACS Poli<\/a><\/div>\n<\/div>\n<div class=\"td-block-span6 td-post-next-post\">\n<div class=\"td-post-next-prev-content\"><span>Articolul urm\u0103tor<\/span><a href=\"https:\/\/www.pressalert.ro\/2017\/03\/reduceri-de-pana-la-30-la-pachete-de-vacanta-zeci-de-expozanti-vin-cu-oferte-de-nerefuzat-la-targul-de-turism-organizat-la-timisoara\/\">Reduceri de p\u00e2n\u0103 la 30% la pachete de vacan\u021b\u0103. Zeci de expozan\u021bi vin cu oferte de nerefuzat la t\u00e2rgul de turism organizat la Timi\u0219oara<\/a><\/div>\n<\/div>\n<\/div>\n<div class=\"author-box-wrap\"><a href=\"https:\/\/www.pressalert.ro\/author\/liana-paun\/\"><img decoding=\"async\" alt src=\"https:\/\/secure.gravatar.com\/avatar\/e237afe71dbb475f2bb6dffeb603d703?s=96&amp;d=mm&amp;r=g\" class=\"avatar avatar-96 photo\" height=\"96\" width=\"96\" loading=\"lazy\"><\/a><\/p>\n<div class=\"desc\">\n<div class=\"td-author-name vcard author\"><span class=\"fn\"><a href=\"https:\/\/www.pressalert.ro\/author\/liana-paun\/\">Liana P\u0103un<\/a><\/span><\/div>\n<div class=\"td-author-url\"><a href=\"http:\/\/www.pressalert.ro\">http:\/\/www.pressalert.ro<\/a><\/div>\n<\/div>\n<\/div>\n<p><span><\/span><span><span><\/span><\/span><span><\/span><\/footer>\n<\/article>\n<p> Source URL: https:\/\/www.pressalert.ro\/2017\/03\/timisoara-uitata-d-suciu-unul-dintre-cei-mai-importanti-istorici-ai-banatului-ce-subiecte-importante-abordat\/<\/p>\n","protected":false},"excerpt":{"rendered":"<p>Acas\u0103Campanii PRESSALERTTIMI\u0218OARA UITAT\u0102 I.D. Suciu, unul dintre cei mai importan\u021bi istorici ai Banatului&#8230;. Campanii PRESSALERT Timi\u0219oara uitat\u0103 TIMI\u0218OARA UITAT\u0102 I.D. Suciu, unul dintre cei mai importan\u021bi istorici ai Banatului. Ce subiecte importante a abordat De Liana P\u0103un &#8211; mart. 5, 2017 0 DISTRIBUI\u021aI Facebook Twitter N\u0103scut la Lugoj \u00een 3 august 1917, Ioan Dimitrie Suciu [&hellip;]<\/p>\n","protected":false},"author":1,"featured_media":0,"comment_status":"open","ping_status":"","sticky":false,"template":"","format":"standard","meta":{"footnotes":""},"categories":[89],"tags":[176],"class_list":["post-1233002","post","type-post","status-publish","format-standard","hentry","category-romania","tag-pressalert-ro"],"_links":{"self":[{"href":"https:\/\/analyse.optim.biz\/index.php?rest_route=\/wp\/v2\/posts\/1233002","targetHints":{"allow":["GET"]}}],"collection":[{"href":"https:\/\/analyse.optim.biz\/index.php?rest_route=\/wp\/v2\/posts"}],"about":[{"href":"https:\/\/analyse.optim.biz\/index.php?rest_route=\/wp\/v2\/types\/post"}],"author":[{"embeddable":true,"href":"https:\/\/analyse.optim.biz\/index.php?rest_route=\/wp\/v2\/users\/1"}],"replies":[{"embeddable":true,"href":"https:\/\/analyse.optim.biz\/index.php?rest_route=%2Fwp%2Fv2%2Fcomments&post=1233002"}],"version-history":[{"count":0,"href":"https:\/\/analyse.optim.biz\/index.php?rest_route=\/wp\/v2\/posts\/1233002\/revisions"}],"wp:attachment":[{"href":"https:\/\/analyse.optim.biz\/index.php?rest_route=%2Fwp%2Fv2%2Fmedia&parent=1233002"}],"wp:term":[{"taxonomy":"category","embeddable":true,"href":"https:\/\/analyse.optim.biz\/index.php?rest_route=%2Fwp%2Fv2%2Fcategories&post=1233002"},{"taxonomy":"post_tag","embeddable":true,"href":"https:\/\/analyse.optim.biz\/index.php?rest_route=%2Fwp%2Fv2%2Ftags&post=1233002"}],"curies":[{"name":"wp","href":"https:\/\/api.w.org\/{rel}","templated":true}]}}