{"id":1233001,"date":"2017-03-12T12:00:30","date_gmt":"2017-03-12T09:00:30","guid":{"rendered":"https:\/\/analyse.optim.biz\/?p=1233001"},"modified":"2017-03-12T12:00:30","modified_gmt":"2017-03-12T09:00:30","slug":"timisoara-uitata-ernest-neumann-rabinul-care-a-venit-la-timisoara-in-timpul-celui-de-al-doilea-razboi-mondial-foto","status":"publish","type":"post","link":"https:\/\/analyse.optim.biz\/?p=1233001","title":{"rendered":"TIMI\u0218OARA UITAT\u0102 Ernest Neumann, rabinul care a venit la Timi\u0219oara \u00een timpul celui de-Al Doilea R\u0103zboi Mondial FOTO"},"content":{"rendered":"<article id=\"post-266878\" class=\"post-266878 post type-post status-publish format-standard has-post-thumbnail hentry category-campanii-pressalert category-timisoara-uitata-campanii-pressalert tag-comunitatea-ebraica tag-ernest-neumann tag-personalitate tag-profesor tag-rabin tag-timisoara-uitata\">\n<div class=\"td-post-header td-pb-padding-side\">\n<div class=\"entry-crumbs\"><span><a title class=\"entry-crumb\" href=\"https:\/\/www.pressalert.ro\/\"><span>Acas\u0103<\/span><\/a><\/span><span><a title=\"Vede\u021bi toate articolele \u00een Campanii PRESSALERT\" class=\"entry-crumb\" href=\"https:\/\/www.pressalert.ro\/category\/campanii-pressalert\/\"><span>Campanii PRESSALERT<\/span><\/a><\/span><span class=\"td-bred-no-url-last\">TIMI\u0218OARA UITAT\u0102 Ernest Neumann, rabinul care a venit la Timi\u0219oara \u00een timpul&#8230;<\/span><\/div>\n<ul class=\"td-category\">\n<li class=\"entry-category\"><a href=\"https:\/\/www.pressalert.ro\/category\/campanii-pressalert\/\">Campanii PRESSALERT<\/a><\/li>\n<li class=\"entry-category\"><a href=\"https:\/\/www.pressalert.ro\/category\/campanii-pressalert\/timisoara-uitata-campanii-pressalert\/\">Timi\u0219oara uitat\u0103<\/a><\/li>\n<\/ul>\n<header>\n<h1 class=\"entry-title\">TIMI\u0218OARA UITAT\u0102 Ernest Neumann, rabinul care a venit la Timi\u0219oara \u00een timpul celui de-Al Doilea R\u0103zboi Mondial FOTO<\/h1>\n<div class=\"meta-info\">\n<div class=\"td-post-author-name\">\n<div class=\"td-author-by\">De<\/div>\n<p><a href=\"https:\/\/www.pressalert.ro\/author\/liana-paun\/\">Liana P\u0103un<\/a><\/p>\n<div class=\"td-author-line\"> &#8211; <\/div>\n<\/div>\n<p><span class=\"td-post-date\"><time class=\"entry-date updated td-module-date\" datetime=\"2017-03-12T12:00:30+00:00\">mart. 12, 2017<\/time><\/span><\/p>\n<div class=\"td-post-comments\"><a href=\"https:\/\/www.pressalert.ro\/2017\/03\/timisoara-uitata-ernest-neumann-rabinul-care-venit-la-timisoara-timpul-celui-de-al-doilea-razboi-mondial-foto\/#respond\">0<\/a><\/div>\n<\/div>\n<\/header>\n<\/div>\n<div class=\"td-post-sharing td-post-sharing-top td-pb-padding-side\"><span class=\"td-post-share-title\">DISTRIBUI\u021aI<\/span><\/p>\n<div class=\"td-default-sharing \"><a class=\"td-social-sharing-buttons td-social-facebook\" href=\"http:\/\/www.facebook.com\/sharer.php?u=https%3A%2F%2Fwww.pressalert.ro%2F2017%2F03%2Ftimisoara-uitata-ernest-neumann-rabinul-care-venit-la-timisoara-timpul-celui-de-al-doilea-razboi-mondial-foto%2F\"><\/p>\n<div class=\"td-social-but-text\">Facebook<\/div>\n<p><\/a><a class=\"td-social-sharing-buttons td-social-twitter\" href=\"https:\/\/twitter.com\/intent\/tweet?text=TIMI%C8%98OARA+UITAT%C4%82+Ernest+Neumann%2C+rabinul+care+a+venit+la+Timi%C8%99oara+%C3%AEn+timpul+celui+de-Al+Doilea+R%C4%83zboi+Mondial+FOTO&amp;url=https%3A%2F%2Fwww.pressalert.ro%2F2017%2F03%2Ftimisoara-uitata-ernest-neumann-rabinul-care-venit-la-timisoara-timpul-celui-de-al-doilea-razboi-mondial-foto%2F&amp;via=PRESSALERT.ro\"><\/p>\n<div class=\"td-social-but-text\">Twitter<\/div>\n<p><\/a><\/div>\n<\/div>\n<div class=\"td-post-content td-pb-padding-side\">\n<figure id=\"attachment_266884\" aria-describedby=\"caption-attachment-266884\" class=\"wp-caption aligncenter\"><img decoding=\"async\" loading=\"lazy\" class=\"wp-image-266884 size-medium\" src=\"http:\/\/www.pressalert.ro\/wp-content\/uploads\/2017\/03\/6.-rabinul-si-mitropolitul-640x420.jpg\" width=\"640\" height=\"420\"><figcaption id=\"caption-attachment-266884\" class=\"wp-caption-text\">Ernest Neumann (st\u00e2nga), al\u0103turi de Nicolae Corneanu<\/figcaption><\/figure>\n<p>Rabin al comunit\u0103\u021bii ebraice din Timi\u0219oara mai bine de jum\u0103tate de secol, Ernest Neumann s-a n\u0103scut la 12 ianurie 1917 \u00een mica localitate bihorean\u0103 Ceica, unde tat\u0103l s\u0103u, Wilhelm Neumann, era administratorul unei mici fabrici de ghea\u021b\u0103 \u0219i a unei prese de ulei.<\/p>\n<p>Familia sa ducea o via\u021b\u0103 religioas\u0103, f\u0103r\u0103 a fi ultraortodox\u0103, \u00een schimb s-a preocupat \u00eendeaproape de educa\u021bia copilului. Vorbea de mic maghiara, rom\u00e2na idi\u0219, \u0219i \u00eenc\u0103 de la v\u00e2rsta de patru ani a \u00eenv\u0103\u021bat s\u0103 citeasc\u0103 \u0219i s\u0103 scrie \u00een ebraic\u0103. A urmat clasele primare \u00een localitatea natal\u0103, iar apoi gimnaziul izraelit ortodox din Oradea, unde a luat \u0219i ore de Talmud. \u0218i-a continuat studiile la liceul rom\u00e2n unit \u201eSamuil Vulcan\u201d din Beiu\u0219 \u0219i s-a clasat pe primul loc la examenul de bacalaureat, din cei 50 de absolvan\u021bi.<\/p>\n<p>P\u0103rin\u021bii lui nu erau foarte \u00eenst\u0103ri\u021bi, dar l-au sprijinit pe fiul lor s\u0103-\u0219i continue studiile la Institutul Seminarului Rabinic Superior din Budapesta, \u0219i, \u00een paralel, la universitatea \u201eP\u00e1zm\u00e1ny P\u00e9ter\u201d, unde a studiat filosofia, limbi semite \u0219i istorie oriental\u0103, sus\u021bin\u00e2ndu-\u0219i apoi lucrarea de doctorat intitulat\u0103 \u201eDespre istoricul crea\u021biei\u201d, cum este prezentat\u0103 \u00een Hagada \u0219i devenind, \u00een 1949, doctor \u00een filologie \u0219i istoria antic\u0103.<\/p>\n<h3>Profesor \u0219i rabin la Timi\u0219oara<\/h3>\n<p>Dup\u0103 Diktatul de la Viena a reu\u0219it s\u0103 ajung\u0103 de la Budapesta la Beiu\u0219 cu ajutorul unor contrabandi\u0219ti \u0219i a locuit apoi o vreme la Bucure\u0219ti, la sora lui. La o lun\u0103 dup\u0103 rebeliunea legionar\u0103, a ascultat la Templul Coral o cuv\u00e2ntare a \u0219efului rabin de atunci, Alexandru \u0218afran, care l-a marcat profund \u0219i l-a determinat s\u0103-\u0219i asume misiunea de rabin.<\/p>\n<p>A venit la Timi\u0219oara \u00een vremuri foarte grele \u0219i intrat \u00een serviciul comunit\u0103\u021bii \u00een aprilie 1941, unde postul de rabin era vacant. La vremea respectiv\u0103, comunitatea ebraic\u0103 din Timi\u0219oara num\u0103ra \u00een jur de 13.000 de membri \u0219i avea mai multe sinagogi \u0219i \u0219coli. Ernest Neumann lucra at\u00e2t ca rabin la sinagoga din Fabric, c\u00e2t \u0219i ca profesor la Liceul Israelit \u0219i ziarist. La liceu, t\u00e2n\u0103rul rabin preda religia \u00eentr-un mod deosebit de atractiv, \u0219i-a ini\u021biat elevii \u00een cultura \u0219i limba ebraic\u0103, a predat Biblia ca istorie \u0219i oper\u0103 filosofic\u0103 \u0219i istoria evreilor \u0219i era foarte iubit de elevii s\u0103i. Clasa lui edita \u0219i un ziar iar \u00een orele de dirigen\u021bie erau discutate articolele elevilor \u0219i li se aduceau \u00eembun\u0103t\u0103\u021birile necesare.<\/p>\n<p>Dup\u0103 instaurarea dictaturii antonesciene a fost trimis \u00eentr-un lag\u0103r de munc\u0103 for\u021bat\u0103, la Filia\u0219i, dar \u00een urma interven\u021biilor Comunit\u0103\u021bii, a fost eliberat dup\u0103 dou\u0103 s\u0103pt\u0103m\u00e2ni \u0219i a continuat s\u0103 \u021bin\u0103 \u00eendr\u0103zne\u021be predici de \u00eencurajare pentru cona\u021bionalii s\u0103i \u00een toate templele, \u00eei \u00eemb\u0103rb\u0103ta pe orfani \u0219i familiile r\u0103mase f\u0103r\u0103 b\u0103rba\u021bii deporta\u021bi la munc\u0103 silnic\u0103, despre care cei r\u0103ma\u0219i acas\u0103 nu mai aveau nici un fel de ve\u0219ti.<\/p>\n<p>S-a c\u0103s\u0103torit \u00een 1948 cu Edith Fuchs, originar\u0103 din Sighet, care fusese deportat\u0103 \u00eempreun\u0103 cu familia ei la Auschwitz \u0219i unde \u0219i-a pierdut p\u0103rin\u021bii \u0219i doi fra\u021bi. L-a cunoscut pe Ernest Neumann la Timi\u0219oara, \u00eentr-un cerc de prieteni, \u0219i a fost cucerit\u0103 de t\u00e2n\u0103rul care-i recita poezii \u0219i \u00eei vorbea de iudaism \u0219i politic\u0103. Nunta a avut loc la sinagoga din Fabric, \u00een prezen\u021ba a aproximativ 2.000 de oameni.<\/p>\n<h3>Ernest Neumann: \u201eC\u0103uta\u021bi binele, \u0219i nu r\u0103ul, ca s\u0103 tr\u0103i\u021bi!\u201d<\/h3>\n<p>La 1 septembrie 1949 a devenit prim-rabinul comunit\u0103\u021bii evreie\u0219ti neologe din Timi\u0219oara, iar \u00een anii urm\u0103tori, \u00een care organiza\u021biile \u0219i activit\u0103\u021bile sioniste au fost interzise, a men\u021binut via\u021ba comunit\u0103\u021bii prin serviciile divine din sinagog\u0103 \u0219i prin cursuri de limb\u0103 \u0219i de istorie a evreilor, fiind extrem de ata\u0219at de \u00eentreaga comunitate.<\/p>\n<p>Mul\u021bi evrei au ales s\u0103 emigreze \u0219i \u00een m\u0103sura \u00een care i-a stat \u00een putin\u021b\u0103 i-a sprijinit pe cei care doreau s\u0103 plece dar rabinul Neumann a ales s\u0103 r\u0103m\u00e2n\u0103 \u00een Rom\u00e2nia. Era un om plin de via\u021b\u0103, punea pasiune \u00een tot ceea ce f\u0103cea, fiind un catalizator al \u00eentregii vie\u021bi evreie\u0219ti din Timi\u0219oara. \u021ainea predicile cu o mare influen\u021b\u0103 asupra credincio\u0219ilor, \u00een limba maghiar\u0103 sau rom\u00e2n\u0103, la templul din Fabric.<\/p>\n<p>A fost totodat\u0103, un adept al ecumenismului, fiind \u00een rela\u021bii foarte bune cu ceilal\u021bi capi ai bisericii din Timi\u0219oara.<\/p>\n<p> Era un apropiat al mitropolitul Nicolae \u0219i al episcopului catolic Sebastian Kr\u00e4uter, cu credin\u021ba ca \u201eprin mijlocirea credin\u021bei \u00een acela\u0219i unic Dumnezeu, s\u0103 facem pe to\u021bi p\u0103stori\u021bii no\u0219tri s\u0103 devin\u0103 o familie unitar\u0103, \u021bin\u00e2nd seama de adev\u0103rul eviden\u021biat de profetul Maleahi: \u00abOare nu avem cu to\u021bii acela\u0219i P\u0103rinte ceresc, oare nu acela\u0219i Dumnezeu ne-a creat pe to\u021bi?\u00bb\u201d. Motto-ul s\u0103u a fost o fraz\u0103 a profetului Amos: \u201eC\u0103uta\u021bi binele \u0219i nu r\u0103ul, ca s\u0103 tr\u0103i\u021bi\u201d.<\/p>\n<h3>Peste \u0219ase decenii al\u0103turi de comunitatea ebraic\u0103 din Timi\u0219oara<\/h3>\n<p>Dup\u0103 1989, p\u00e2n\u0103 la sf\u00e2r\u0219itul zilelor sale, \u0219i-a dedicat tot mai mult timp comunit\u0103\u021bii, din ce \u00een ce mai pu\u021bin numeroase \u0219i \u00eemb\u0103tr\u00e2nite. A asigurat asisten\u021b\u0103 social\u0103 pentru membrii comunit\u0103\u021bii, prin grija sa se \u021bineau diferite \u00eent\u00e2lniri sau conferin\u021be extrem de interesante, exista un cor, el \u00eensu\u0219i a \u021binut cursuri de religie \u0219i limb\u0103.<\/p>\n<p>La comunitate existau programe s\u0103pt\u0103m\u00e2nale, inclusiv pentru copii, exista \u0219i o sal\u0103 de rug\u0103ciune. Rabinul Neumann venea c\u00e2nd copiii aveau cor iar duminica \u021binea ore de ebraic\u0103 la comunitate, fiind acela\u0219i dasc\u0103l deosebit, ca \u00een anii tinere\u021bii. Credea \u00eentr-un rol superior al existen\u021bei: \u201es\u0103 nu tr\u0103im sub imperiul lui \u00abcarpe diem\u00bb, s\u0103 nu ne \u00eenchidem \u00een carapacea unei vie\u021bi \u00eenguste, egoiste. Acolo unde e o lacrim\u0103, s\u0103 c\u0103ut\u0103m s\u0103 o usc\u0103m. S\u0103 \u00eencerc\u0103m s\u0103 aducem un sur\u00e2s pe chipul semenului nostru. S\u0103 nu ne r\u0103zbun\u0103m, s\u0103 iert\u0103m, dar s\u0103 nu uit\u0103m vreodat\u0103 nedrept\u0103\u021bice ce ni s-au f\u0103cut\u201d.<\/p>\n<p>S-a stins din via\u021b\u0103 \u00een anul 2004, dup\u0103 ce a tr\u0103it \u00een mijlocul comunit\u0103\u021bii ebraice din Timi\u0219oara mai bine de \u0219ase decenii<br \/>\nA r\u0103mas \u00een amintire nu numai ca un p\u0103rinte al comunit\u0103\u021bii ci \u0219i ca o important\u0103 personalitate a ora\u0219ului \u0219i nu numai, un om jovial dar care impunea respect, un \u00een\u021belept cu mintea vie \u0219i o memorie prodigioas\u0103, un om deschis dialogului. A fost un mare umanist, \u00eenzestrat cu o vast\u0103 cultur\u0103, un model de spiritualitate care i-a adus respectul celor care au avut privilegiul de a-l fi cunoscut.<\/p>\n<div id=\"gallery-2\" class=\"gallery galleryid-266878 gallery-columns-7 gallery-size-thumbnail\">\n<figure class=\"gallery-item\">\n<div class=\"gallery-icon landscape\"><a href=\"https:\/\/www.pressalert.ro\/wp-content\/uploads\/2017\/03\/1.-profesor-la-liceul-izraelit.jpg\"><img decoding=\"async\" loading=\"lazy\" width=\"300\" height=\"300\" src=\"https:\/\/www.pressalert.ro\/wp-content\/uploads\/2017\/03\/1.-profesor-la-liceul-izraelit-300x300.jpg\" class=\"attachment-thumbnail size-thumbnail\" alt><\/a><\/div>\n<\/figure>\n<figure class=\"gallery-item\">\n<div class=\"gallery-icon portrait\"><a href=\"https:\/\/www.pressalert.ro\/wp-content\/uploads\/2017\/03\/2.-ernest-neumann.jpg\"><img decoding=\"async\" loading=\"lazy\" width=\"300\" height=\"300\" src=\"https:\/\/www.pressalert.ro\/wp-content\/uploads\/2017\/03\/2.-ernest-neumann-300x300.jpg\" class=\"attachment-thumbnail size-thumbnail\" alt><\/a><\/div>\n<\/figure>\n<figure class=\"gallery-item\">\n<div class=\"gallery-icon portrait\"><a href=\"https:\/\/www.pressalert.ro\/wp-content\/uploads\/2017\/03\/3.-ernest-neumann.jpg\"><img decoding=\"async\" loading=\"lazy\" width=\"300\" height=\"300\" src=\"https:\/\/www.pressalert.ro\/wp-content\/uploads\/2017\/03\/3.-ernest-neumann-300x300.jpg\" class=\"attachment-thumbnail size-thumbnail\" alt><\/a><\/div>\n<\/figure>\n<figure class=\"gallery-item\">\n<div class=\"gallery-icon portrait\"><a href=\"https:\/\/www.pressalert.ro\/wp-content\/uploads\/2017\/03\/4.-ernest-neumann.jpg\"><img decoding=\"async\" loading=\"lazy\" width=\"300\" height=\"300\" src=\"https:\/\/www.pressalert.ro\/wp-content\/uploads\/2017\/03\/4.-ernest-neumann-300x300.jpg\" class=\"attachment-thumbnail size-thumbnail\" alt><\/a><\/div>\n<\/figure>\n<figure class=\"gallery-item\">\n<div class=\"gallery-icon landscape\"><a href=\"https:\/\/www.pressalert.ro\/wp-content\/uploads\/2017\/03\/5.-rabinul-si-mitropolitul.jpg\"><img decoding=\"async\" loading=\"lazy\" width=\"300\" height=\"300\" src=\"https:\/\/www.pressalert.ro\/wp-content\/uploads\/2017\/03\/5.-rabinul-si-mitropolitul-300x300.jpg\" class=\"attachment-thumbnail size-thumbnail\" alt><\/a><\/div>\n<\/figure>\n<figure class=\"gallery-item\">\n<div class=\"gallery-icon landscape\"><a href=\"https:\/\/www.pressalert.ro\/wp-content\/uploads\/2017\/03\/6.-rabinul-si-mitropolitul.jpg\"><img decoding=\"async\" loading=\"lazy\" width=\"300\" height=\"300\" src=\"https:\/\/www.pressalert.ro\/wp-content\/uploads\/2017\/03\/6.-rabinul-si-mitropolitul-300x300.jpg\" class=\"attachment-thumbnail size-thumbnail\" alt><\/a><\/div>\n<\/figure>\n<figure class=\"gallery-item\">\n<div class=\"gallery-icon portrait\"><a href=\"https:\/\/www.pressalert.ro\/wp-content\/uploads\/2017\/03\/7.-piatra-funerara.jpg\"><img decoding=\"async\" loading=\"lazy\" width=\"300\" height=\"300\" src=\"https:\/\/www.pressalert.ro\/wp-content\/uploads\/2017\/03\/7.-piatra-funerara-300x300.jpg\" class=\"attachment-thumbnail size-thumbnail\" alt><\/a><\/div>\n<\/figure>\n<\/div>\n<p>Surse foto: bjt2006.org, baabel.suprapus.ro, banaterra.eu<\/p>\n<\/div>\n<footer>\n<div class=\"td-post-source-tags td-pb-padding-side\">\n<ul class=\"td-tags td-post-small-box clearfix\">\n<li><span>ETICHETE<\/span><\/li>\n<li><a href=\"https:\/\/www.pressalert.ro\/tag\/comunitatea-ebraica\/\">comunitatea ebraic\u0103<\/a><\/li>\n<li><a href=\"https:\/\/www.pressalert.ro\/tag\/ernest-neumann\/\">Ernest Neumann<\/a><\/li>\n<li><a href=\"https:\/\/www.pressalert.ro\/tag\/personalitate\/\">personalitate<\/a><\/li>\n<li><a href=\"https:\/\/www.pressalert.ro\/tag\/profesor\/\">profesor<\/a><\/li>\n<li><a href=\"https:\/\/www.pressalert.ro\/tag\/rabin\/\">rabin<\/a><\/li>\n<li><a href=\"https:\/\/www.pressalert.ro\/tag\/timisoara-uitata\/\">timisoara uitata<\/a><\/li>\n<\/ul>\n<\/div>\n<div class=\"td-post-sharing td-post-sharing-bottom td-pb-padding-side\"><span class=\"td-post-share-title\">DISTRIBUI\u021aI<\/span><\/p>\n<div class=\"td-default-sharing \"><a class=\"td-social-sharing-buttons td-social-facebook\" href=\"http:\/\/www.facebook.com\/sharer.php?u=https%3A%2F%2Fwww.pressalert.ro%2F2017%2F03%2Ftimisoara-uitata-ernest-neumann-rabinul-care-venit-la-timisoara-timpul-celui-de-al-doilea-razboi-mondial-foto%2F\"><\/p>\n<div class=\"td-social-but-text\">Facebook<\/div>\n<p><\/a><a class=\"td-social-sharing-buttons td-social-twitter\" href=\"https:\/\/twitter.com\/intent\/tweet?text=TIMI%C8%98OARA+UITAT%C4%82+Ernest+Neumann%2C+rabinul+care+a+venit+la+Timi%C8%99oara+%C3%AEn+timpul+celui+de-Al+Doilea+R%C4%83zboi+Mondial+FOTO&amp;url=https%3A%2F%2Fwww.pressalert.ro%2F2017%2F03%2Ftimisoara-uitata-ernest-neumann-rabinul-care-venit-la-timisoara-timpul-celui-de-al-doilea-razboi-mondial-foto%2F&amp;via=PRESSALERT.ro\"><\/p>\n<div class=\"td-social-but-text\">Twitter<\/div>\n<p><\/a><\/div>\n<\/div>\n<div class=\"td-block-row td-post-next-prev\">\n<div class=\"td-block-span6 td-post-prev-post\">\n<div class=\"td-post-next-prev-content\"><span>Articolul precedent<\/span><a href=\"https:\/\/www.pressalert.ro\/2017\/03\/raed-arafat-la-timisoara-este-imposibil-sa-punem-un-elicopter-smurd-fiecare-judet\/\">Raed Arafat, la Timi\u0219oara: \u201eEste imposibil s\u0103 punem un elicopter SMURD \u00een fiecare jude\u021b\u201d<\/a><\/div>\n<\/div>\n<div class=\"td-block-span6 td-post-next-post\">\n<div class=\"td-post-next-prev-content\"><span>Articolul urm\u0103tor<\/span><a href=\"https:\/\/www.pressalert.ro\/2017\/03\/migranti-din-irak-si-siria-prinsi-timp-ce-incercau-sa-intre-ilegal-romania-vezi-cati-ani-cel-mai-mic-dintre-ei\/\">Migran\u021bi din Irak \u0219i Siria, prin\u0219i \u00een timp ce \u00eencercau s\u0103 intre ilegal \u00een Rom\u00e2nia. Vezi c\u00e2\u021bi ani are cel mai mic dintre ei<\/a><\/div>\n<\/div>\n<\/div>\n<div class=\"author-box-wrap\"><a href=\"https:\/\/www.pressalert.ro\/author\/liana-paun\/\"><img decoding=\"async\" alt src=\"https:\/\/secure.gravatar.com\/avatar\/e237afe71dbb475f2bb6dffeb603d703?s=96&amp;d=mm&amp;r=g\" class=\"avatar avatar-96 photo\" height=\"96\" width=\"96\" loading=\"lazy\"><\/a><\/p>\n<div class=\"desc\">\n<div class=\"td-author-name vcard author\"><span class=\"fn\"><a href=\"https:\/\/www.pressalert.ro\/author\/liana-paun\/\">Liana P\u0103un<\/a><\/span><\/div>\n<div class=\"td-author-url\"><a href=\"http:\/\/www.pressalert.ro\">http:\/\/www.pressalert.ro<\/a><\/div>\n<\/div>\n<\/div>\n<p><span><\/span><span><span><\/span><\/span><span><\/span><\/footer>\n<\/article>\n<p> Source URL: https:\/\/www.pressalert.ro\/2017\/03\/timisoara-uitata-ernest-neumann-rabinul-care-venit-la-timisoara-timpul-celui-de-al-doilea-razboi-mondial-foto\/<\/p>\n","protected":false},"excerpt":{"rendered":"<p>Acas\u0103Campanii PRESSALERTTIMI\u0218OARA UITAT\u0102 Ernest Neumann, rabinul care a venit la Timi\u0219oara \u00een timpul&#8230; Campanii PRESSALERT Timi\u0219oara uitat\u0103 TIMI\u0218OARA UITAT\u0102 Ernest Neumann, rabinul care a venit la Timi\u0219oara \u00een timpul celui de-Al Doilea R\u0103zboi Mondial FOTO De Liana P\u0103un &#8211; mart. 12, 2017 0 DISTRIBUI\u021aI Facebook Twitter Ernest Neumann (st\u00e2nga), al\u0103turi de Nicolae Corneanu Rabin al [&hellip;]<\/p>\n","protected":false},"author":1,"featured_media":0,"comment_status":"open","ping_status":"","sticky":false,"template":"","format":"standard","meta":{"footnotes":""},"categories":[89],"tags":[176],"class_list":["post-1233001","post","type-post","status-publish","format-standard","hentry","category-romania","tag-pressalert-ro"],"_links":{"self":[{"href":"https:\/\/analyse.optim.biz\/index.php?rest_route=\/wp\/v2\/posts\/1233001","targetHints":{"allow":["GET"]}}],"collection":[{"href":"https:\/\/analyse.optim.biz\/index.php?rest_route=\/wp\/v2\/posts"}],"about":[{"href":"https:\/\/analyse.optim.biz\/index.php?rest_route=\/wp\/v2\/types\/post"}],"author":[{"embeddable":true,"href":"https:\/\/analyse.optim.biz\/index.php?rest_route=\/wp\/v2\/users\/1"}],"replies":[{"embeddable":true,"href":"https:\/\/analyse.optim.biz\/index.php?rest_route=%2Fwp%2Fv2%2Fcomments&post=1233001"}],"version-history":[{"count":0,"href":"https:\/\/analyse.optim.biz\/index.php?rest_route=\/wp\/v2\/posts\/1233001\/revisions"}],"wp:attachment":[{"href":"https:\/\/analyse.optim.biz\/index.php?rest_route=%2Fwp%2Fv2%2Fmedia&parent=1233001"}],"wp:term":[{"taxonomy":"category","embeddable":true,"href":"https:\/\/analyse.optim.biz\/index.php?rest_route=%2Fwp%2Fv2%2Fcategories&post=1233001"},{"taxonomy":"post_tag","embeddable":true,"href":"https:\/\/analyse.optim.biz\/index.php?rest_route=%2Fwp%2Fv2%2Ftags&post=1233001"}],"curies":[{"name":"wp","href":"https:\/\/api.w.org\/{rel}","templated":true}]}}