{"id":1232922,"date":"2015-01-22T13:18:39","date_gmt":"2015-01-22T10:18:39","guid":{"rendered":"https:\/\/analyse.optim.biz\/?p=1232922"},"modified":"2015-01-22T13:18:39","modified_gmt":"2015-01-22T10:18:39","slug":"mafia-mortilor-din-timisoara-patronul-unei-firme-de-pompe-funebre-rupe-tacerea","status":"publish","type":"post","link":"https:\/\/analyse.optim.biz\/?p=1232922","title":{"rendered":"Mafia mor\u021bilor din Timi\u0219oara! Patronul unei firme de pompe funebre rupe t\u0103cerea &#8211;"},"content":{"rendered":"<p><article id=\"post-10678\" class=\"post-id post-10678 post type-post status-publish format-standard has-post-thumbnail hentry category-eveniment category-interviu category-stiri-locale category-slider tag-funebre tag-mafia tag-morti tag-patron tag-pompe tag-timisoara\"><span class=\"updated\">2015-01-22<\/span><\/p>\n<div class=\"vcard author\"><strong class=\"fn\"><a href=\"https:\/\/www.banatulmeu.ro\/author\/idraghia\/\" title=\"Articole de Administrator\" rel=\"author\">Administrator<\/a><\/strong><\/div>\n<div id=\"post-header-bd\" class=\"post-header-bd\">\n<div class=\"entry-crumbs\">\n<div class=\"vbreadcrumb\"><a href=\"https:\/\/www.banatulmeu.ro\/\" rel=\"v:url\" class=\"home\">Home<\/a><\/div>\n<div class=\"vbreadcrumb\"><a href=\"https:\/\/www.banatulmeu.ro\/category\/eveniment\/\" title=\"Eveniment\" rel=\"v:url\">Eveniment<\/a><\/div>\n<div class=\"vbreadcrumb\">\n                            Mafia mor\u021bilor din Timi\u0219oara! Patronul unei firme de pompe funebre rupe t\u0103cerea                        <\/div>\n<\/div>\n<header>\n<h1 class=\"entry-title\">Mafia mor\u021bilor din Timi\u0219oara! Patronul unei firme de pompe funebre rupe t\u0103cerea<\/h1>\n<div class=\"meta-info\">\n<div class=\"post-author-bd\">\n                By <a href=\"https:\/\/www.banatulmeu.ro\/author\/idraghia\/\" title>Administrator <\/a><\/div>\n<div class=\"post-date-bd\">\n                &#8211; 22 ianuarie 2015            <\/div>\n<div class=\"post-date-bd\">\n                &#8211; 15:18            <\/div>\n<div class=\"post-cats-bd\">\n                &#8211; in <a href=\"https:\/\/www.banatulmeu.ro\/category\/eveniment\/\" rel=\"category tag\">Eveniment<\/a>, <a href=\"https:\/\/www.banatulmeu.ro\/category\/interviu\/\" rel=\"category tag\">Interviu<\/a>, <a href=\"https:\/\/www.banatulmeu.ro\/category\/stiri-2\/stiri-locale\/\" rel=\"category tag\">Locale<\/a>, <a href=\"https:\/\/www.banatulmeu.ro\/category\/slider\/\" rel=\"category tag\">Slider<\/a><\/div>\n<div class=\"post-comments-bd\"><a href=\"https:\/\/www.banatulmeu.ro\/mafia-mortilor-din-timisoara-patronul-unei-firme-de-pompe-funebre-rupe-tacerea\/#respond\">0<\/a><\/div>\n<\/div>\n<\/header>\n<\/div>\n<div class=\"post-content-bd\">\n<div class=\"post-featured\" id=\"post-featured\">\n<div class=\"post-featured-image-bd\">\n<figure><a href=\"https:\/\/www.banatulmeu.ro\/wp-content\/uploads\/2015\/01\/306858_568627226501475_399622592_n.jpg\" rel=\"bookmark\"><img loading=\"lazy\" decoding=\"async\" width=\"440\" height=\"330\" src=\"https:\/\/www.banatulmeu.ro\/wp-content\/uploads\/2015\/01\/306858_568627226501475_399622592_n.jpg\" class=\"attachment-bd-normal size-bd-normal wp-post-image\" alt><img loading=\"lazy\" decoding=\"async\" width=\"440\" height=\"330\" src=\"https:\/\/www.banatulmeu.ro\/wp-content\/uploads\/2015\/01\/306858_568627226501475_399622592_n.jpg\" class=\"attachment-bd-normal size-bd-normal wp-post-image\" alt><\/a><\/figure>\n<\/div>\n<\/div>\n<p>Patronul unei cunoscute firme de pompe funebre din Timi\u0219oara, MTS FUN, poveste\u0219te despre mafia incredibil\u0103 din sistem. De la oamenii de pe salvare, la doctori, rechinii pompelor funebre \u0219i \u0219efi de spitale cu to\u021bii sunt prin\u0219i \u00eentr-un sistem corupt \u00een care mortul devine o simpl\u0103 marf\u0103 de schimb. Silviu V\u00e2rna a acceptat un interviu blitz pentru <a href=\"http:\/\/www.banatulmeu.ro\">banatulmeu.ro<\/a> . Timi\u0219oreanul vine \u0219i cu o propunere pentru a evita concuren\u021ba neloial\u0103 \u0219i \u0219pag\u0103 contra mor\u021bi \u00een capitala Banatului.<\/p>\n<p>\u00a0Care sunt problemele generale ale unui patron de pompe funebre \u00een Timi\u015foara?<\/p>\n<p>Una dintre cele mai grave probleme este rela\u0163ia noastr\u0103 cu spitalele. De exemplu, exist\u0103 reprezentan\u0163i de pompe funebre care sunt \u00een leg\u0103tur\u0103 direct\u0103 \u015fi secret\u0103 cu medicii \u015fi asistentele de la intern\u0103ri, iar acest fapt \u00eencalc\u0103 orice lege \u015fi conduit\u0103 corect\u0103 \u00een afacere.<\/p>\n<p>Ce \u00eenseamn\u0103 exact asta?<\/p>\n<p>\u00cen mod aberant, medicii impun familiei r\u0103posatului s\u0103 nu aib\u0103 rela\u0163ie \u015fi cu alte firme de pompe funebre. For\u0163eaz\u0103 familia s\u0103 \u00ee\u015fi \u00eengroape mortul numai cu o anumit\u0103 firm\u0103. De multe ori familia nici nu \u015ftie acest lucru. Se treze\u015fte c\u0103 de mort se ocup\u0103 o firm\u0103 de care habar nu are \u015fi nici nu discutase cu acea firm\u0103 \u00een prealabil. Pe scurt, exist\u0103 o mafie \u00eengrozitoare din care fac parte medici, asistentele \u015fi unele firme de pompe funebre. Dac\u0103 nu e\u015fti \u00een aceast\u0103 rela\u0163ie, este greu s\u0103 suprave\u0163ue\u015fti.<\/p>\n<p>De ce se \u00eent\u00e2mpl\u0103 asta?<\/p>\n<p>Foamea de bani\u2026<\/p>\n<p>Vi se pare normal acest monopol pe mor\u0163i?<\/p>\n<p>Sigur c\u0103 nu e normal. S\u0103 pui monopol pe mor\u0163i \u015fi pe familia mo\u0163ilor e un dezastru, e pu\u015fc\u0103rie!<\/p>\n<p>Ce ar fi de f\u0103cut pentru ca acest fenomen s\u0103 dispar\u0103?<\/p>\n<p>De exemplu, pompele funebre s\u0103 nu mai aib\u0103 ce c\u0103uta \u00een spitale. \u00cen schimb, pentru a exista \u015fanse egale, toate firmele de pompe funebre s\u0103 fie \u00eenregistrate la intern\u0103ri pe o foaie, cu num\u0103rul de telefon, iar familiile r\u0103posa\u0163ilor s\u0103 apeleze la firmele care doresc, la alegere. \u00cen plus, trebuie schimbat tot personalul de la intern\u0103ri, fiindc\u0103 sunt to\u0163i \u00een grup.<\/p>\n<p>Cine s\u0103 impun\u0103 asta?<\/p>\n<p>Directorii de spital.<\/p>\n<p>Eu cred c\u0103 nu se va \u00eent\u00e2mpla a\u015fa ceva. Directorii spun c\u0103 nu se bag\u0103.<\/p>\n<p>Totu\u015fi, nu crede\u0163i c\u0103, de fapt, este o infla\u0163ie de firme de pompe funebre \u00een Timi\u015foara, la fel ca farmaciile. S\u0103 fie o dovad\u0103 c\u0103 \u00een acest domeniu corup\u0163ia e atotst\u0103p\u00e2nitoare ?<\/p>\n<p>Cam a\u015fa e. Rechinul mare \u00eel m\u0103n\u00e2nc\u0103 pe cel mic. A\u015fa e \u015fi \u00een acest domeniu. Vom continua la nesf\u00e2r\u015fit a\u015fa dac\u0103 nu se iau m\u0103suri.<\/p>\n<p>Cine poate pune ordine \u00een sistem?<\/p>\n<p>Procurorii \u015fi poli\u0163ia. Legile sunt bune, dar nu sunt respectate. Sunt c\u0103lcate \u00een picioare de rechinii pompelor funebre, care pun monopol pe mor\u0163i, \u00een c\u00e2rd\u0103\u015fie cu medicii din spitale. At\u00e2t c\u00e2t e\u015fti \u00een via\u0163\u0103 e\u015fti om, c\u00e2nd mori devii o marf\u0103, pe care se pot scoate bani grei \u015fi adesea negri.<\/p>\n<p>G. M.<\/p>\n<div id=\"gallery-1\" class=\"gallery galleryid-10678 gallery-columns-3 gallery-size-thumbnail\">\n<figure class=\"gallery-item\">\n<div class=\"gallery-icon landscape\"><a href=\"https:\/\/www.banatulmeu.ro\/mafia-mortilor-din-timisoara-patronul-unei-firme-de-pompe-funebre-rupe-tacerea\/10355763_758327980864731_3102288202216167732_n\/\"><img loading=\"lazy\" decoding=\"async\" width=\"150\" height=\"150\" src=\"https:\/\/www.banatulmeu.ro\/wp-content\/uploads\/2015\/01\/10355763_758327980864731_3102288202216167732_n-150x150.jpg\" class=\"attachment-thumbnail size-thumbnail\" alt><img loading=\"lazy\" decoding=\"async\" width=\"150\" height=\"150\" src=\"https:\/\/www.banatulmeu.ro\/wp-content\/uploads\/2015\/01\/10355763_758327980864731_3102288202216167732_n-150x150.jpg\" class=\"attachment-thumbnail size-thumbnail\" alt><\/a><\/div>\n<\/figure>\n<figure class=\"gallery-item\">\n<div class=\"gallery-icon portrait\"><a href=\"https:\/\/www.banatulmeu.ro\/mafia-mortilor-din-timisoara-patronul-unei-firme-de-pompe-funebre-rupe-tacerea\/10333664_758328084198054_1175378556846147508_o\/\"><img loading=\"lazy\" decoding=\"async\" width=\"150\" height=\"150\" src=\"https:\/\/www.banatulmeu.ro\/wp-content\/uploads\/2015\/01\/10333664_758328084198054_1175378556846147508_o-150x150.jpg\" class=\"attachment-thumbnail size-thumbnail\" alt><img loading=\"lazy\" decoding=\"async\" width=\"150\" height=\"150\" src=\"https:\/\/www.banatulmeu.ro\/wp-content\/uploads\/2015\/01\/10333664_758328084198054_1175378556846147508_o-150x150.jpg\" class=\"attachment-thumbnail size-thumbnail\" alt><\/a><\/div>\n<\/figure>\n<\/div>\n<\/div>\n<footer>\n<div class=\"post-tags-bd\"><span>Tags<\/span><a href=\"https:\/\/www.banatulmeu.ro\/tag\/funebre\/\" rel=\"tag\">funebre<\/a><a href=\"https:\/\/www.banatulmeu.ro\/tag\/mafia\/\" rel=\"tag\">mafia<\/a><a href=\"https:\/\/www.banatulmeu.ro\/tag\/morti\/\" rel=\"tag\">morti<\/a><a href=\"https:\/\/www.banatulmeu.ro\/tag\/patron\/\" rel=\"tag\">patron<\/a><a href=\"https:\/\/www.banatulmeu.ro\/tag\/pompe\/\" rel=\"tag\">pompe<\/a><a href=\"https:\/\/www.banatulmeu.ro\/tag\/timisoara\/\" rel=\"tag\">timisoara<\/a><\/div>\n<div class=\"post-sharing-bd\">\n<ul>\n<li class=\"ps-title\">\n<li class=\"facebook\">\n<li class=\"twitter\">\n<li class=\"linkedin\">\n<li class=\"reddit\">\n<li class=\"tumblr\">\n<li class=\"google\">\n<li class=\"pinterest\"><\/ul>\n<\/div>\n<div class=\"post-nav-links\">\n<div class=\"post-nav-prev\"><a href=\"https:\/\/www.banatulmeu.ro\/trezoreria-bucuresti-nu-vrea-sa-despagubeasca-doua-doamne-din-timisoara\/\" rel=\"prev\"><span>Previous article<\/span> Trezoreria Bucure\u0219ti \u00ee\u0219i bate joc de dou\u0103 timi\u0219orence!<\/a><\/div>\n<div class=\"post-nav-next\"><a href=\"https:\/\/www.banatulmeu.ro\/expozitie-inedita-de-arta-la-timisoara-politehnica-in-arta-arta-in-politehnica\/\" rel=\"next\"><span>Next article<\/span> Expozi\u0163ie inedit\u0103 de art\u0103, la Timi\u015foara: \u201ePolitehnica \u00een art\u0103, arta \u00een Politehnic\u0103\u201d<\/a><\/div>\n<\/div>\n<div class=\"author-box-bd\">\n<div class=\"title-bd\">\n<h3>\n            About the author        <\/h3>\n<\/div>\n<div class=\"ab-inner\">\n<div class=\"ab-avatar\"><img loading=\"lazy\" decoding=\"async\" src=\"https:\/\/www.banatulmeu.ro\/wp-content\/plugins\/user-avatar\/user-avatar-pic.php?src=https:\/\/www.banatulmeu.ro\/wp-content\/uploads\/avatars\/1\/1453476097-bpfull.jpg&amp;w=100&amp;id=1&amp;random=1453476097\" alt class=\" avatar  avatar-100  photo user-1-avatar\" width=\"100\" height=\"100\"><img loading=\"lazy\" decoding=\"async\" src=\"https:\/\/www.banatulmeu.ro\/wp-content\/plugins\/user-avatar\/user-avatar-pic.php?src=https:\/\/www.banatulmeu.ro\/wp-content\/uploads\/avatars\/1\/1453476097-bpfull.jpg&amp;w=100&amp;id=1&amp;random=1453476097\" alt class=\" avatar  avatar-100  photo user-1-avatar\" width=\"100\" height=\"100\"><\/div>\n<div class=\"ab-content\">\n<div class=\"ab-header\">\n<div class=\"ab-name\"><a href=\"https:\/\/www.banatulmeu.ro\/author\/idraghia\/\">Administrator<\/a><\/div>\n<\/div>\n<\/div>\n<\/div>\n<\/div>\n<div class=\"post-related-bd\">\n<div class=\"title-bd\">\n<h3>\n                    Related Posts                <\/h3>\n<\/div>\n<section id=\"related-posts\">\n<div class=\"related-inner\">\n<div class=\"related-row\">\n<div data-val=\"177887\" class=\"rp-post\">\n<div class=\"rp-thumbnail\"><a href=\"https:\/\/www.banatulmeu.ro\/marilen-pirtea-voi-reflecta-asupra-propunerii-de-a-prelua-ministerul-educatiei-decizia-va-fi-luata-dupa-perioada-de-sarbatori\/\" rel=\"bookmark\"><img loading=\"lazy\" decoding=\"async\" width=\"331\" height=\"219\" src=\"https:\/\/www.banatulmeu.ro\/wp-content\/uploads\/2025\/06\/IMG_1283-331x219.jpeg\" class=\"attachment-bd-large size-bd-large wp-post-image\" alt><img decoding=\"async\" width=\"331\" height=\"219\" src=\"https:\/\/www.banatulmeu.ro\/wp-content\/uploads\/2025\/06\/IMG_1283-331x219.jpeg\" class=\"attachment-bd-large size-bd-large wp-post-image\" alt loading=\"lazy\"><\/a><\/div>\n<div class=\"rp-meta\">\n<h3 class=\"entry-title\"><a href=\"https:\/\/www.banatulmeu.ro\/marilen-pirtea-voi-reflecta-asupra-propunerii-de-a-prelua-ministerul-educatiei-decizia-va-fi-luata-dupa-perioada-de-sarbatori\/\" title=\"Marilen Pirtea, despre preluarea Educa\u021biei: Decizia va fi luat\u0103 dup\u0103 s\u0103rb\u0103tori\" rel=\"bookmark\">Marilen Pirtea, despre preluarea Educa\u021biei: Decizia va fi luat\u0103 dup\u0103 s\u0103rb\u0103tori<\/a><\/h3>\n<p><span class=\"ws-info\"><span>7 ore ago<\/span><\/span><\/div>\n<\/div>\n<div data-val=\"177882\" class=\"rp-post\">\n<div class=\"rp-thumbnail\"><a href=\"https:\/\/www.banatulmeu.ro\/peste-17-000-de-cereri-pentru-noua-carte-electronica-de-identitate-inregistrate-la-timisoara\/\" rel=\"bookmark\"><img loading=\"lazy\" decoding=\"async\" width=\"331\" height=\"219\" src=\"https:\/\/www.banatulmeu.ro\/wp-content\/uploads\/2025\/05\/Buletin-scaled-e1711879254911-1200x766-1-331x219.jpg\" class=\"attachment-bd-large size-bd-large wp-post-image\" alt><img decoding=\"async\" width=\"331\" height=\"219\" src=\"https:\/\/www.banatulmeu.ro\/wp-content\/uploads\/2025\/05\/Buletin-scaled-e1711879254911-1200x766-1-331x219.jpg\" class=\"attachment-bd-large size-bd-large wp-post-image\" alt loading=\"lazy\"><\/a><\/div>\n<div class=\"rp-meta\">\n<h3 class=\"entry-title\"><a href=\"https:\/\/www.banatulmeu.ro\/peste-17-000-de-cereri-pentru-noua-carte-electronica-de-identitate-inregistrate-la-timisoara\/\" title=\"Peste 17.000 de cereri pentru noua carte electronic\u0103 de identitate, \u00eenregistrate la Timi\u0219oara\" rel=\"bookmark\">Peste 17.000 de cereri pentru noua carte electronic\u0103 de identitate, \u00eenregistrate la Timi\u0219oara<\/a><\/h3>\n<p><span class=\"ws-info\"><span>10 ore ago<\/span><\/span><\/div>\n<\/div>\n<div data-val=\"177880\" class=\"rp-post last-col\">\n<div class=\"rp-thumbnail\"><a href=\"https:\/\/www.banatulmeu.ro\/itm-timis-s-au-dublat-amenzile-pentru-munca-la-negru\/\" rel=\"bookmark\"><img loading=\"lazy\" decoding=\"async\" width=\"331\" height=\"219\" src=\"https:\/\/www.banatulmeu.ro\/wp-content\/uploads\/2018\/09\/meserias-muncitor-331x219.jpg\" class=\"attachment-bd-large size-bd-large wp-post-image\" alt><img decoding=\"async\" width=\"331\" height=\"219\" src=\"https:\/\/www.banatulmeu.ro\/wp-content\/uploads\/2018\/09\/meserias-muncitor-331x219.jpg\" class=\"attachment-bd-large size-bd-large wp-post-image\" alt loading=\"lazy\"><\/a><\/div>\n<div class=\"rp-meta\">\n<h3 class=\"entry-title\"><a href=\"https:\/\/www.banatulmeu.ro\/itm-timis-s-au-dublat-amenzile-pentru-munca-la-negru\/\" title=\"ITM Timi\u0219: s-au dublat amenzile pentru munca la negru\" rel=\"bookmark\">ITM Timi\u0219: s-au dublat amenzile pentru munca la negru<\/a><\/h3>\n<p><span class=\"ws-info\"><span>10 ore ago<\/span><\/span><\/div>\n<\/div>\n<\/div>\n<\/div>\n<\/section>\n<\/div>\n<\/footer>\n<div id=\"comments\" class=\"comments-area\">\n<div id=\"respond\" class=\"comment-respond\">\n<h3 id=\"reply-title\" class=\"comment-reply-title\">\n<div class=\"title-bd\">\n<h3>Leave a Reply<\/h3>\n<\/div>\n<p><small><a rel=\"nofollow\" id=\"cancel-comment-reply-link\" href=\"https:\/\/www.banatulmeu.ro\/mafia-mortilor-din-timisoara-patronul-unei-firme-de-pompe-funebre-rupe-tacerea\/#respond\">Cancel Reply<\/a><\/small><\/h3>\n<p class=\"comment-notes\"><span id=\"email-notes\">Adresa ta de email nu va fi publicat\u0103.<\/span><span class=\"required-field-message\">C\u00e2mpurile obligatorii sunt marcate cu <span class=\"required\">*<\/span><\/span><\/p>\n<\/div>\n<\/div>\n<\/article>\n<p> Source URL: https:\/\/www.banatulmeu.ro\/mafia-mortilor-din-timisoara-patronul-unei-firme-de-pompe-funebre-rupe-tacerea\/<\/p>\n","protected":false},"excerpt":{"rendered":"<p>2015-01-22 Administrator Home Eveniment Mafia mor\u021bilor din Timi\u0219oara! Patronul unei firme de pompe funebre rupe t\u0103cerea Mafia mor\u021bilor din Timi\u0219oara! Patronul unei firme de pompe funebre rupe t\u0103cerea By Administrator &#8211; 22 ianuarie 2015 &#8211; 15:18 &#8211; in Eveniment, Interviu, Locale, Slider 0 Patronul unei cunoscute firme de pompe funebre din Timi\u0219oara, MTS FUN, poveste\u0219te [&hellip;]<\/p>\n","protected":false},"author":1,"featured_media":0,"comment_status":"open","ping_status":"","sticky":false,"template":"","format":"standard","meta":{"footnotes":""},"categories":[89],"tags":[204],"class_list":["post-1232922","post","type-post","status-publish","format-standard","hentry","category-romania","tag-banatulmeu-ro"],"_links":{"self":[{"href":"https:\/\/analyse.optim.biz\/index.php?rest_route=\/wp\/v2\/posts\/1232922","targetHints":{"allow":["GET"]}}],"collection":[{"href":"https:\/\/analyse.optim.biz\/index.php?rest_route=\/wp\/v2\/posts"}],"about":[{"href":"https:\/\/analyse.optim.biz\/index.php?rest_route=\/wp\/v2\/types\/post"}],"author":[{"embeddable":true,"href":"https:\/\/analyse.optim.biz\/index.php?rest_route=\/wp\/v2\/users\/1"}],"replies":[{"embeddable":true,"href":"https:\/\/analyse.optim.biz\/index.php?rest_route=%2Fwp%2Fv2%2Fcomments&post=1232922"}],"version-history":[{"count":0,"href":"https:\/\/analyse.optim.biz\/index.php?rest_route=\/wp\/v2\/posts\/1232922\/revisions"}],"wp:attachment":[{"href":"https:\/\/analyse.optim.biz\/index.php?rest_route=%2Fwp%2Fv2%2Fmedia&parent=1232922"}],"wp:term":[{"taxonomy":"category","embeddable":true,"href":"https:\/\/analyse.optim.biz\/index.php?rest_route=%2Fwp%2Fv2%2Fcategories&post=1232922"},{"taxonomy":"post_tag","embeddable":true,"href":"https:\/\/analyse.optim.biz\/index.php?rest_route=%2Fwp%2Fv2%2Ftags&post=1232922"}],"curies":[{"name":"wp","href":"https:\/\/api.w.org\/{rel}","templated":true}]}}