{"id":1232897,"date":"2016-02-04T19:37:22","date_gmt":"2016-02-04T16:37:22","guid":{"rendered":"https:\/\/analyse.optim.biz\/?p=1232897"},"modified":"2016-02-04T19:37:22","modified_gmt":"2016-02-04T16:37:22","slug":"fumatul-pasiv-la-fel-de-periculos-ca-si-cel-activ-ziarul-de-vaslui","status":"publish","type":"post","link":"https:\/\/analyse.optim.biz\/?p=1232897","title":{"rendered":"Fumatul pasiv, la fel de periculos ca \u0219i cel activ &#8211; Ziarul de Vaslui"},"content":{"rendered":"<div class=\"entry-content clearfix\">\n<p><strong>Copiii expu\u0219i indirect la fumul de \u021bigar\u0103 sunt mai susceptibili s\u0103 sufere de exces de greutate \u0219i s\u0103 aib\u0103 abilit\u0103\u021bi cognitive mai s\u0103race, conform unui studiu american citat de publica\u021bia francez\u0103 \u2018La depeche\u2019 pe site-ul s\u0103u.<\/strong><\/p>\n<p>Ca \u0219i \u00een studiile anterioare pe aceast\u0103 tem\u0103, \u0219i acesta s-a bazat doar pe r\u0103spunsurile p\u0103rin\u021bilor la chestionare privind fumatul pasiv al copiilor lor. Deoarece rezultatele au fost considerate neconcludente, o echip\u0103 de cercet\u0103tori de la Medical College of Georgia din Augusta (SUA) a decis s\u0103 mearg\u0103 mai departe cu acest studiu.<\/p>\n<p>Pentru aceasta ei au apelat la 220 de copii obezi sau supraponderali cu v\u00e2rste cuprinse \u00eentre 7 p\u00e2n\u0103 la 11 ani \u0219i au evaluat expunerea lor la fumul de \u021bigar\u0103. \u00cen plus fa\u021b\u0103 de intervievarea p\u0103rin\u021bilor \u0219i copiilor, ei au prelevat s\u00e2nge pentru a m\u0103sura nivelul lor de cotinin\u0103, un derivat de nicotin\u0103, indicator al fumatului pasiv.<\/p>\n<p>De asemenea, echipa a m\u0103surat nivelul de activitate fizic\u0103 al copiilor, un factor care poate influen\u021ba \u00een mare m\u0103sur\u0103 prezen\u021ba gr\u0103simii \u00een organism.<\/p>\n<p>Dup\u0103 ce au analizat datele, au constatat o diferen\u021b\u0103 de 25% \u00eentre prezen\u021ba nicotinei \u00een s\u00e2nge \u0219i declara\u021biile p\u0103rin\u021bilor. Totodat\u0103, ei au descoperit o leg\u0103tur\u0103 \u00eentre fumatul pasiv \u0219i obezitatea infantil\u0103 (inclusiv stomacuri mai mari \u0219i o mas\u0103 mai mare de gr\u0103sime).<\/p>\n<p>Oamenii de \u0219tiin\u021b\u0103 au stabilit, de asemenea, o leg\u0103tur\u0103 \u00eentre acest tip de fumat \u0219i abilit\u0103\u021bile cognitive mai mici, care pot duce la deficit de aten\u021bie \u00een clas\u0103 \u0219i note mai mici la \u0219coal\u0103 dec\u00e2t cele ale colegilor lor.<\/p>\n<p>Chiar dac\u0103 mai multe studii anterioare au ar\u0103tat efectele nocive ale fumatului pasiv asupra frecven\u021bei atacurilor de astm \u0219i problemelor respiratorii la copii, acest ultim studiu nu a stabilit o legatur\u0103 \u00eentre expunerea la fumat \u0219i unele probleme respiratorii ale subiec\u021bilor, \u00een special sfor\u0103itul.<\/p>\n<p>Dr. Martha Tingen, unul dintre autorii acestui studiu, a comentat aceste rezultate subliniind faptul c\u0103, \u00een general, copiii nu sunt \u00een m\u0103sur\u0103 sa evite fumatul din mediul \u00een care tr\u0103iesc, aceasta fiind responsabilitatea p\u0103rin\u021bilor.<\/p>\n<p>Echipa de oameni de \u0219tiin\u021b\u0103 consider\u0103 c\u0103 este necesar\u0103 con\u0219tientizarea problemelor de nutri\u021bie, de activitate fizic\u0103 \u0219i de tabagism pentru prevenirea efectelor adverse at\u00e2t asupra s\u0103n\u0103t\u0103\u021bii p\u0103rin\u021bilor, c\u00e2t \u0219i a copiilor lor.<\/p>\n<p>Sursa Agerpres<\/p>\n<aside class=\"mashsb-container mashsb-main \">\n<div class=\"mashsb-box\">\n<div class=\"mashsb-count mash-medium\">\n<div class=\"counts mashsbcount\">0<\/div>\n<p><span class=\"mashsb-sharetext\">SHARES<\/span><\/div>\n<div class=\"mashsb-buttons\"><a class=\"mashicon-facebook mash-medium mashsb-noshadow\" href=\"https:\/\/www.facebook.com\/sharer.php?u=https%3A%2F%2Fwww.ziaruldevaslui.ro%2Ffumatul-pasiv-la-fel-de-periculos-ca-si-cel-activ%2F\" target=\"_top\" rel=\"nofollow\"><span class=\"text\">Share\u00a0pe\u00a0facebook<\/span><\/a><a class=\"mashicon-twitter mash-medium mashsb-noshadow\" href=\"https:\/\/twitter.com\/intent\/tweet?text=Fumatul%20pasiv%2C%20la%20fel%20de%20periculos%20ca%20%C8%99i%20cel%20activ&amp;url=https:\/\/www.ziaruldevaslui.ro\/?p=2209\" target=\"_top\" rel=\"nofollow\"><span class=\"text\">Share\u00a0pe\u00a0twitter<\/span><\/a><\/div>\n<\/div>\n<\/aside>\n<\/div>\n<div class=\"entry-content\">\n<p>Ini\u021bial am crezut c\u0103 Ionel Sandu s-a apucat de Stand Up Comedy. Cu afacerile nu st\u0103 extraordinar, cu politica nici<\/p>\n<\/div>\n<p> Source URL: https:\/\/www.ziaruldevaslui.ro\/fumatul-pasiv-la-fel-de-periculos-ca-si-cel-activ\/<\/p>\n","protected":false},"excerpt":{"rendered":"<p>Copiii expu\u0219i indirect la fumul de \u021bigar\u0103 sunt mai susceptibili s\u0103 sufere de exces de greutate \u0219i s\u0103 aib\u0103 abilit\u0103\u021bi cognitive mai s\u0103race, conform unui studiu american citat de publica\u021bia francez\u0103 \u2018La depeche\u2019 pe site-ul s\u0103u. Ca \u0219i \u00een studiile anterioare pe aceast\u0103 tem\u0103, \u0219i acesta s-a bazat doar pe r\u0103spunsurile p\u0103rin\u021bilor la chestionare privind [&hellip;]<\/p>\n","protected":false},"author":1,"featured_media":0,"comment_status":"open","ping_status":"","sticky":false,"template":"","format":"standard","meta":{"footnotes":""},"categories":[89],"tags":[218],"class_list":["post-1232897","post","type-post","status-publish","format-standard","hentry","category-romania","tag-ziaruldevaslui-ro"],"_links":{"self":[{"href":"https:\/\/analyse.optim.biz\/index.php?rest_route=\/wp\/v2\/posts\/1232897","targetHints":{"allow":["GET"]}}],"collection":[{"href":"https:\/\/analyse.optim.biz\/index.php?rest_route=\/wp\/v2\/posts"}],"about":[{"href":"https:\/\/analyse.optim.biz\/index.php?rest_route=\/wp\/v2\/types\/post"}],"author":[{"embeddable":true,"href":"https:\/\/analyse.optim.biz\/index.php?rest_route=\/wp\/v2\/users\/1"}],"replies":[{"embeddable":true,"href":"https:\/\/analyse.optim.biz\/index.php?rest_route=%2Fwp%2Fv2%2Fcomments&post=1232897"}],"version-history":[{"count":0,"href":"https:\/\/analyse.optim.biz\/index.php?rest_route=\/wp\/v2\/posts\/1232897\/revisions"}],"wp:attachment":[{"href":"https:\/\/analyse.optim.biz\/index.php?rest_route=%2Fwp%2Fv2%2Fmedia&parent=1232897"}],"wp:term":[{"taxonomy":"category","embeddable":true,"href":"https:\/\/analyse.optim.biz\/index.php?rest_route=%2Fwp%2Fv2%2Fcategories&post=1232897"},{"taxonomy":"post_tag","embeddable":true,"href":"https:\/\/analyse.optim.biz\/index.php?rest_route=%2Fwp%2Fv2%2Ftags&post=1232897"}],"curies":[{"name":"wp","href":"https:\/\/api.w.org\/{rel}","templated":true}]}}