{"id":1232880,"date":"2016-05-16T11:56:54","date_gmt":"2016-05-16T08:56:54","guid":{"rendered":"https:\/\/analyse.optim.biz\/?p=1232880"},"modified":"2016-05-16T11:56:54","modified_gmt":"2016-05-16T08:56:54","slug":"8-din-10-romani-sufera-de-parodontoza-ziarul-de-vaslui","status":"publish","type":"post","link":"https:\/\/analyse.optim.biz\/?p=1232880","title":{"rendered":"8 din 10 rom\u00e2ni sufer\u0103 de parodontoz\u0103 &#8211; Ziarul de Vaslui"},"content":{"rendered":"<div class=\"entry-content clearfix\">\n<div id=\"stcpDiv\">\n<p>8 din 10 rom\u00e2ni sufer\u0103 de boal\u0103 parodontal\u0103, cunoscut\u0103 \u0219i ca \u201eparodontoz\u0103\u201d. Altfel spus, 80% din popula\u021bie dezvolt\u0103 o infec\u021bie la nivelul cavit\u0103\u021bii bucale, din cauza bacteriillor \u0219i a tartrului, de vin\u0103 fiind o ingien\u0103 oral\u0103 precar\u0103. Potrivit unui studiu\u00a0 realizat de o clinic\u0103 privat\u0103 din Capital\u0103, mai bine de jum\u0103tate dintre pacien\u021bii cu boal\u0103 parodontal\u0103 nu au \u00eemplinit \u00eenc\u0103 45 de ani.<\/p>\n<p>Doar 8% dintre cei care primesc diagnosticul ajung s\u0103 se trateze, de\u0219i boala provoac\u0103, \u00een ultimul stadiu, pierderea danturii. Debutul acestei afec\u021biuni este discret \u0219i nedureros, motiv pentru care poate trece neobservat de pacien\u021bi. Manifest\u0103rile ini\u021biale, \u00een forma u\u0219oar\u0103, reversibil\u0103, denumit\u0103 gingivit\u0103, sunt simple s\u00e2nger\u0103ri ale gingiei la periaj.<\/p>\n<p>Pe fondul evolu\u021biei bolii, \u00een formele de parodontit\u0103, apar reducerea osului, retrac\u021bia gingival\u0103 \u0219i mobilitatea din\u021bilor. Mai exact, ace\u0219tia se mi\u0219c\u0103. Netratat\u0103, poate duce la pierderea din\u021bilor \u0219i a osului din jurul acestora, cre\u00e2nd disfunc\u021bii estetice, dificultate \u00een timpul mestecatului \u0219i influen\u021b\u00e2nd negativ calitatea vie\u021bii pacientului, sus\u021bine dr. Cristina Berechet, medic specialist parodontolog.<\/p>\n<p>7% dintre pacien\u021bi nu au \u00eemplinit \u00eenc\u0103 25 de ani, iar 28% au \u00eentre 25 \u0219i 35 de ani. Cifrele plaseaz\u0103 Rom\u00e2nia \u00een topul clasamentului european. Potrivit Platformei de S\u0103n\u0103tate Oral\u0103, mai bine de 50% dintre europeni sufer\u0103 de boala parodontal\u0103, cifra apropiindu-se de 75-80% dup\u0103 65 de ani. Cel mai bine stau suedezii, cu 10% \u0219i danezii, cu 14%, la polul opus situ\u00e2ndu-se Rom\u00e2nia, cu pu\u021bin peste 80%.<\/p>\n<p>Cei mai mul\u021bi pacien\u021bi care aleg s\u0103 trateze boala parodontal\u0103, 5 din 10, au \u00eentre 26 \u0219i 45 de ani. Pu\u021bini sunt cei care realizeaz\u0103 gravitatea afec\u021biunii \u0219i necesitatea de a o trata. \u00cen ultimii ani, am observat o cre\u0219tere a inciden\u021bei \u0219i o sc\u0103dere a v\u00e2rstei de apari\u021bie a bolii. Chiar am avut un pacient de 22 de ani. \u00cen cadrul etapelor de tratamen, medicul urm\u0103re\u0219te \u00eendep\u0103rtarea complet\u0103 a pl\u0103cii bacteriene de la nivelul din\u021bilor \u0219i r\u0103d\u0103cinilor acestora. \u00cen func\u021bie de severitatea bolii, tratamentul urm\u0103re\u0219te \u00eempiedicarea distrugerii substratului osos, controlul infec\u021biei, prevenirea mobiliz\u0103rii \u0219i pierderii din\u021bilor, completeaz\u0103 dr. Ionut Leahu, medic stomatolog.<\/p>\n<p>Semnele bolii parodontale pot fi: miros nepl\u0103cut, s\u00e2ngerare la periaj, mobilitatea din\u021bilor, depuneri de tartru, plac\u0103 bacterian\u0103 sau o sensibilitate exagerat\u0103 a din\u021bilor la diferen\u021be de temperatur\u0103. Controalele periodice regulate, de dou\u0103 ori pe an, sunt esen\u021biale pentru p\u0103strarea s\u0103n\u0103t\u0103\u021bii din\u021bilor \u0219i gingiilor \u0219i depistarea afec\u021biunii, care ar trebui tratat\u0103 de un specialist. Anual, 2 din 10 locuri disponibile la reziden\u021biat sunt la aceast\u0103 specializare, aflat\u0103 pe locul 3 \u00een r\u00e2ndul disponibilit\u0103\u021bii la nivel na\u021bional, dup\u0103 protetic\u0103 dentar\u0103 \u0219i ortodon\u021bie.<\/p>\n<p>Potrivit Platformei de S\u0103n\u0103tate Oral\u0103, \u00een Europa, exemplul de bun\u0103 practic\u0103 este dat de Suedia, care \u00een ultimii 40 de ani a dezvoltat un program de s\u0103n\u0103tate oral\u0103, axat pe preven\u021bie \u0219i pe controale gratuite, incluz\u00e2nd \u0219edin\u021be de igienizare \u0219i pachete cu past\u0103 \u0219i periu\u021b\u0103 de din\u021bi, oferite popula\u021biei. \u00cen primii 3 ani, ac\u021biunile de preven\u021bie au avut o frecven\u021b\u0103 de 2 luni, \u00eentre 3 \u0219i 30 de ani, de la 3 p\u00e2n\u0103 la 12 luni, iar dup\u0103 30 ani, adic\u0103 din anul 2004, o dat\u0103 pe an.Prezentul studiu a fost realizat pe un e\u0219antion reprezentativ de tip conjunctural, care a num\u0103rat 800 de pacien\u021bi ( Sursa: Comunicat de pres\u0103 Red Spot)<\/p>\n<\/div>\n<aside class=\"mashsb-container mashsb-main \">\n<div class=\"mashsb-box\">\n<div class=\"mashsb-count mash-medium\">\n<div class=\"counts mashsbcount\">3<\/div>\n<p><span class=\"mashsb-sharetext\">SHARES<\/span><\/div>\n<div class=\"mashsb-buttons\"><a class=\"mashicon-facebook mash-medium mashsb-noshadow\" href=\"https:\/\/www.facebook.com\/sharer.php?u=https%3A%2F%2Fwww.ziaruldevaslui.ro%2F8-din-10-romani-sufera-de-parodontoza%2F\" target=\"_top\" rel=\"nofollow\"><span class=\"text\">Share\u00a0pe\u00a0facebook<\/span><\/a><a class=\"mashicon-twitter mash-medium mashsb-noshadow\" href=\"https:\/\/twitter.com\/intent\/tweet?text=8%20din%2010%20rom%C3%A2ni%20sufer%C4%83%20de%20parodontoz%C4%83&amp;url=https:\/\/www.ziaruldevaslui.ro\/?p=4437\" target=\"_top\" rel=\"nofollow\"><span class=\"text\">Share\u00a0pe\u00a0twitter<\/span><\/a><\/div>\n<\/div>\n<\/aside>\n<\/div>\n<div class=\"entry-content\">\n<p>Ini\u021bial am crezut c\u0103 Ionel Sandu s-a apucat de Stand Up Comedy. Cu afacerile nu st\u0103 extraordinar, cu politica nici<\/p>\n<\/div>\n<p> Source URL: https:\/\/www.ziaruldevaslui.ro\/8-din-10-romani-sufera-de-parodontoza\/<\/p>\n","protected":false},"excerpt":{"rendered":"<p>8 din 10 rom\u00e2ni sufer\u0103 de boal\u0103 parodontal\u0103, cunoscut\u0103 \u0219i ca \u201eparodontoz\u0103\u201d. Altfel spus, 80% din popula\u021bie dezvolt\u0103 o infec\u021bie la nivelul cavit\u0103\u021bii bucale, din cauza bacteriillor \u0219i a tartrului, de vin\u0103 fiind o ingien\u0103 oral\u0103 precar\u0103. Potrivit unui studiu\u00a0 realizat de o clinic\u0103 privat\u0103 din Capital\u0103, mai bine de jum\u0103tate dintre pacien\u021bii cu boal\u0103 [&hellip;]<\/p>\n","protected":false},"author":1,"featured_media":0,"comment_status":"open","ping_status":"","sticky":false,"template":"","format":"standard","meta":{"footnotes":""},"categories":[89],"tags":[218],"class_list":["post-1232880","post","type-post","status-publish","format-standard","hentry","category-romania","tag-ziaruldevaslui-ro"],"_links":{"self":[{"href":"https:\/\/analyse.optim.biz\/index.php?rest_route=\/wp\/v2\/posts\/1232880","targetHints":{"allow":["GET"]}}],"collection":[{"href":"https:\/\/analyse.optim.biz\/index.php?rest_route=\/wp\/v2\/posts"}],"about":[{"href":"https:\/\/analyse.optim.biz\/index.php?rest_route=\/wp\/v2\/types\/post"}],"author":[{"embeddable":true,"href":"https:\/\/analyse.optim.biz\/index.php?rest_route=\/wp\/v2\/users\/1"}],"replies":[{"embeddable":true,"href":"https:\/\/analyse.optim.biz\/index.php?rest_route=%2Fwp%2Fv2%2Fcomments&post=1232880"}],"version-history":[{"count":0,"href":"https:\/\/analyse.optim.biz\/index.php?rest_route=\/wp\/v2\/posts\/1232880\/revisions"}],"wp:attachment":[{"href":"https:\/\/analyse.optim.biz\/index.php?rest_route=%2Fwp%2Fv2%2Fmedia&parent=1232880"}],"wp:term":[{"taxonomy":"category","embeddable":true,"href":"https:\/\/analyse.optim.biz\/index.php?rest_route=%2Fwp%2Fv2%2Fcategories&post=1232880"},{"taxonomy":"post_tag","embeddable":true,"href":"https:\/\/analyse.optim.biz\/index.php?rest_route=%2Fwp%2Fv2%2Ftags&post=1232880"}],"curies":[{"name":"wp","href":"https:\/\/api.w.org\/{rel}","templated":true}]}}