{"id":1232875,"date":"2016-06-02T16:17:48","date_gmt":"2016-06-02T13:17:48","guid":{"rendered":"https:\/\/analyse.optim.biz\/?p=1232875"},"modified":"2016-06-02T16:17:48","modified_gmt":"2016-06-02T13:17:48","slug":"numarul-elevilor-din-puiesti-cu-intoxicatie-alimentara-creste-de-la-o-ora-la-alta-ziarul-de-vaslui","status":"publish","type":"post","link":"https:\/\/analyse.optim.biz\/?p=1232875","title":{"rendered":"Num\u0103rul elevilor din Puie\u015fti, cu intoxica\u0163ie alimentar\u0103, cre\u015fte de la o or\u0103 la alta &#8211; Ziarul de Vaslui"},"content":{"rendered":"<div class=\"entry-content clearfix\">\n<p><strong>UPDATE ora 21.40 \u2013 Num\u0103rul copiilor cu toxinfec\u0163ie alimentar\u0103 , de la Puie\u015fti, a ajuns la 21. La B\u00e2rlad nu mai sunt paturi suficiente, astfel \u00eenc\u00e2t \u015fapte dintre ei vor fi adu\u015fi la Vaslui<\/strong><\/p>\n<p><strong>UPDATE ora 18.35<\/strong> \u2013 <strong>\u015eapte elevi de la o \u015fcoal\u0103 din comuna Puie\u015fti au fost transporta\u0163i, p\u00e2n\u0103 la aceast\u0103 or\u0103, la Spitalul Municipal B\u00e2rlad cu simpome specifice toxiinfec\u0163iei alimentare: gre\u0163uri, v\u0103rs\u0103turi, diaree, febr\u0103 \u015fi ame\u0163eli. Al\u0163i 10 copii, cu v\u00e2rste \u00eentre 6 \u015fi 10 ani, sunt interna\u0163i la Centrul de Permanen\u0163\u0103 din Puie\u015fti cu simptome similare. Num\u0103rul victimelor cre\u015fte de la o or\u0103 la alta, echipajele de ambulan\u0163\u0103 vor fi suplimentate \u015fi s+a solicitat interven\u0163ia ISU Vaslui<\/strong><\/p>\n<p>\u201cC\u0103ut\u0103m solu\u0163ii perntru a transporta to\u0163i copiii la spital. Am solicitat ajutorul Inspectoratului pentru Situa\u0163ii de Urgen\u0163\u0103 (ISU) Vaslui \u015fi va fi trimis\u0103 acolo o autospecial\u0103 de transport victime multiple. Toate echipajele noastre sunt direc\u0163ionate \u00een scopul aducerii elevilor la unit\u0103\u0163ile spitalice\u015fti. Este posibil ca num\u0103rul copiilor s\u0103 dep\u0103\u015feasc\u0103 capacitatea spitalului din B\u00e2rlad \u015fi o parte dintre ace\u015ftia s\u0103 fie adu\u015fi la Vaslui. Pentru a face fa\u0163\u0103 situa\u0163iei, ne preg\u0103tim s\u0103 chem\u0103m angaja\u0163ii de acas\u0103 \u015fi s\u0103 supliment\u0103m echipajele. Din experien\u0163\u0103, cred c\u0103 lucrurile nu se vor opri aici \u015fi num\u0103rul copiilor care au nevoie de interven\u0163ie medical\u0103 va cre\u015fte\u201d, a declarat pentru Ziarul de Vaslui, \u00a0<strong>Aurora Popa<\/strong>, managerul Serviciului\u00a0 de Ambulan\u0163\u0103 Jude\u0163ean (SAJ) Vaslui.<\/p>\n<p>De precizat c\u0103 primele solicit\u0103ri au fost f\u0103cute la 112 ast\u0103zi, \u00een jurul orei 16.00 P\u0103rin\u0163ii au spus c\u0103 cei mici au s\u0103rb\u0103torit ieri 1 iunie, la \u015fcoal\u0103 unde au m\u00e2ncat gr\u0103tar, mici, pr\u0103jituri \u015fi au b\u0103ut suc.<\/p>\n<p>\u015etirea ini\u0163ial\u0103: http:\/\/www.ziaruldevaslui.ro\/patru-elevi-din-puiesti-la-spital-dupa-ce-ar-fi-consumat-mici-si-suc-cu-ocazia-zilei-de-1-iunie\/<\/p>\n<p><strong>\u00a0<\/strong><\/p>\n<p>\u00a0<\/p>\n<p>\u00a0<\/p>\n<aside class=\"mashsb-container mashsb-main \">\n<div class=\"mashsb-box\">\n<div class=\"mashsb-count mash-medium\">\n<div class=\"counts mashsbcount\">12<\/div>\n<p><span class=\"mashsb-sharetext\">SHARES<\/span><\/div>\n<div class=\"mashsb-buttons\"><a class=\"mashicon-facebook mash-medium mashsb-noshadow\" href=\"https:\/\/www.facebook.com\/sharer.php?u=https%3A%2F%2Fwww.ziaruldevaslui.ro%2Fnumarul-elevilor-din-puiesti-cu-intoxicatie-alimentara-creste-de-la-o-ora-la-alta%2F\" target=\"_top\" rel=\"nofollow\"><span class=\"text\">Share\u00a0pe\u00a0facebook<\/span><\/a><a class=\"mashicon-twitter mash-medium mashsb-noshadow\" href=\"https:\/\/twitter.com\/intent\/tweet?text=Num%C4%83rul%20elevilor%20din%20Puie%C5%9Fti%2C%20%20cu%20intoxica%C5%A3ie%20alimentar%C4%83%2C%20cre%C5%9Fte%20de%20la%20o%20or%C4%83%20la%20alta&amp;url=https:\/\/www.ziaruldevaslui.ro\/?p=5139\" target=\"_top\" rel=\"nofollow\"><span class=\"text\">Share\u00a0pe\u00a0twitter<\/span><\/a><\/div>\n<\/div>\n<\/aside>\n<\/div>\n<div class=\"entry-content\">\n<p>Ini\u021bial am crezut c\u0103 Ionel Sandu s-a apucat de Stand Up Comedy. Cu afacerile nu st\u0103 extraordinar, cu politica nici<\/p>\n<\/div>\n<p> Source URL: https:\/\/www.ziaruldevaslui.ro\/numarul-elevilor-din-puiesti-cu-intoxicatie-alimentara-creste-de-la-o-ora-la-alta\/<\/p>\n","protected":false},"excerpt":{"rendered":"<p>UPDATE ora 21.40 \u2013 Num\u0103rul copiilor cu toxinfec\u0163ie alimentar\u0103 , de la Puie\u015fti, a ajuns la 21. La B\u00e2rlad nu mai sunt paturi suficiente, astfel \u00eenc\u00e2t \u015fapte dintre ei vor fi adu\u015fi la Vaslui UPDATE ora 18.35 \u2013 \u015eapte elevi de la o \u015fcoal\u0103 din comuna Puie\u015fti au fost transporta\u0163i, p\u00e2n\u0103 la aceast\u0103 or\u0103, la [&hellip;]<\/p>\n","protected":false},"author":1,"featured_media":0,"comment_status":"open","ping_status":"","sticky":false,"template":"","format":"standard","meta":{"footnotes":""},"categories":[89],"tags":[218],"class_list":["post-1232875","post","type-post","status-publish","format-standard","hentry","category-romania","tag-ziaruldevaslui-ro"],"_links":{"self":[{"href":"https:\/\/analyse.optim.biz\/index.php?rest_route=\/wp\/v2\/posts\/1232875","targetHints":{"allow":["GET"]}}],"collection":[{"href":"https:\/\/analyse.optim.biz\/index.php?rest_route=\/wp\/v2\/posts"}],"about":[{"href":"https:\/\/analyse.optim.biz\/index.php?rest_route=\/wp\/v2\/types\/post"}],"author":[{"embeddable":true,"href":"https:\/\/analyse.optim.biz\/index.php?rest_route=\/wp\/v2\/users\/1"}],"replies":[{"embeddable":true,"href":"https:\/\/analyse.optim.biz\/index.php?rest_route=%2Fwp%2Fv2%2Fcomments&post=1232875"}],"version-history":[{"count":0,"href":"https:\/\/analyse.optim.biz\/index.php?rest_route=\/wp\/v2\/posts\/1232875\/revisions"}],"wp:attachment":[{"href":"https:\/\/analyse.optim.biz\/index.php?rest_route=%2Fwp%2Fv2%2Fmedia&parent=1232875"}],"wp:term":[{"taxonomy":"category","embeddable":true,"href":"https:\/\/analyse.optim.biz\/index.php?rest_route=%2Fwp%2Fv2%2Fcategories&post=1232875"},{"taxonomy":"post_tag","embeddable":true,"href":"https:\/\/analyse.optim.biz\/index.php?rest_route=%2Fwp%2Fv2%2Ftags&post=1232875"}],"curies":[{"name":"wp","href":"https:\/\/api.w.org\/{rel}","templated":true}]}}