{"id":123282,"date":"2018-02-22T15:48:38","date_gmt":"2018-02-22T12:48:38","guid":{"rendered":"https:\/\/analyse.optim.biz\/?p=123282"},"modified":"2018-02-22T15:48:38","modified_gmt":"2018-02-22T12:48:38","slug":"procurorii-cer-documente-de-la-psd-prahova","status":"publish","type":"post","link":"https:\/\/analyse.optim.biz\/?p=123282","title":{"rendered":"Procurorii cer documente de la PSD Prahova"},"content":{"rendered":"<div class=\"entry data-app-meta data-app-meta-article\" data-embed-base-url-canonical=\"https:\/\/www.digi24.ro\/embed\/stiri\/actualitate\/politica\/procurorii-cer-documente-de-la-psd-prahova-883011\">\n<p data-index=\"1\"><strong><span lang=\"ro-RO\">Procurorii au cerut documente organiza\u021biei PSD Prahova. Este vorba despre o solicitare f\u0103cut\u0103 \u00een aceast\u0103 lun\u0103, \u00een leg\u0103tur\u0103 cu alegerile parlamentare din 2014.<\/span><\/strong><\/p>\n<p data-index=\"2\">\u201e<span lang=\"ro-RO\">Am primit o notificare de la DNA Bucure\u015fti, prin care ni se solicit\u0103 un num\u0103r de 37 de documente, mai exact chitan\u0163e care au leg\u0103tur\u0103 cu campania pentru alegerile europarlamentare din 2014. \u00cen 2015, am mai primit o astfel de solicitare de la DNA Ploie\u015fti \u015fi le-am depus \u00eempreun\u0103 cu alte documente\u201d, a spus Laura Moagher, pre\u015fedintele executiv al PSD Prahova.<\/span><\/p>\n<p data-index=\"3\">\u201e<span lang=\"ro-RO\">De c\u00e2te ori ni s-au solicitat, am r\u0103spuns afirmativ solicit\u0103rii d\u00e2n\u015filor, oricine ne-ar fi cerut documente, dar n-am primit niciun r\u0103spuns. Nu ne este fric\u0103 de nimic, deoarece vrem s\u0103 se fac\u0103 dreptate, vrem s\u0103 fie totul bine. Nu avem nimic de ascuns. Am avut \u015fi controlul Autorit\u0103\u0163ii Electorale Permanente de fiecare dat\u0103\u201d, a ad\u0103ugat ea.<\/span><\/p>\n<\/div>\n<p> Source URL: https:\/\/www.digi24.ro\/stiri\/actualitate\/politica\/procurorii-cer-documente-de-la-psd-prahova-883011<\/p>\n","protected":false},"excerpt":{"rendered":"<p>Procurorii au cerut documente organiza\u021biei PSD Prahova. Este vorba despre o solicitare f\u0103cut\u0103 \u00een aceast\u0103 lun\u0103, \u00een leg\u0103tur\u0103 cu alegerile parlamentare din 2014. \u201eAm primit o notificare de la DNA Bucure\u015fti, prin care ni se solicit\u0103 un num\u0103r de 37 de documente, mai exact chitan\u0163e care au leg\u0103tur\u0103 cu campania pentru alegerile europarlamentare din 2014. [&hellip;]<\/p>\n","protected":false},"author":1,"featured_media":123283,"comment_status":"open","ping_status":"","sticky":false,"template":"","format":"standard","meta":{"footnotes":""},"categories":[2],"tags":[11],"class_list":["post-123282","post","type-post","status-publish","format-standard","has-post-thumbnail","hentry","category-politics","tag-digi24"],"_links":{"self":[{"href":"https:\/\/analyse.optim.biz\/index.php?rest_route=\/wp\/v2\/posts\/123282","targetHints":{"allow":["GET"]}}],"collection":[{"href":"https:\/\/analyse.optim.biz\/index.php?rest_route=\/wp\/v2\/posts"}],"about":[{"href":"https:\/\/analyse.optim.biz\/index.php?rest_route=\/wp\/v2\/types\/post"}],"author":[{"embeddable":true,"href":"https:\/\/analyse.optim.biz\/index.php?rest_route=\/wp\/v2\/users\/1"}],"replies":[{"embeddable":true,"href":"https:\/\/analyse.optim.biz\/index.php?rest_route=%2Fwp%2Fv2%2Fcomments&post=123282"}],"version-history":[{"count":0,"href":"https:\/\/analyse.optim.biz\/index.php?rest_route=\/wp\/v2\/posts\/123282\/revisions"}],"wp:featuredmedia":[{"embeddable":true,"href":"https:\/\/analyse.optim.biz\/index.php?rest_route=\/wp\/v2\/media\/123283"}],"wp:attachment":[{"href":"https:\/\/analyse.optim.biz\/index.php?rest_route=%2Fwp%2Fv2%2Fmedia&parent=123282"}],"wp:term":[{"taxonomy":"category","embeddable":true,"href":"https:\/\/analyse.optim.biz\/index.php?rest_route=%2Fwp%2Fv2%2Fcategories&post=123282"},{"taxonomy":"post_tag","embeddable":true,"href":"https:\/\/analyse.optim.biz\/index.php?rest_route=%2Fwp%2Fv2%2Ftags&post=123282"}],"curies":[{"name":"wp","href":"https:\/\/api.w.org\/{rel}","templated":true}]}}