{"id":123261,"date":"2018-02-22T15:55:05","date_gmt":"2018-02-22T12:55:05","guid":{"rendered":"https:\/\/analyse.optim.biz\/?p=123261"},"modified":"2018-02-22T15:55:05","modified_gmt":"2018-02-22T12:55:05","slug":"pnl-tudorel-toader-sa-nu-declanseze-o-criza-fara-motiv-in-justitie","status":"publish","type":"post","link":"https:\/\/analyse.optim.biz\/?p=123261","title":{"rendered":"PNL: Tudorel Toader s\u0103 nu declan\u015feze o criz\u0103 f\u0103r\u0103 motiv \u00een justi\u0163ie"},"content":{"rendered":"<div class=\"entry data-app-meta data-app-meta-article\" data-embed-base-url-canonical=\"https:\/\/www.digi24.ro\/embed\/stiri\/actualitate\/politica\/pnl-tudorel-toader-sa-nu-declanseze-o-criza-fara-motiv-in-justitie-883020\">\n<p data-index=\"1\"><strong>Senatorul PNL Alina Gorghiu spune c\u0103 actualul ministru al Justi\u0163iei, Tudorel Toader, ar putea declan\u015fa o criz\u0103 \u00een Justi\u0163ie \u015fi c\u0103 \u201ejoaca de-a rapoartele\u201d ar trebui s\u0103 \u00eenceteze.<\/strong><\/p>\n<figure class=\"article-thumb\"><img decoding=\"async\" src=\"https:\/\/analyse.optim.biz\/wp-content\/uploads\/2024\/09\/ptgwmcz6yz0xjmhhc2g9otbmntu5ztbhotfiothjzdc3mdbiztm2ngu3ndg5ytk-thumb_.jpg\" alt=\"alina gorghiu fb\" data-skip-htmlfix=\"1\" title=\"ptgwmcz6yz0xjmhhc2g9otbmntu5ztbhotfiothjzdc3mdbiztm2ngu3ndg5ytk-thumb_\"><figcaption> Surs\u0103 foto: Facebook <\/figcaption><\/figure>\n<p data-index=\"2\">\u00centr-un comunicat de pres\u0103, senatorul PNL de Timi\u015f Alina Gorghiu face un apel c\u0103tre ministrul Justi\u0163iei, Tudoerl Toader, s\u0103 nu declan\u015feze o criz\u0103.<\/p>\n<p data-index=\"3\">\u201eFac un apel c\u0103tre Tudorel Toader s\u0103 nu declan\u015feze o criz\u0103 f\u0103r\u0103 motiv \u00een sistemul de justi\u0163ie. Remarc ipocrizia liderilor PSD \u015fi ALDE care au transmis c\u0103 las\u0103 \u00eentreaga r\u0103spundere asupra lui Tudorel Toader. \u00cen seara aceasta, Tudorel Toader poate fi c\u00e2\u015ftig\u0103torul premiului \u00abZmeura de aur\u00bb, echivalentul Oscarului pentru cel mai prost actor sau poate s\u0103 fac\u0103 o figur\u0103 placut\u0103 pentru mul\u0163i oameni, mai pu\u0163in pentru PSD-isti\u201d, arat\u0103 Alina Gorghiu.<\/p>\n<p data-index=\"4\">Senatorul liberal spune c\u0103 a remarcat \u201eipocrizia\u201d liderilor PSD \u015fi ALDE.<\/p>\n<p data-index=\"5\">\u201eRemarc c\u00e2t de ipocrit\u0103 e pozi\u0163ia liderilor PSD \u015fi ALDE care mimeaz\u0103 faptul c\u0103 nu se implic\u0103 \u00een aceast\u0103 problem\u0103 \u00een condi\u0163iile \u00een care \u015ftim to\u0163i care sunt obiectivele lor politice. De aceea, fac un apel la Tudorel Toader s\u0103 nu declan\u015feze o criz\u0103 \u00een sistemul de justi\u0163ie f\u0103r\u0103 niciun motiv, propun\u00e2nd concluzii hazardate \u015fi m\u0103suri prin care se genereze dezbinare. Trebuie s\u0103 fie a\u015fteptate concluziile Inspec\u0163iei Judiciare \u015fi ale celorlalte structuri care ancheteaz\u0103 situa\u0163ia de la Ploie\u015fti. Aceast\u0103 \u00abjoac\u0103\u00bb de-a rapoartele, care a \u00eenceput de anul trecut, trebuie s\u0103 \u00eenceteze ast\u0103zi \u015fi asta este ceea ce a\u015ftept de la conferin\u0163a de pres\u0103 de la ora 18\u201d, mai transmite Gorghiu.<\/p>\n<p data-index=\"6\">Ministrul Justi\u0163iei, Tudorel Toader, va prezenta ast\u0103zi, la ora 18.00, Raportul privind activitatea managerial\u0103 la DNA, la sediul Ministerului Justi\u0163iei. Unii lideri social-democra\u0163i se a\u015fteapt\u0103 \u015fi la anun\u0163area unor m\u0103suri, inclusiv la o propunere de revocare a \u015fefei DNA Laura Codru\u0163a Kovesi, propunere care \u00eens\u0103 trebuie aprobat\u0103 de pre\u015fedintele Klaus Iohannis. Aceasta \u00een condi\u0163iile \u00een care \u015feful statului apreciaz\u0103 c\u0103 nu exist\u0103 motive de revocare a \u015fefei DNA, el subliniind recent c\u0103 orice astfel de m\u0103sur\u0103 trebuie foarte bine argumentat\u0103.<\/p>\n<\/div>\n<p> Source URL: https:\/\/www.digi24.ro\/stiri\/actualitate\/politica\/pnl-tudorel-toader-sa-nu-declanseze-o-criza-fara-motiv-in-justitie-883020<\/p>\n","protected":false},"excerpt":{"rendered":"<p>Senatorul PNL Alina Gorghiu spune c\u0103 actualul ministru al Justi\u0163iei, Tudorel Toader, ar putea declan\u015fa o criz\u0103 \u00een Justi\u0163ie \u015fi c\u0103 \u201ejoaca de-a rapoartele\u201d ar trebui s\u0103 \u00eenceteze. Surs\u0103 foto: Facebook \u00centr-un comunicat de pres\u0103, senatorul PNL de Timi\u015f Alina Gorghiu face un apel c\u0103tre ministrul Justi\u0163iei, Tudoerl Toader, s\u0103 nu declan\u015feze o criz\u0103. \u201eFac [&hellip;]<\/p>\n","protected":false},"author":1,"featured_media":123262,"comment_status":"open","ping_status":"","sticky":false,"template":"","format":"standard","meta":{"footnotes":""},"categories":[2],"tags":[11],"class_list":["post-123261","post","type-post","status-publish","format-standard","has-post-thumbnail","hentry","category-politics","tag-digi24"],"_links":{"self":[{"href":"https:\/\/analyse.optim.biz\/index.php?rest_route=\/wp\/v2\/posts\/123261","targetHints":{"allow":["GET"]}}],"collection":[{"href":"https:\/\/analyse.optim.biz\/index.php?rest_route=\/wp\/v2\/posts"}],"about":[{"href":"https:\/\/analyse.optim.biz\/index.php?rest_route=\/wp\/v2\/types\/post"}],"author":[{"embeddable":true,"href":"https:\/\/analyse.optim.biz\/index.php?rest_route=\/wp\/v2\/users\/1"}],"replies":[{"embeddable":true,"href":"https:\/\/analyse.optim.biz\/index.php?rest_route=%2Fwp%2Fv2%2Fcomments&post=123261"}],"version-history":[{"count":0,"href":"https:\/\/analyse.optim.biz\/index.php?rest_route=\/wp\/v2\/posts\/123261\/revisions"}],"wp:featuredmedia":[{"embeddable":true,"href":"https:\/\/analyse.optim.biz\/index.php?rest_route=\/wp\/v2\/media\/123262"}],"wp:attachment":[{"href":"https:\/\/analyse.optim.biz\/index.php?rest_route=%2Fwp%2Fv2%2Fmedia&parent=123261"}],"wp:term":[{"taxonomy":"category","embeddable":true,"href":"https:\/\/analyse.optim.biz\/index.php?rest_route=%2Fwp%2Fv2%2Fcategories&post=123261"},{"taxonomy":"post_tag","embeddable":true,"href":"https:\/\/analyse.optim.biz\/index.php?rest_route=%2Fwp%2Fv2%2Ftags&post=123261"}],"curies":[{"name":"wp","href":"https:\/\/api.w.org\/{rel}","templated":true}]}}