{"id":123256,"date":"2018-02-22T17:52:24","date_gmt":"2018-02-22T14:52:24","guid":{"rendered":"https:\/\/analyse.optim.biz\/?p=123256"},"modified":"2018-02-22T17:52:24","modified_gmt":"2018-02-22T14:52:24","slug":"prim-vicepresedintele-ce-frans-timmermans-vine-la-bucuresti","status":"publish","type":"post","link":"https:\/\/analyse.optim.biz\/?p=123256","title":{"rendered":"Prim-vicepre\u015fedintele CE Frans Timmermans vine la Bucure\u015fti"},"content":{"rendered":"<div class=\"entry data-app-meta data-app-meta-article\" data-embed-base-url-canonical=\"https:\/\/www.digi24.ro\/embed\/stiri\/actualitate\/politica\/prim-vicepresedintele-ce-frans-timmermans-vine-la-bucuresti-883097\">\n<p data-index=\"1\"><strong><span lang=\"ro-RO\">Prim-vicepre\u015fedintele Comisiei Europene Frans Timmermans va face, s\u0103pt\u0103m\u00e2na viitoare, o vizit\u0103 oficial\u0103 de dou\u0103 zile la Bucure\u015fti.<\/span><\/strong><\/p>\n<figure class=\"article-thumb\"><img decoding=\"async\" src=\"https:\/\/analyse.optim.biz\/wp-content\/uploads\/2024\/09\/c2g9ztdmzmixmzdhzgvlyja4mzixmdezmta0nmmynmi2mdc-thumb_.jpg\" alt=\"2017.04.20_GC_ Timmermans-4316-inquam-george calin\" data-skip-htmlfix=\"1\" title=\"c2g9ztdmzmixmzdhzgvlyja4mzixmdezmta0nmmynmi2mdc-thumb_\"><figcaption> Foto: Inquam Photos \/ George C\u0103lin <\/figcaption><\/figure>\n<p data-index=\"2\">\u201d<span lang=\"ro-RO\">Prim-vicepre\u015fedintele Comisiei Europene Frans Timmermans, responsabil pentru o mai bun\u0103 legiferare, rela\u0163ii interinstitu\u0163ionale, statul de drept \u015fi Carta drepturilor fundamentale, se va afla \u00eentr-o vizit\u0103 oficial\u0103, \u00een Rom\u00e2nia, \u00een perioada 28 februarie &#8211; 1 martie 2018\u201d, este anun\u0163ul Comisiei Europene, potrivit <a href=\"https:\/\/www.news.ro\" target=\"_blank\" rel=\"noopener\" data-skip-linkfix=\"1\">News.ro<\/a>.<\/span><\/p>\n<p data-index=\"3\"><span lang=\"ro-RO\">Frans Timmermans a luat pozi\u0163ie \u00een mai multe r\u00e2nduri fa\u0163\u0103 de modific\u0103rile la legile justi\u0163iei din Rom\u00e2nia, avertiz\u00e2nd, \u00eempreun\u0103 cu pre\u015fedintele CE Jean Claude Juncker, asupra riscurilor sl\u0103birii independen\u0163ei justi\u0163iei.<\/span><\/p>\n<p data-index=\"4\">\u201d<span lang=\"ro-RO\">Urm\u0103rim cu \u00eengrijorare evolu\u0163iile recente din Rom\u00e2nia. Independen\u0163a sistemului judiciar rom\u00e2nesc \u015fi capacitatea sa de a combate \u00een mod eficace corup\u0163ia constituie pietre de temelie fundamentale ale unei Rom\u00e2nii puternice \u00een cadrul Uniunii Europene\u201d, ar\u0103tau Juncker \u015fi Timmermans \u00eentr-o declara\u0163ie din urm\u0103 cu o lun\u0103.<\/span><\/p>\n<\/div>\n<p> Source URL: https:\/\/www.digi24.ro\/stiri\/actualitate\/politica\/prim-vicepresedintele-ce-frans-timmermans-vine-la-bucuresti-883097<\/p>\n","protected":false},"excerpt":{"rendered":"<p>Prim-vicepre\u015fedintele Comisiei Europene Frans Timmermans va face, s\u0103pt\u0103m\u00e2na viitoare, o vizit\u0103 oficial\u0103 de dou\u0103 zile la Bucure\u015fti. Foto: Inquam Photos \/ George C\u0103lin \u201dPrim-vicepre\u015fedintele Comisiei Europene Frans Timmermans, responsabil pentru o mai bun\u0103 legiferare, rela\u0163ii interinstitu\u0163ionale, statul de drept \u015fi Carta drepturilor fundamentale, se va afla \u00eentr-o vizit\u0103 oficial\u0103, \u00een Rom\u00e2nia, \u00een perioada 28 februarie [&hellip;]<\/p>\n","protected":false},"author":1,"featured_media":123257,"comment_status":"open","ping_status":"","sticky":false,"template":"","format":"standard","meta":{"footnotes":""},"categories":[2],"tags":[11],"class_list":["post-123256","post","type-post","status-publish","format-standard","has-post-thumbnail","hentry","category-politics","tag-digi24"],"_links":{"self":[{"href":"https:\/\/analyse.optim.biz\/index.php?rest_route=\/wp\/v2\/posts\/123256","targetHints":{"allow":["GET"]}}],"collection":[{"href":"https:\/\/analyse.optim.biz\/index.php?rest_route=\/wp\/v2\/posts"}],"about":[{"href":"https:\/\/analyse.optim.biz\/index.php?rest_route=\/wp\/v2\/types\/post"}],"author":[{"embeddable":true,"href":"https:\/\/analyse.optim.biz\/index.php?rest_route=\/wp\/v2\/users\/1"}],"replies":[{"embeddable":true,"href":"https:\/\/analyse.optim.biz\/index.php?rest_route=%2Fwp%2Fv2%2Fcomments&post=123256"}],"version-history":[{"count":0,"href":"https:\/\/analyse.optim.biz\/index.php?rest_route=\/wp\/v2\/posts\/123256\/revisions"}],"wp:featuredmedia":[{"embeddable":true,"href":"https:\/\/analyse.optim.biz\/index.php?rest_route=\/wp\/v2\/media\/123257"}],"wp:attachment":[{"href":"https:\/\/analyse.optim.biz\/index.php?rest_route=%2Fwp%2Fv2%2Fmedia&parent=123256"}],"wp:term":[{"taxonomy":"category","embeddable":true,"href":"https:\/\/analyse.optim.biz\/index.php?rest_route=%2Fwp%2Fv2%2Fcategories&post=123256"},{"taxonomy":"post_tag","embeddable":true,"href":"https:\/\/analyse.optim.biz\/index.php?rest_route=%2Fwp%2Fv2%2Ftags&post=123256"}],"curies":[{"name":"wp","href":"https:\/\/api.w.org\/{rel}","templated":true}]}}