{"id":1232403,"date":"2015-06-24T07:29:29","date_gmt":"2015-06-24T04:29:29","guid":{"rendered":"https:\/\/analyse.optim.biz\/?p=1232403"},"modified":"2015-06-24T07:29:29","modified_gmt":"2015-06-24T04:29:29","slug":"piata-muncii-cerea-un-masterat-de-relatii-internationale-in-limba-engleza-interviu-cu-profesorul-robert-reisz","status":"publish","type":"post","link":"https:\/\/analyse.optim.biz\/?p=1232403","title":{"rendered":"\u201ePia\u021ba muncii cerea un masterat de rela\u021bii interna\u021bionale \u00een limba englez\u0103\u201d. Interviu cu profesorul Robert Reisz &#8211;"},"content":{"rendered":"<p><article id=\"post-15121\" class=\"post-id post-15121 post type-post status-publish format-standard has-post-thumbnail hentry category-educatie category-interviu category-slider tag-engleza tag-intreviu tag-masterat tag-piata-muncii tag-relatii-internationale tag-robert-raisz tag-timisoara tag-universitate tag-uvt\"><span class=\"updated\">2015-06-24<\/span><\/p>\n<div class=\"vcard author\"><strong class=\"fn\"><a href=\"https:\/\/www.banatulmeu.ro\/author\/idraghia\/\" title=\"Articole de Administrator\" rel=\"author\">Administrator<\/a><\/strong><\/div>\n<div id=\"post-header-bd\" class=\"post-header-bd\">\n<div class=\"entry-crumbs\">\n<div class=\"vbreadcrumb\"><a href=\"https:\/\/www.banatulmeu.ro\/\" rel=\"v:url\" class=\"home\">Home<\/a><\/div>\n<div class=\"vbreadcrumb\"><a href=\"https:\/\/www.banatulmeu.ro\/category\/educatie\/\" title=\"Educatie\" rel=\"v:url\">Educatie<\/a><\/div>\n<div class=\"vbreadcrumb\">\n                            \u201ePia\u021ba muncii cerea un masterat de rela\u021bii interna\u021bionale \u00een limba englez\u0103\u201d. Interviu cu profesorul Robert Reisz                        <\/div>\n<\/div>\n<header>\n<h1 class=\"entry-title\">\u201ePia\u021ba muncii cerea un masterat de rela\u021bii interna\u021bionale \u00een limba englez\u0103\u201d. Interviu cu profesorul Robert Reisz<\/h1>\n<div class=\"meta-info\">\n<div class=\"post-author-bd\">\n                By <a href=\"https:\/\/www.banatulmeu.ro\/author\/idraghia\/\" title>Administrator <\/a><\/div>\n<div class=\"post-date-bd\">\n                &#8211; 24 iunie 2015            <\/div>\n<div class=\"post-date-bd\">\n                &#8211; 10:29            <\/div>\n<div class=\"post-cats-bd\">\n                &#8211; in <a href=\"https:\/\/www.banatulmeu.ro\/category\/educatie\/\" rel=\"category tag\">Educatie<\/a>, <a href=\"https:\/\/www.banatulmeu.ro\/category\/interviu\/\" rel=\"category tag\">Interviu<\/a>, <a href=\"https:\/\/www.banatulmeu.ro\/category\/slider\/\" rel=\"category tag\">Slider<\/a><\/div>\n<div class=\"post-comments-bd\"><a href=\"https:\/\/www.banatulmeu.ro\/piata-muncii-cerea-un-masterat-de-relatii-internationale-in-limba-engleza-interviu-cu-profesorul-robert-reisz\/#respond\">0<\/a><\/div>\n<\/div>\n<\/header>\n<\/div>\n<div class=\"post-content-bd\">\n<div class=\"post-featured\" id=\"post-featured\">\n<div class=\"post-featured-image-bd\">\n<figure><a href=\"https:\/\/www.banatulmeu.ro\/wp-content\/uploads\/2015\/06\/11649340_10204249333613427_2112460267_o.jpg\" rel=\"bookmark\"><img loading=\"lazy\" decoding=\"async\" width=\"220\" height=\"330\" src=\"https:\/\/www.banatulmeu.ro\/wp-content\/uploads\/2015\/06\/11649340_10204249333613427_2112460267_o.jpg\" class=\"attachment-bd-normal size-bd-normal wp-post-image\" alt><img loading=\"lazy\" decoding=\"async\" width=\"220\" height=\"330\" src=\"https:\/\/www.banatulmeu.ro\/wp-content\/uploads\/2015\/06\/11649340_10204249333613427_2112460267_o.jpg\" class=\"attachment-bd-normal size-bd-normal wp-post-image\" alt><\/a><\/figure>\n<\/div>\n<\/div>\n<p>Universitatea de Vest din Timi\u0219oara \u00eei a\u0219teapt\u0103 pe proaspe\u021bii licen\u021bia\u021bi cu o ofert\u0103 tot mai bogat\u0103 de studii masterale. Unul dintre programe \u2013\u201eDezvoltare interna\u0163ional\u0103 \u0219i administrarea afacerilor globale\u201c \u2013 este o noutate absolut\u0103. Coordonatorul masteratului, Prof. Dr Robert Reisz explic\u0103 de ce era necesar noul masterat \u0219i ce impact direct va avea pe pia\u021ba muncii.<\/p>\n<p><strong>Miroslav Stanici: De ce un nou program de master la facultatea de \u0219tiin\u021be politice? <\/strong><\/p>\n<p><strong>Robert Reisz:<\/strong> Noul masterat se nume\u0219te \u201dInternational development and management of global affairs (Dezvoltare interna\u0163ional\u0103 \u0219i administrarea afacerilor globale)\u201d \u0219i era nevoie de el pentru c\u0103 pia\u021ba muncii cerea un masterat de rela\u021bii interna\u021bionale \u00een limba englez\u0103. Principalele oportunit\u0103\u021bi de angajare ale absolven\u021bilor no\u0219tri sunt \u00een activit\u0103\u021bi de rela\u021bii interna\u021bionale la firme multina\u021bionale \u0219i acestea cer cuno\u0219tiin\u021be c\u00e2t mai bune de limbi str\u0103ine. \u0218i nu e vorba doar c\u0103 absolven\u021bii no\u0219tri trebuie s\u0103 vorbeasc\u0103 bine limba englez\u0103, ei trebuie s\u0103 st\u0103p\u00e2neasc\u0103 bine vocabularul rela\u021biilor interna\u021bionale, ale dreptului interna\u021bional, al politicilor interna\u021bionale, economice, dar \u0219i sociale. E vorba despre limbajul dezvolt\u0103rii interna\u021bionale.<\/p>\n<p>Apoi, mai \u00eencerc\u0103m s\u0103 ne apropiem cu acest masterat de pia\u021ba muncii \u0219i prin includerea unei perioade de practic\u0103 \u0219i a unui curs de management de proiect, dar \u0219i prin oferta de module op\u021bionale. Studen\u021bii no\u0219tri cer din ce \u00een ce mai mult cuno\u0219tiin\u021be practice, utile, care s\u0103 le creasc\u0103 \u0219ansele de angajabilitate \u0219i ne str\u0103duim s\u0103 r\u0103spundem acestei cereri pe care o g\u0103sim justificat\u0103. Modulele op\u021bionale vor permite accentuarea cuno\u0219tiin\u021belor pe problematica european\u0103, respectiv pe cea african\u0103.<\/p>\n<p><strong>M.S.<\/strong> Cine vor fi profesorii care vor preda \u00een cadrul acestui master?<\/p>\n<p><strong>R.R.<\/strong> Vor preda \u00een general cadrele didactice ale universit\u0103\u021bii noastre, ceea ce ne permite s\u0103 avem cursuri s\u0103pt\u0103m\u00e2nale. Eu am ajuns s\u0103 prefer acest tip de organizare, cursurilor modulare predate de c\u0103tre profesori invita\u021bi care adesea sunt mai greu de asimilat, iar uneori se lovesc \u0219i de probleme de planificare. Fapt este c\u0103 toate cadrele didactice au o bogat\u0103 experien\u021b\u0103 interna\u021bional\u0103. 70% dintre cursuri sunt predate de c\u0103tre cadre didactice care au doctorate sau masterate ob\u021binute \u00een str\u0103in\u0103tate, \u00een limba englez\u0103.<\/p>\n<p><strong>M.S.<\/strong> C\u00e2te locuri sunt disponibile?<\/p>\n<p><strong>R.R.<\/strong> 27 de locuri bugetate \u0219i 73 de locuri cu tax\u0103.<\/p>\n<p><strong>M.S.<\/strong> Care sunt joburile pentru care sunt preg\u0103ti\u021bi viitori absolven\u021bi?<\/p>\n<p><strong>R.R.<\/strong> Nu c\u0103ut\u0103m s\u0103 preg\u0103tim speciali\u0219ti pentru locuri de munc\u0103 care nu exist\u0103. A\u0219a cum spuneam, absolven\u021bii no\u0219tri ajung aproape to\u021bi s\u0103 lucreze \u00een \u00eentreprinderile multina\u021bionale din zona Timi\u0219oarei \u0219i lucreaz\u0103 \u00een domeniul rela\u021biilor interna\u021bionale \u0219i pentru asta \u00eei \u0219i preg\u0103tim. Sigur, avem absolven\u021bi ai masteratelor noastre de p\u00e2n\u0103 acum care lucreaz\u0103 \u00een organiza\u021bii neguvernamentale, \u00een pres\u0103 sau chiar \u00een guvern sau \u00een administra\u021bia public\u0103. Combina\u021bia de cuno\u0219tiin\u021be economice, politice \u0219i juridice pe care o oferim, la care acum se va ad\u0103uga o solid\u0103 preg\u0103tire \u00een limba englez\u0103 este ceea ce asemenea locuri de munc\u0103 cer.<\/p>\n<p><strong>M.S.<\/strong> Care sunt condi\u021biile de admitere?<\/p>\n<p><strong>R.R.<\/strong> Putem admite absolven\u021bi ai oric\u0103ror programe de licen\u021b\u0103, care au cuno\u0219tiin\u021be bune de limb\u0103 englez\u0103. Acestea pot fi demostrate prin orice diplome recunoscute de sistemul nostru educa\u021bional sau printr-un test organizat de c\u0103tre colegii no\u0219tri de la facultatea de litere. Va avea apoi loc un interviu la care c\u0103ut\u0103m \u00een primul r\u00e2nd s\u0103 afl\u0103m motiva\u021bia candida\u021bilor, planurile lor de viitor, \u0219i desigur felul cum se prezint\u0103 \u0219i se exprim\u0103 ei. Ne-ar place s\u0103 avem un grup de masteranzi cu background c\u00e2t mai divers, ceea ce ar duce la o experien\u021b\u0103 important\u0103 de lucru \u00een echip\u0103 \u0219i la posibilitatea ca masteranzii s\u0103 \u00eenve\u021be unii de la al\u021bii. De obicei masteratele noastre atrag licen\u021bia\u021bi \u00een rela\u021bii interna\u021bionale, \u0219tiin\u021be politice, comunicare, filosofie, drept, istorie, \u0219tiin\u021be sociale, dar ne-am bucura mult s\u0103 \u00eenmatricul\u0103m \u0219i agronomi, medici, ingineri sau economi\u0219ti.<\/p>\n<p><strong>\u00a0a consemnat Miroslav STANICI<\/strong><\/p>\n<\/div>\n<footer>\n<div class=\"post-tags-bd\"><span>Tags<\/span><a href=\"https:\/\/www.banatulmeu.ro\/tag\/engleza\/\" rel=\"tag\">engleza<\/a><a href=\"https:\/\/www.banatulmeu.ro\/tag\/intreviu\/\" rel=\"tag\">intreviu<\/a><a href=\"https:\/\/www.banatulmeu.ro\/tag\/masterat\/\" rel=\"tag\">masterat<\/a><a href=\"https:\/\/www.banatulmeu.ro\/tag\/piata-muncii\/\" rel=\"tag\">piata muncii<\/a><a href=\"https:\/\/www.banatulmeu.ro\/tag\/relatii-internationale\/\" rel=\"tag\">relatii internationale<\/a><a href=\"https:\/\/www.banatulmeu.ro\/tag\/robert-raisz\/\" rel=\"tag\">robert raisz<\/a><a href=\"https:\/\/www.banatulmeu.ro\/tag\/timisoara\/\" rel=\"tag\">timisoara<\/a><a href=\"https:\/\/www.banatulmeu.ro\/tag\/universitate\/\" rel=\"tag\">universitate<\/a><a href=\"https:\/\/www.banatulmeu.ro\/tag\/uvt\/\" rel=\"tag\">uvt<\/a><\/div>\n<div class=\"post-sharing-bd\">\n<ul>\n<li class=\"ps-title\">\n<li class=\"facebook\">\n<li class=\"twitter\">\n<li class=\"linkedin\">\n<li class=\"reddit\">\n<li class=\"tumblr\">\n<li class=\"google\">\n<li class=\"pinterest\"><\/ul>\n<\/div>\n<div class=\"post-nav-links\">\n<div class=\"post-nav-prev\"><a href=\"https:\/\/www.banatulmeu.ro\/se-deschide-policlinica-la-moldova-noua-modernizata-dupa-30-de-ani\/\" rel=\"prev\"><span>Previous article<\/span> Se deschide policlinica la Moldova Nou\u0103, modernizat\u0103 dup\u0103 30 de ani<\/a><\/div>\n<div class=\"post-nav-next\"><a href=\"https:\/\/www.banatulmeu.ro\/concertul-absolventilor-facultatii-de-muzica-a-universitatii-de-vest-la-filarmonica-banatul-timisoara\/\" rel=\"next\"><span>Next article<\/span> Concertul Absolven\u021bilor Facult\u0103\u021bii de Muzic\u0103 a Universit\u0103\u021bii de Vest, la Filarmonica Banatul Timi\u015foara<\/a><\/div>\n<\/div>\n<div class=\"author-box-bd\">\n<div class=\"title-bd\">\n<h3>\n            About the author        <\/h3>\n<\/div>\n<div class=\"ab-inner\">\n<div class=\"ab-avatar\"><img loading=\"lazy\" decoding=\"async\" src=\"https:\/\/www.banatulmeu.ro\/wp-content\/plugins\/user-avatar\/user-avatar-pic.php?src=https:\/\/www.banatulmeu.ro\/wp-content\/uploads\/avatars\/1\/1453476097-bpfull.jpg&amp;w=100&amp;id=1&amp;random=1453476097\" alt class=\" avatar  avatar-100  photo user-1-avatar\" width=\"100\" height=\"100\"><img loading=\"lazy\" decoding=\"async\" src=\"https:\/\/www.banatulmeu.ro\/wp-content\/plugins\/user-avatar\/user-avatar-pic.php?src=https:\/\/www.banatulmeu.ro\/wp-content\/uploads\/avatars\/1\/1453476097-bpfull.jpg&amp;w=100&amp;id=1&amp;random=1453476097\" alt class=\" avatar  avatar-100  photo user-1-avatar\" width=\"100\" height=\"100\"><\/div>\n<div class=\"ab-content\">\n<div class=\"ab-header\">\n<div class=\"ab-name\"><a href=\"https:\/\/www.banatulmeu.ro\/author\/idraghia\/\">Administrator<\/a><\/div>\n<\/div>\n<\/div>\n<\/div>\n<\/div>\n<div class=\"post-related-bd\">\n<div class=\"title-bd\">\n<h3>\n                    Related Posts                <\/h3>\n<\/div>\n<section id=\"related-posts\">\n<div class=\"related-inner\">\n<div class=\"related-row\">\n<div data-val=\"177803\" class=\"rp-post\">\n<div class=\"rp-thumbnail\"><a href=\"https:\/\/www.banatulmeu.ro\/avanseaza-proiectul-de-reabilitare-a-liceului-electrotimis-documentatia-tehnica-finalizata\/\" rel=\"bookmark\"><img loading=\"lazy\" decoding=\"async\" width=\"331\" height=\"219\" src=\"https:\/\/www.banatulmeu.ro\/wp-content\/uploads\/2023\/09\/liceul-electrotimis-331x219.jpg\" class=\"attachment-bd-large size-bd-large wp-post-image\" alt><img loading=\"lazy\" decoding=\"async\" width=\"331\" height=\"219\" src=\"https:\/\/www.banatulmeu.ro\/wp-content\/uploads\/2023\/09\/liceul-electrotimis-331x219.jpg\" class=\"attachment-bd-large size-bd-large wp-post-image\" alt><\/a><\/div>\n<div class=\"rp-meta\">\n<h3 class=\"entry-title\"><a href=\"https:\/\/www.banatulmeu.ro\/avanseaza-proiectul-de-reabilitare-a-liceului-electrotimis-documentatia-tehnica-finalizata\/\" title=\"Avanseaz\u0103 proiectul de reabilitare a Liceului Electrotimi\u0219! Documenta\u021bia tehnic\u0103, finalizat\u0103\" rel=\"bookmark\">Avanseaz\u0103 proiectul de reabilitare a Liceului Electrotimi\u0219! Documenta\u021bia tehnic\u0103, finalizat\u0103<\/a><\/h3>\n<p><span class=\"ws-info\"><span>o zi ago<\/span><\/span><\/div>\n<\/div>\n<div data-val=\"177785\" class=\"rp-post\">\n<div class=\"rp-thumbnail\"><a href=\"https:\/\/www.banatulmeu.ro\/trafic-deschis-prin-pasajul-solventul-din-timisoara-de-luni-foto\/\" rel=\"bookmark\"><img loading=\"lazy\" decoding=\"async\" width=\"331\" height=\"219\" src=\"https:\/\/www.banatulmeu.ro\/wp-content\/uploads\/2025\/12\/605141089_1488787149921480_7412997102922993726_n-331x219.jpg\" class=\"attachment-bd-large size-bd-large wp-post-image\" alt><img decoding=\"async\" width=\"331\" height=\"219\" src=\"https:\/\/www.banatulmeu.ro\/wp-content\/uploads\/2025\/12\/605141089_1488787149921480_7412997102922993726_n-331x219.jpg\" class=\"attachment-bd-large size-bd-large wp-post-image\" alt loading=\"lazy\"><\/a><\/div>\n<div class=\"rp-meta\">\n<h3 class=\"entry-title\"><a href=\"https:\/\/www.banatulmeu.ro\/trafic-deschis-prin-pasajul-solventul-din-timisoara-de-luni-foto\/\" title=\"Trafic deschis prin pasajul Solventul din Timisoara, de luni FOTO\" rel=\"bookmark\">Trafic deschis prin pasajul Solventul din Timisoara, de luni FOTO<\/a><\/h3>\n<p><span class=\"ws-info\"><span>o zi ago<\/span><\/span><\/div>\n<\/div>\n<div data-val=\"177645\" class=\"rp-post last-col\">\n<div class=\"rp-thumbnail\"><a href=\"https:\/\/www.banatulmeu.ro\/de-la-contracandidat-la-sustinator-profesorul-ilare-bordeasu-despre-rectorul-florin-dragan-si-miza-reala-din-upt\/\" rel=\"bookmark\"><img loading=\"lazy\" decoding=\"async\" width=\"331\" height=\"219\" src=\"https:\/\/www.banatulmeu.ro\/wp-content\/uploads\/2025\/12\/IMG_2275-331x219.jpeg\" class=\"attachment-bd-large size-bd-large wp-post-image\" alt><img decoding=\"async\" width=\"331\" height=\"219\" src=\"https:\/\/www.banatulmeu.ro\/wp-content\/uploads\/2025\/12\/IMG_2275-331x219.jpeg\" class=\"attachment-bd-large size-bd-large wp-post-image\" alt loading=\"lazy\"><\/a><\/div>\n<div class=\"rp-meta\">\n<h3 class=\"entry-title\"><a href=\"https:\/\/www.banatulmeu.ro\/de-la-contracandidat-la-sustinator-profesorul-ilare-bordeasu-despre-rectorul-florin-dragan-si-miza-reala-din-upt\/\" title=\"De la contracandidat la sustinator: profesorul Ilare Bordeasu despre rectorul Florin Dragan si miza reala din UPT\" rel=\"bookmark\">De la contracandidat la sustinator: profesorul Ilare Bordeasu despre rectorul Florin Dragan si miza reala din UPT<\/a><\/h3>\n<p><span class=\"ws-info\"><span>3 zile ago<\/span><\/span><\/div>\n<\/div>\n<\/div>\n<\/div>\n<\/section>\n<\/div>\n<\/footer>\n<div id=\"comments\" class=\"comments-area\">\n<div id=\"respond\" class=\"comment-respond\">\n<h3 id=\"reply-title\" class=\"comment-reply-title\">\n<div class=\"title-bd\">\n<h3>Leave a Reply<\/h3>\n<\/div>\n<p><small><a rel=\"nofollow\" id=\"cancel-comment-reply-link\" href=\"https:\/\/www.banatulmeu.ro\/piata-muncii-cerea-un-masterat-de-relatii-internationale-in-limba-engleza-interviu-cu-profesorul-robert-reisz\/#respond\">Cancel Reply<\/a><\/small><\/h3>\n<p class=\"comment-notes\"><span id=\"email-notes\">Adresa ta de email nu va fi publicat\u0103.<\/span><span class=\"required-field-message\">C\u00e2mpurile obligatorii sunt marcate cu <span class=\"required\">*<\/span><\/span><\/p>\n<\/div>\n<\/div>\n<\/article>\n<p> Source URL: https:\/\/www.banatulmeu.ro\/piata-muncii-cerea-un-masterat-de-relatii-internationale-in-limba-engleza-interviu-cu-profesorul-robert-reisz\/<\/p>\n","protected":false},"excerpt":{"rendered":"<p>2015-06-24 Administrator Home Educatie \u201ePia\u021ba muncii cerea un masterat de rela\u021bii interna\u021bionale \u00een limba englez\u0103\u201d. Interviu cu profesorul Robert Reisz \u201ePia\u021ba muncii cerea un masterat de rela\u021bii interna\u021bionale \u00een limba englez\u0103\u201d. Interviu cu profesorul Robert Reisz By Administrator &#8211; 24 iunie 2015 &#8211; 10:29 &#8211; in Educatie, Interviu, Slider 0 Universitatea de Vest din Timi\u0219oara [&hellip;]<\/p>\n","protected":false},"author":1,"featured_media":0,"comment_status":"open","ping_status":"","sticky":false,"template":"","format":"standard","meta":{"footnotes":""},"categories":[89],"tags":[204],"class_list":["post-1232403","post","type-post","status-publish","format-standard","hentry","category-romania","tag-banatulmeu-ro"],"_links":{"self":[{"href":"https:\/\/analyse.optim.biz\/index.php?rest_route=\/wp\/v2\/posts\/1232403","targetHints":{"allow":["GET"]}}],"collection":[{"href":"https:\/\/analyse.optim.biz\/index.php?rest_route=\/wp\/v2\/posts"}],"about":[{"href":"https:\/\/analyse.optim.biz\/index.php?rest_route=\/wp\/v2\/types\/post"}],"author":[{"embeddable":true,"href":"https:\/\/analyse.optim.biz\/index.php?rest_route=\/wp\/v2\/users\/1"}],"replies":[{"embeddable":true,"href":"https:\/\/analyse.optim.biz\/index.php?rest_route=%2Fwp%2Fv2%2Fcomments&post=1232403"}],"version-history":[{"count":0,"href":"https:\/\/analyse.optim.biz\/index.php?rest_route=\/wp\/v2\/posts\/1232403\/revisions"}],"wp:attachment":[{"href":"https:\/\/analyse.optim.biz\/index.php?rest_route=%2Fwp%2Fv2%2Fmedia&parent=1232403"}],"wp:term":[{"taxonomy":"category","embeddable":true,"href":"https:\/\/analyse.optim.biz\/index.php?rest_route=%2Fwp%2Fv2%2Fcategories&post=1232403"},{"taxonomy":"post_tag","embeddable":true,"href":"https:\/\/analyse.optim.biz\/index.php?rest_route=%2Fwp%2Fv2%2Ftags&post=1232403"}],"curies":[{"name":"wp","href":"https:\/\/api.w.org\/{rel}","templated":true}]}}