{"id":1230594,"date":"2017-07-21T16:27:59","date_gmt":"2017-07-21T13:27:59","guid":{"rendered":"https:\/\/analyse.optim.biz\/?p=1230594"},"modified":"2017-07-21T16:27:59","modified_gmt":"2017-07-21T13:27:59","slug":"primarii-vasluieni-chemati-sa-se-mobilizeze-in-stoparea-epidemiei-de-rujeola-ziarul-de-vaslui","status":"publish","type":"post","link":"https:\/\/analyse.optim.biz\/?p=1230594","title":{"rendered":"Primarii vasluieni, chema\u0163i s\u0103 se mobilizeze \u00een stoparea epidemiei de rujeol\u0103 &#8211; Ziarul de Vaslui"},"content":{"rendered":"<div class=\"entry-content clearfix\">\n<p>\u0162ara noastr\u0103 se confrunt\u0103 cu o grav\u0103 epidemie de rujeol\u0103, p\u00e2n\u0103 la aceast\u0103 dat\u0103 fiind \u00eenregistrate 8.017 cazuri de \u00eemboln\u00e2vire \u015fi 31 de decese. La Vaslui, fa\u0163\u0103 de anul trecut c\u00e2nd s-au \u00eenregistrat dou\u0103 cazuri, p\u00e2n\u0103 la aceast\u0103 dat\u0103 Direc\u0163ia de S\u0103n\u0103tatze Public\u0103 (DSP) Vaslui a \u00eenregistrat 156 de cazuri \u015fi un deces. Alte 20 de cazuri sunt suspecte, autorit\u0103\u0163ile a\u015ftept\u00e2nd reyultatele analizelor de laborator care vor confirma, sau nu, existen\u0163a bolii.\u00a0 Pentru c\u0103 boala afecteaz\u0103 doar persoanele nevaccinate, prefectul Eduard-Andrei Popica \u0219i pre\u0219edintele Consiliului Jude\u021bean (CJ), Dumitru Buzatu, au organizat o \u00eent\u00e2lnire comun\u0103, la care au fost invita\u0163i reprezentan\u0163oii DSP Vaslui \u015fi primarii vasluieni, cu scopul de a se lua toate m\u0103surile necesare pentru a limita epidemia.<\/p>\n<p>Reprezentantul Guvernului \u00een teritoriu i-a anun\u021bat pe primari c\u0103 va fi demarat\u0103 o campanie de vaccinare \u00eempotriva rujeolei, cu implicarea autorit\u0103\u021bilor locale, care trebuie s\u0103 identifice copiii imuniza\u021bi.<span class=\"text_exposed_show\"><br \/>\n\u201dCerem autorit\u0103\u0163ile locale s\u0103 se implice \u00een aceast\u0103 campanie, pentru a identifica to\u021bi copiii cu v\u00e2rste \u00eentre nou\u0103 luni \u015fi nou\u0103 ani, grupele de v\u00e2rst\u0103 cele mai afectate de epidemie, care nu au fost vaccina\u0163i, dar \u015fi locurile \u00een care ace\u015ftia vor fi imuniza\u0163i \u00een cadrul campaniei, \u00een cazul \u00een care \u00een localit\u0103\u0163ile respective nu sunt unit\u0103\u0163i medicale. De asemenea, \u00een cazul \u00een care localit\u0103\u0163ile sau zonele respective nu au medici, vor participa voluntari\u201d, a spus prefectul Eduard-Andrei Popica.<br \/>\nReprezentan\u021bii Direc\u021biei de S\u0103n\u0103tate Public\u0103 (DSP) Vaslui, Mihaela Vlada, directorul institu\u0163iei, dr. epidemilog Lumini\u0163a Costache \u015fi Ofelia Pais, coo0rdonatorul re\u0163elei de asisten\u0163i comunitari din jude\u0163, au prezentat o analiz\u0103 a situa\u0163iei, pun\u00e2nd accent pe gradul de informare al familiilor \u00een care sunt copii nevaccina\u0163i.\u00a0 \u201dPreciz\u0103m c\u0103 num\u0103rul total de doze primite la nivelul DSP este de 7.700, din care 1.111 doze au fost repartizate \u00een teritoriu. La aceast\u0103 dat\u0103 sunt \u00eenregistra\u021bi un num\u0103r de 4.509 copii restan\u021bieri la vaccinarea ROR, motivele de nevaccinare fiind reprezentate de refuz \u0219i neprezentare. Cele mai multe cazuri de rujeol\u0103 sunt \u00eenregistrate \u00een municipiul Vaslui, suburbia Rediu, unde avem 57 de cazuri, Dume\u0219ti, cu 17 cazuri, B\u0103ce\u0219ti-14 cazuri, Dele\u0219ti-11 cazuri \u0219i Bogd\u0103ne\u0219ti, cu 7 cazuri\u201d, a spus Mihaela Vlada, directorul DSP Vaslui.<br \/>\nPre\u0219edintele CJ, Dumitru Buzatu, le-a cerut primarilor s\u0103 se implice \u00een campanie, s\u0103 se mearg\u0103 din cas\u0103 \u00een cas\u0103, pentru a-i l\u0103muri pe cet\u0103\u021beni c\u00e2t de important\u0103 este vaccinarea \u00eempotriva rujeolei: \u201dAvem de a face, \u00een special \u00een zona rural\u0103, cu difuzarea de tot felul de informa\u021bii neverificate \u0219i nereale, lansate de oricine. De aici au ap\u0103rut destule probleme. Acestea vor persista, dac\u0103 nu se va ac\u021biona \u00een mod organizat, \u00een cooperare cu cei care r\u0103spund de imunizare, planificat, d\u00e2nd sprijin, s\u0103 ajungem la cet\u0103\u021beni, s\u0103-i l\u0103murim c\u00e2t de important\u0103 e vaccinarea\u201d.<br \/>\nPrefectul Eduard-Andrei Popica a ad\u0103ugat c\u0103 va evalua o dat\u0103 la dou\u0103 s\u0103pt\u0103m\u00e2ni gradul de implicare a autorit\u0103\u0163ilor locale, iar acolo unde sunt \u00een continuare probleme vor fi luate m\u0103suri. La \u00eent\u00e2lnire au mai participat subprefectul Mircea Gologan \u0219i reprezentan\u021bii medicilor de familie, Cristinel Grecu \u0219i Aurica \u021aenu.<\/span><\/p>\n<div id=\"gallery-1\" class=\"gallery galleryid-15255 gallery-columns-5 gallery-size-colormag-featured-image\">\n<figure class=\"gallery-item\">\n<div class=\"gallery-icon landscape\"><a href=\"https:\/\/www.ziaruldevaslui.ro\/wp-content\/uploads\/2017\/07\/20139957_1858831584339289_841830869840577767_n.jpg\" title data-rl_title class=\"rl-gallery-link\" data-rl_caption data-rel=\"lightbox-gallery-1\"><img decoding=\"async\" width=\"800\" height=\"445\" src=\"https:\/\/analyse.optim.biz\/wp-content\/uploads\/2025\/12\/20139957_1858831584339289_841830869840577767_n-800x445-1.jpg\" class=\"attachment-colormag-featured-image size-colormag-featured-image\" loading=\"lazy\" title=\"20139957_1858831584339289_841830869840577767_n-800x445-1\"><\/a><\/div>\n<\/figure>\n<figure class=\"gallery-item\">\n<div class=\"gallery-icon landscape\"><a href=\"https:\/\/www.ziaruldevaslui.ro\/wp-content\/uploads\/2017\/07\/20228551_1858831481005966_6583619728759351533_n.jpg\" title data-rl_title class=\"rl-gallery-link\" data-rl_caption data-rel=\"lightbox-gallery-1\"><img decoding=\"async\" width=\"800\" height=\"445\" src=\"https:\/\/analyse.optim.biz\/wp-content\/uploads\/2025\/12\/20228551_1858831481005966_6583619728759351533_n-800x445-1.jpg\" class=\"attachment-colormag-featured-image size-colormag-featured-image\" loading=\"lazy\" title=\"20228551_1858831481005966_6583619728759351533_n-800x445-1\"><\/a><\/div>\n<\/figure>\n<figure class=\"gallery-item\">\n<div class=\"gallery-icon landscape\"><a href=\"https:\/\/www.ziaruldevaslui.ro\/wp-content\/uploads\/2017\/07\/20228845_1858831821005932_5238001993265623393_n.jpg\" title data-rl_title class=\"rl-gallery-link\" data-rl_caption data-rel=\"lightbox-gallery-1\"><img decoding=\"async\" width=\"800\" height=\"445\" src=\"https:\/\/analyse.optim.biz\/wp-content\/uploads\/2025\/12\/20228845_1858831821005932_5238001993265623393_n-800x445-1.jpg\" class=\"attachment-colormag-featured-image size-colormag-featured-image\" loading=\"lazy\" title=\"20228845_1858831821005932_5238001993265623393_n-800x445-1\"><\/a><\/div>\n<\/figure>\n<figure class=\"gallery-item\">\n<div class=\"gallery-icon landscape\"><a href=\"https:\/\/www.ziaruldevaslui.ro\/wp-content\/uploads\/2017\/07\/20246318_1858831964339251_740239571047563795_n.jpg\" title data-rl_title class=\"rl-gallery-link\" data-rl_caption data-rel=\"lightbox-gallery-1\"><img decoding=\"async\" width=\"800\" height=\"445\" src=\"https:\/\/analyse.optim.biz\/wp-content\/uploads\/2025\/12\/20246318_1858831964339251_740239571047563795_n-800x445-1.jpg\" class=\"attachment-colormag-featured-image size-colormag-featured-image\" loading=\"lazy\" title=\"20246318_1858831964339251_740239571047563795_n-800x445-1\"><\/a><\/div>\n<\/figure>\n<figure class=\"gallery-item\">\n<div class=\"gallery-icon landscape\"><a href=\"https:\/\/analyse.optim.biz\/wp-content\/uploads\/2025\/12\/20264558_1858831477672633_1452476930989864312_n.jpg\" title data-rl_title class=\"rl-gallery-link\" data-rl_caption data-rel=\"lightbox-gallery-1\"><img decoding=\"async\" width=\"800\" height=\"445\" src=\"https:\/\/analyse.optim.biz\/wp-content\/uploads\/2025\/12\/20264558_1858831477672633_1452476930989864312_n-800x445-1.jpg\" class=\"attachment-colormag-featured-image size-colormag-featured-image\" loading=\"lazy\" title=\"20264558_1858831477672633_1452476930989864312_n-800x445-1\"><\/a><\/div>\n<\/figure>\n<\/div>\n<aside class=\"mashsb-container mashsb-main \">\n<div class=\"mashsb-box\">\n<div class=\"mashsb-count mash-medium\">\n<div class=\"counts mashsbcount\">3<\/div>\n<p><span class=\"mashsb-sharetext\">SHARES<\/span><\/div>\n<div class=\"mashsb-buttons\"><a class=\"mashicon-facebook mash-medium mashsb-noshadow\" href=\"https:\/\/www.facebook.com\/sharer.php?u=https%3A%2F%2Fwww.ziaruldevaslui.ro%2Fprimarii-vasluieni-chemati-sa-se-mobilizeze-in-stoparea-epidemiei-de-rujeola%2F\" target=\"_top\" rel=\"nofollow\"><span class=\"text\">Share\u00a0pe\u00a0facebook<\/span><\/a><a class=\"mashicon-twitter mash-medium mashsb-noshadow\" href=\"https:\/\/twitter.com\/intent\/tweet?text=Primarii%20vasluieni%2C%20chema%C5%A3i%20s%C4%83%20se%20mobilizeze%20%C3%AEn%20stoparea%20epidemiei%20de%20rujeol%C4%83&amp;url=https:\/\/www.ziaruldevaslui.ro\/?p=15255\" target=\"_top\" rel=\"nofollow\"><span class=\"text\">Share\u00a0pe\u00a0twitter<\/span><\/a><\/div>\n<\/div>\n<\/aside>\n<\/div>\n<div class=\"entry-content\">\n<p>Ini\u021bial am crezut c\u0103 Ionel Sandu s-a apucat de Stand Up Comedy. Cu afacerile nu st\u0103 extraordinar, cu politica nici<\/p>\n<\/div>\n<p> Source URL: https:\/\/www.ziaruldevaslui.ro\/primarii-vasluieni-chemati-sa-se-mobilizeze-in-stoparea-epidemiei-de-rujeola\/<\/p>\n","protected":false},"excerpt":{"rendered":"<p>\u0162ara noastr\u0103 se confrunt\u0103 cu o grav\u0103 epidemie de rujeol\u0103, p\u00e2n\u0103 la aceast\u0103 dat\u0103 fiind \u00eenregistrate 8.017 cazuri de \u00eemboln\u00e2vire \u015fi 31 de decese. La Vaslui, fa\u0163\u0103 de anul trecut c\u00e2nd s-au \u00eenregistrat dou\u0103 cazuri, p\u00e2n\u0103 la aceast\u0103 dat\u0103 Direc\u0163ia de S\u0103n\u0103tatze Public\u0103 (DSP) Vaslui a \u00eenregistrat 156 de cazuri \u015fi un deces. Alte 20 [&hellip;]<\/p>\n","protected":false},"author":1,"featured_media":1230596,"comment_status":"open","ping_status":"","sticky":false,"template":"","format":"standard","meta":{"footnotes":""},"categories":[89],"tags":[218],"class_list":["post-1230594","post","type-post","status-publish","format-standard","has-post-thumbnail","hentry","category-romania","tag-ziaruldevaslui-ro"],"_links":{"self":[{"href":"https:\/\/analyse.optim.biz\/index.php?rest_route=\/wp\/v2\/posts\/1230594","targetHints":{"allow":["GET"]}}],"collection":[{"href":"https:\/\/analyse.optim.biz\/index.php?rest_route=\/wp\/v2\/posts"}],"about":[{"href":"https:\/\/analyse.optim.biz\/index.php?rest_route=\/wp\/v2\/types\/post"}],"author":[{"embeddable":true,"href":"https:\/\/analyse.optim.biz\/index.php?rest_route=\/wp\/v2\/users\/1"}],"replies":[{"embeddable":true,"href":"https:\/\/analyse.optim.biz\/index.php?rest_route=%2Fwp%2Fv2%2Fcomments&post=1230594"}],"version-history":[{"count":0,"href":"https:\/\/analyse.optim.biz\/index.php?rest_route=\/wp\/v2\/posts\/1230594\/revisions"}],"wp:featuredmedia":[{"embeddable":true,"href":"https:\/\/analyse.optim.biz\/index.php?rest_route=\/wp\/v2\/media\/1230596"}],"wp:attachment":[{"href":"https:\/\/analyse.optim.biz\/index.php?rest_route=%2Fwp%2Fv2%2Fmedia&parent=1230594"}],"wp:term":[{"taxonomy":"category","embeddable":true,"href":"https:\/\/analyse.optim.biz\/index.php?rest_route=%2Fwp%2Fv2%2Fcategories&post=1230594"},{"taxonomy":"post_tag","embeddable":true,"href":"https:\/\/analyse.optim.biz\/index.php?rest_route=%2Fwp%2Fv2%2Ftags&post=1230594"}],"curies":[{"name":"wp","href":"https:\/\/api.w.org\/{rel}","templated":true}]}}