{"id":123014,"date":"2018-02-22T16:35:49","date_gmt":"2018-02-22T13:35:49","guid":{"rendered":"https:\/\/analyse.optim.biz\/?p=123014"},"modified":"2018-02-22T16:35:49","modified_gmt":"2018-02-22T13:35:49","slug":"andrei-plesu-despre-politicienii-suparati-pe-justitie","status":"publish","type":"post","link":"https:\/\/analyse.optim.biz\/?p=123014","title":{"rendered":"Andrei Ple\u015fu, despre politicienii sup\u0103ra\u0163i pe justi\u0163ie"},"content":{"rendered":"<div class=\"entry data-app-meta data-app-meta-article\" data-embed-base-url-canonical=\"https:\/\/www.digi24.ro\/embed\/stiri\/actualitate\/politica\/andrei-plesu-despre-politicienii-suparati-pe-justitie-883051\">\n<p data-index=\"1\"><strong>Eventuala schimbare din func\u0163ie a \u015fefei DNA risc\u0103 s\u0103 strice \u00eenc\u0103 o dat\u0103 imaginea deja \u015fifonat\u0103 a Rom\u00e2niei, crede scriitorul Andrei Ple\u015fu. El spune c\u0103 suntem \u00een \u0163ara politicienilor sup\u0103ra\u0163i pe justi\u0163ie dup\u0103 ce ajung s\u0103 aib\u0103 probleme cu legea. Interviul integral cu Andrei Ple\u015fu \u00eel pute\u021bi urm\u0103ri \u00een emisiunea \u201e\u00cen fa\u0163a ta\u201d, s\u00e2mb\u0103t\u0103, la miezul nop\u0163ii.<\/strong><\/p>\n<p data-index=\"2\"><span lang=\"ro-RO\"><strong>Andrei Ple\u015fu:<\/strong> Nu m\u0103 mir psihologic ca T\u0103riceanu e sup\u0103rat, c\u0103 Dragnea e sup\u0103rat, c\u0103 familia Cosma&#8230; M-am \u00eentrebat, totu\u0219i: cum Dumnezeu &#8211; tat\u0103l, \u0219ef de CJ, fiica, membru \u00een Camera Deputa\u021bilor, fiul la fel. Chestia asta c\u0103 familii \u00eentregi intr\u0103 \u00eentr-un partid \u0219i apoi \u00eentr-o institu\u021bie suprem\u0103 a \u021b\u0103rii \u0219i apoi se \u0219i sup\u0103r\u0103 dac\u0103 au probleme&#8230;<\/span><\/p>\n<p data-index=\"3\"><strong>Reporter:<\/strong> Plecarea doamnei Kovesi din fruntea DNA cum ar schimba lucrurile?<\/p>\n<p data-index=\"4\"><span lang=\"ro-RO\"><strong>Andrei Ple\u015fu:<\/strong> Nu \u0219tiu \u00een ce m\u0103sur\u0103 lucrurile s-ar schimba \u00een substan\u021ba lor, de\u0219i m\u0103 tem de asta, dar cred c\u0103 va fi o lovitur\u0103 dat\u0103 imaginii Rom\u00e2niei, tocmai de cei care se prefac c\u0103 ap\u0103r\u0103 aceasta imagine, care sunt foarte irita\u021bi c\u00e2nd semnaleaz\u0103 caren\u021be \u00een via\u021ba public\u0103. Cineva n-ar trebui s\u0103 ri\u0219te asa ceva, iar daca risc\u0103, trebuie s\u0103 suporte consecin\u021bele.<\/span><\/p>\n<\/div>\n<p> Source URL: https:\/\/www.digi24.ro\/stiri\/actualitate\/politica\/andrei-plesu-despre-politicienii-suparati-pe-justitie-883051<\/p>\n","protected":false},"excerpt":{"rendered":"<p>Eventuala schimbare din func\u0163ie a \u015fefei DNA risc\u0103 s\u0103 strice \u00eenc\u0103 o dat\u0103 imaginea deja \u015fifonat\u0103 a Rom\u00e2niei, crede scriitorul Andrei Ple\u015fu. El spune c\u0103 suntem \u00een \u0163ara politicienilor sup\u0103ra\u0163i pe justi\u0163ie dup\u0103 ce ajung s\u0103 aib\u0103 probleme cu legea. Interviul integral cu Andrei Ple\u015fu \u00eel pute\u021bi urm\u0103ri \u00een emisiunea \u201e\u00cen fa\u0163a ta\u201d, s\u00e2mb\u0103t\u0103, la [&hellip;]<\/p>\n","protected":false},"author":1,"featured_media":123015,"comment_status":"open","ping_status":"","sticky":false,"template":"","format":"standard","meta":{"footnotes":""},"categories":[2],"tags":[11],"class_list":["post-123014","post","type-post","status-publish","format-standard","has-post-thumbnail","hentry","category-politics","tag-digi24"],"_links":{"self":[{"href":"https:\/\/analyse.optim.biz\/index.php?rest_route=\/wp\/v2\/posts\/123014","targetHints":{"allow":["GET"]}}],"collection":[{"href":"https:\/\/analyse.optim.biz\/index.php?rest_route=\/wp\/v2\/posts"}],"about":[{"href":"https:\/\/analyse.optim.biz\/index.php?rest_route=\/wp\/v2\/types\/post"}],"author":[{"embeddable":true,"href":"https:\/\/analyse.optim.biz\/index.php?rest_route=\/wp\/v2\/users\/1"}],"replies":[{"embeddable":true,"href":"https:\/\/analyse.optim.biz\/index.php?rest_route=%2Fwp%2Fv2%2Fcomments&post=123014"}],"version-history":[{"count":0,"href":"https:\/\/analyse.optim.biz\/index.php?rest_route=\/wp\/v2\/posts\/123014\/revisions"}],"wp:featuredmedia":[{"embeddable":true,"href":"https:\/\/analyse.optim.biz\/index.php?rest_route=\/wp\/v2\/media\/123015"}],"wp:attachment":[{"href":"https:\/\/analyse.optim.biz\/index.php?rest_route=%2Fwp%2Fv2%2Fmedia&parent=123014"}],"wp:term":[{"taxonomy":"category","embeddable":true,"href":"https:\/\/analyse.optim.biz\/index.php?rest_route=%2Fwp%2Fv2%2Fcategories&post=123014"},{"taxonomy":"post_tag","embeddable":true,"href":"https:\/\/analyse.optim.biz\/index.php?rest_route=%2Fwp%2Fv2%2Ftags&post=123014"}],"curies":[{"name":"wp","href":"https:\/\/api.w.org\/{rel}","templated":true}]}}