{"id":123011,"date":"2018-02-22T17:03:15","date_gmt":"2018-02-22T14:03:15","guid":{"rendered":"https:\/\/analyse.optim.biz\/?p=123011"},"modified":"2018-02-22T17:03:15","modified_gmt":"2018-02-22T14:03:15","slug":"oug-ce-solutie-a-gasit-guvernul-pentru-concediile-medicale-si-maternale","status":"publish","type":"post","link":"https:\/\/analyse.optim.biz\/?p=123011","title":{"rendered":"OUG: Ce solu\u021bie a g\u0103sit Guvernul pentru concediile medicale \u0219i maternale"},"content":{"rendered":"<div class=\"entry data-app-meta data-app-meta-article\" data-embed-base-url-canonical=\"https:\/\/www.digi24.ro\/embed\/stiri\/actualitate\/politica\/oug-ce-solutie-a-gasit-guvernul-pentru-concediile-medicale-si-maternale-883065\">\n<p data-index=\"1\"><strong>Contribu\u021biile de asigur\u0103ri sociale sunt plafonate la nivelul anterior intr\u0103rii \u00een vigoare a \u201erevolu\u021biei fiscale\u201d p\u00e2n\u0103 la 30 iunie 2018 pentru persoanele aflate \u00een concediul medical, respectiv p\u00e2n\u0103 la 30 septembrie 2018 pentru mamele aflate \u00een concediu pre- \u0219i post-natal. Contribu\u021biile vor cre\u0219te, a\u0219adar, pentru aceste categorii, de la 1 iulie, respectiv de la 1 octombrie, iar veniturile \u00eencasate vor sc\u0103dea. De asemenea, Guvernul a decis ca stagiul minim de cotizare s\u0103 r\u0103m\u00e2n\u0103 o lun\u0103 p\u00e2n\u0103 la 30 iunie 2018. Este vorba de prevederile ordonan\u0163ei de urgen\u0163\u0103 adoptate joi de Cabinetul D\u0103ncil\u0103, \u00een scopul repar\u0103rii efectelor negative produse de modific\u0103rile aduse Codului fiscal asupra banilor cuveni\u021bi pentru concediile medicale \u0219i concediile pre- \u0219i post-natal.<\/strong><\/p>\n<figure class=\"article-thumb\"><img decoding=\"async\" src=\"https:\/\/analyse.optim.biz\/wp-content\/uploads\/2024\/09\/emm9mszoyxnoptq1nmu2m2zjogfkzjvjyzgxywq5nzk4mdezmwq4ztgx-thumb_.jpg\" alt=\"dancila 180131_GUVERN_SEDINTA_064_INQUAM_Photos_Octav_Ganea\" data-skip-htmlfix=\"1\" title=\"emm9mszoyxnoptq1nmu2m2zjogfkzjvjyzgxywq5nzk4mdezmwq4ztgx-thumb_\"><figcaption> Surs\u0103 foto: INQUAM PHOTOS \/ Octav Ganea <\/figcaption><\/figure>\n<p data-index=\"2\">Pentru mame \u0219i cei afla\u021bi \u00een concedii medicale, contribu\u021biile de asigur\u0103ri sociale vor fi plafonate, temporar, la nivelul din decembrie 2017: p\u00e2n\u0103 la 30 iunie 2018 pentru persoanele aflate \u00een concediul medical, respectiv p\u00e2n\u0103 la 30 septembrie 2018 pentru mamele aflate \u00een concediu pre- \u0219i post-natal.<\/p>\n<p data-index=\"3\">Cu alte cuvinte, veniturile persoanelor aflate \u00een concediu medical sau maternal vor sc\u0103dea, ca urmare a modific\u0103ri modului de calcul al contribu\u021biilor sociale datorate, de la 1 iulie, respectiv 1 octombrie.<\/p>\n<p data-index=\"4\">Prin aceea\u0219i ordonan\u021b\u0103 de urgen\u021b\u0103, Guvernul a stabilit ca, p\u00e2n\u0103 la 30 iunie 2018, stagiul minim de cotizare pentru a beneficia de concediu medical \u0219i de indemniza\u021bia aferent\u0103 s\u0103 fie de o lun\u0103. Adic\u0103, exact c\u00e2t era pe vechea form\u0103 a legii, \u00eenainte ca Executivul PSD-ALDE s\u0103 modifice stagiul minim la \u0219ase luni, de la 1 ianuarie 2018.<\/p>\n<p data-index=\"5\">Stagiul minim de cotizare trebuie realizat \u00een ultimele 12 luni anterioare lunii pentru care se acord\u0103 concediul medical.<\/p>\n<p data-index=\"6\">De la 1 iulie 2018, stagiul minim de cotizare pentru ca o persoan\u0103 s\u0103 beneficieze de concediu medical \u0219i indemniza\u021bia aferent\u0103 va fi \u00eens\u0103 de \u0219ase luni, realizate \u00een ultimele 12 luni anterioare lunii pentru care se acord\u0103 concediul medical.<\/p>\n<p data-index=\"7\">Potrivit purt\u0103torului de cuv\u00e2nt al Guvernului, Nelu Barbu, ordonan\u021ba a men\u021binut \u00een continuare \u0219i unele excep\u021bii de la stagiul minim de cotizare: persoanele care sufer\u0103 de afec\u021biuni grave (neoplazii, HIV\/SIDA), urgen\u021be medico-chirurgicale, boli infecto-contagioase din grupa A \u0219i risc maternal.<\/p>\n<p data-index=\"8\">\u00cen cazul persoanelor care au primit deja indemniza\u021bii mai mici, angajatorii vor fi obliga\u021bi s\u0103 depun\u0103 declara\u021bii rectificative \u0219i s\u0103 pl\u0103teasc\u0103 diferen\u021ba beneficiarilor de indemniza\u021bii p\u00e2n\u0103 la 31 martie.<\/p>\n<p data-index=\"9\">\u00centrebat de ce Guvernul a optat pentru o ordonan\u021b\u0103 trazitorie de derogare de la modific\u0103rile aduse Codului fiscal, purt\u0103torul de cuv\u00e2nt al Guvernului, Nelu Barbu, a r\u0103spuns: \u201eEste tranzitorie pentru c\u0103 este o chestiune care trebuia s\u0103 \u021bin\u0103 mai de predictibilitate \u0219i \u00een acest moment s-a g\u0103sit aceast\u0103 solu\u021bie pentru a rezolva cazul persoanelor care au intrat deja \u00een concediul medical sau care sunt \u00een concediu maternal. (&#8230;) Este cea mai bun\u0103 solu\u021bie pentru moment\u201d.<\/p>\n<p data-index=\"10\"><a href=\"https:\/\/www.digi24.ro\/stiri\/actualitate\/social\/foto-video-protest-la-guvern-fata-de-masurile-fiscale-880519\" data-skip-linkfix=\"1\">Duminica trecut\u0103, zeci de persoane s-au adunat \u00een fa\u0163a Guvernului pentru a protesta fa\u0163\u0103 de m\u0103surile fiscale, \u00een special sc\u0103derea indemniza\u0163iilor pentru cre\u015fterea copilului \u015fi a concediilor medicale<\/a>.<\/p>\n<p data-index=\"11\">N<span lang=\"ro-RO\">oua legisla\u0163ie fiscal\u0103 le-a pus \u00een dificultate pe unele dintre viitoarele m\u0103mici. <a href=\"https:\/\/www.digi24.ro\/stiri\/actualitate\/social\/mame-saracite-de-revolutia-fiscala-asteptam-sa-primesc-5-000-de-lei-nu-voi-primi-nimic-880239\" data-skip-linkfix=\"1\">Cele care au prestat activit\u0103\u0163i liberale \u015fi au pl\u0103tit contribu\u0163iile impuse de stat conform vechilor prevederi fiscale au fost \u00een\u015ftiin\u0163ate c\u0103 nu vor primi bani nici pentru concediul prenatal, nici pentru cel postnatal<\/a>.<\/span><\/p>\n<p data-index=\"12\">\u00a0<\/p>\n<\/div>\n<p> Source URL: https:\/\/www.digi24.ro\/stiri\/actualitate\/politica\/oug-ce-solutie-a-gasit-guvernul-pentru-concediile-medicale-si-maternale-883065<\/p>\n","protected":false},"excerpt":{"rendered":"<p>Contribu\u021biile de asigur\u0103ri sociale sunt plafonate la nivelul anterior intr\u0103rii \u00een vigoare a \u201erevolu\u021biei fiscale\u201d p\u00e2n\u0103 la 30 iunie 2018 pentru persoanele aflate \u00een concediul medical, respectiv p\u00e2n\u0103 la 30 septembrie 2018 pentru mamele aflate \u00een concediu pre- \u0219i post-natal. Contribu\u021biile vor cre\u0219te, a\u0219adar, pentru aceste categorii, de la 1 iulie, respectiv de la 1 [&hellip;]<\/p>\n","protected":false},"author":1,"featured_media":123012,"comment_status":"open","ping_status":"","sticky":false,"template":"","format":"standard","meta":{"footnotes":""},"categories":[2],"tags":[11],"class_list":["post-123011","post","type-post","status-publish","format-standard","has-post-thumbnail","hentry","category-politics","tag-digi24"],"_links":{"self":[{"href":"https:\/\/analyse.optim.biz\/index.php?rest_route=\/wp\/v2\/posts\/123011","targetHints":{"allow":["GET"]}}],"collection":[{"href":"https:\/\/analyse.optim.biz\/index.php?rest_route=\/wp\/v2\/posts"}],"about":[{"href":"https:\/\/analyse.optim.biz\/index.php?rest_route=\/wp\/v2\/types\/post"}],"author":[{"embeddable":true,"href":"https:\/\/analyse.optim.biz\/index.php?rest_route=\/wp\/v2\/users\/1"}],"replies":[{"embeddable":true,"href":"https:\/\/analyse.optim.biz\/index.php?rest_route=%2Fwp%2Fv2%2Fcomments&post=123011"}],"version-history":[{"count":0,"href":"https:\/\/analyse.optim.biz\/index.php?rest_route=\/wp\/v2\/posts\/123011\/revisions"}],"wp:featuredmedia":[{"embeddable":true,"href":"https:\/\/analyse.optim.biz\/index.php?rest_route=\/wp\/v2\/media\/123012"}],"wp:attachment":[{"href":"https:\/\/analyse.optim.biz\/index.php?rest_route=%2Fwp%2Fv2%2Fmedia&parent=123011"}],"wp:term":[{"taxonomy":"category","embeddable":true,"href":"https:\/\/analyse.optim.biz\/index.php?rest_route=%2Fwp%2Fv2%2Fcategories&post=123011"},{"taxonomy":"post_tag","embeddable":true,"href":"https:\/\/analyse.optim.biz\/index.php?rest_route=%2Fwp%2Fv2%2Ftags&post=123011"}],"curies":[{"name":"wp","href":"https:\/\/api.w.org\/{rel}","templated":true}]}}