{"id":123008,"date":"2018-02-22T17:43:44","date_gmt":"2018-02-22T14:43:44","guid":{"rendered":"https:\/\/analyse.optim.biz\/?p=123008"},"modified":"2018-02-22T17:43:44","modified_gmt":"2018-02-22T14:43:44","slug":"guvernul-dancila-a-avizat-negativ-un-proiect-psd-pe-o-lege-a-justitiei","status":"publish","type":"post","link":"https:\/\/analyse.optim.biz\/?p=123008","title":{"rendered":"Guvernul D\u0103ncil\u0103 a avizat negativ un proiect PSD pe o lege a Justi\u021biei"},"content":{"rendered":"<div class=\"entry data-app-meta data-app-meta-article\" data-embed-base-url-canonical=\"https:\/\/www.digi24.ro\/embed\/stiri\/actualitate\/politica\/guvernul-dancila-a-avizat-negativ-un-proiect-psd-pe-o-lege-a-justitiei-883091\">\n<p data-index=\"1\"><strong>\u00cen \u0219edin\u021ba de joi, Cabinetul D\u0103ncil\u0103 a dat un aviz negativ pe un proiect de lege ini\u021biat de 44 de parlamentari PSD de modificare a Legii nr. 303\/2004 privind Statutul judec\u0103torilor \u0219i procurorilor.<\/strong><\/p>\n<figure class=\"article-thumb\"><img decoding=\"async\" src=\"https:\/\/analyse.optim.biz\/wp-content\/uploads\/2024\/09\/ad02oweyyjhkywnlmjcznmeynmq1mzvhm2jmyza5zjqwng-thumb_.jpg\" alt=\"180131_GUVERN_SEDINTA_066_INQUAM_Photos_Octav_Ganea\" data-skip-htmlfix=\"1\" title=\"ad02oweyyjhkywnlmjcznmeynmq1mzvhm2jmyza5zjqwng-thumb_\"><figcaption> Surs\u0103 foto: INQUAM PHOTOS \/ Octav Ganea <\/figcaption><\/figure>\n<p data-index=\"2\">Proiectul de lege, depus la Senat pe 13 decembrie 2017 \u0219i semnat de 44 de parlamentari PSD, vizeaz\u0103 modificare art. 33 alin. 1 din Statutul magistra\u021bilor. Este vorba de introducerea posibilit\u0103\u021bii ca \u0219i agen\u021bii de Poli\u021bie judiciar\u0103 cu studii superioare juridice s\u0103 poat\u0103 participa la concursul de intrare \u00een magistratur\u0103.<\/p>\n<p data-index=\"3\">\u201ePot fi numi\u021bi \u00een magistratur\u0103, pe baz\u0103 de concurs, dac\u0103 \u00eendeplinesc condi\u021biile prev\u0103zute la art. 14 alin. (2), fo\u0219tii judec\u0103tori \u0219i procurori care \u0219i-au \u00eencetat activitatea din motive neimputabile, personalul de specialitate juridic\u0103 prev\u0103zut la\u00a0art. 87 alin. (1), avoca\u021bii, notarii, asisten\u021bii judiciari, consilierii juridici, ofi\u021berii \u0219i agen\u021bii de poli\u021bie Judiciar\u0103 cu studii superioare juridice, grefierii cu studii superioare juridice, persoanele care au \u00eendeplinit func\u021bii de specialitate juridic\u0103 \u00een aparatul Parlamentului, Administra\u021biei Preziden\u021biale, Guvernului, Cur\u021bii Constitu\u021bionale, Avocatului Poporului, Cur\u021bii de Conturi sau al Consiliului Legislativ, din Institutul de Cercet\u0103ri Juridice al Academiei Rom\u00e2ne \u0219i Institutul Rom\u00e2n pentru Drepturile Omului, cadrele didactice din \u00eenv\u0103\u021b\u0103m\u00e2ntul juridic superior acreditat, precum \u0219i magistra\u021bii-asisten\u021bi de la \u00cenalta Curte de Casa\u021bie \u0219i Justi\u021bie, cu o vechime \u00een specialitate de cel pu\u021bin 5 ani\u201d, este noua form\u0103 propus\u0103 de parlamentarii PSD.<\/p>\n<p data-index=\"4\">Proiectul a primit aviz negativ \u0219i de la Consiliul Superior al Magistraturii. CSM a argumentat c\u0103 \u201efunc\u021bia de agent de poli\u021bie judiciar\u0103 nu este o func\u021bie de specialitate juridic\u0103, iar absolvirea Facult\u0103\u021bii de Drept nu este suficient\u0103 pentru a se considera c\u0103 persoana respectiv\u0103 a desf\u0103\u0219urat activitate juridic\u0103\u201d.<\/p>\n<\/div>\n<p> Source URL: https:\/\/www.digi24.ro\/stiri\/actualitate\/politica\/guvernul-dancila-a-avizat-negativ-un-proiect-psd-pe-o-lege-a-justitiei-883091<\/p>\n","protected":false},"excerpt":{"rendered":"<p>\u00cen \u0219edin\u021ba de joi, Cabinetul D\u0103ncil\u0103 a dat un aviz negativ pe un proiect de lege ini\u021biat de 44 de parlamentari PSD de modificare a Legii nr. 303\/2004 privind Statutul judec\u0103torilor \u0219i procurorilor. Surs\u0103 foto: INQUAM PHOTOS \/ Octav Ganea Proiectul de lege, depus la Senat pe 13 decembrie 2017 \u0219i semnat de 44 de [&hellip;]<\/p>\n","protected":false},"author":1,"featured_media":123009,"comment_status":"open","ping_status":"","sticky":false,"template":"","format":"standard","meta":{"footnotes":""},"categories":[2],"tags":[11],"class_list":["post-123008","post","type-post","status-publish","format-standard","has-post-thumbnail","hentry","category-politics","tag-digi24"],"_links":{"self":[{"href":"https:\/\/analyse.optim.biz\/index.php?rest_route=\/wp\/v2\/posts\/123008","targetHints":{"allow":["GET"]}}],"collection":[{"href":"https:\/\/analyse.optim.biz\/index.php?rest_route=\/wp\/v2\/posts"}],"about":[{"href":"https:\/\/analyse.optim.biz\/index.php?rest_route=\/wp\/v2\/types\/post"}],"author":[{"embeddable":true,"href":"https:\/\/analyse.optim.biz\/index.php?rest_route=\/wp\/v2\/users\/1"}],"replies":[{"embeddable":true,"href":"https:\/\/analyse.optim.biz\/index.php?rest_route=%2Fwp%2Fv2%2Fcomments&post=123008"}],"version-history":[{"count":0,"href":"https:\/\/analyse.optim.biz\/index.php?rest_route=\/wp\/v2\/posts\/123008\/revisions"}],"wp:featuredmedia":[{"embeddable":true,"href":"https:\/\/analyse.optim.biz\/index.php?rest_route=\/wp\/v2\/media\/123009"}],"wp:attachment":[{"href":"https:\/\/analyse.optim.biz\/index.php?rest_route=%2Fwp%2Fv2%2Fmedia&parent=123008"}],"wp:term":[{"taxonomy":"category","embeddable":true,"href":"https:\/\/analyse.optim.biz\/index.php?rest_route=%2Fwp%2Fv2%2Fcategories&post=123008"},{"taxonomy":"post_tag","embeddable":true,"href":"https:\/\/analyse.optim.biz\/index.php?rest_route=%2Fwp%2Fv2%2Ftags&post=123008"}],"curies":[{"name":"wp","href":"https:\/\/api.w.org\/{rel}","templated":true}]}}