{"id":1225928,"date":"2016-08-08T10:48:24","date_gmt":"2016-08-08T07:48:24","guid":{"rendered":"https:\/\/analyse.optim.biz\/?p=1225928"},"modified":"2016-08-08T10:48:24","modified_gmt":"2016-08-08T07:48:24","slug":"barbati-cercetati-pentru-ca-transportau-material-lemnos-fara-documente-legale-suceavalive","status":"publish","type":"post","link":"https:\/\/analyse.optim.biz\/?p=1225928","title":{"rendered":"B\u0103rba\u021bi cerceta\u021bi pentru c\u0103 transportau material lemnos f\u0103r\u0103 documente legale &#8211; SuceavaLIVE"},"content":{"rendered":"<article id=\"post-79690\" class=\"clearfix post-79690 post type-post status-publish format-standard has-post-thumbnail hentry category-comunicate tag-accident tag-accident-2016-suceava tag-accident-martie-2016 tag-accident-suceava tag-bucovina tag-editorial-suceava tag-furt-martie-2016 tag-furt-suceava tag-informatia tag-informatii-interesante tag-media tag-monitorul-suceava tag-news tag-noutati-suceava tag-obiectiv-suceava tag-orasul-suceava tag-plus-stiri tag-politia-judeteana-suceava tag-politia-suceava tag-reportaje tag-spitalul-judetean-suceava tag-stirea-zilei tag-stiri-de-ultima-ora tag-stiri-suceava tag-stirile-zilei tag-suceava tag-suceavalive tag-ultimele-stiri tag-urgente-suceava tag-victime-accident-suceava tag-victime-suceava\">\n<header id=\"cb-standard-featured\">\n<div id=\"cb-fis-wrap\" class=\"cb-entry-header cb-fis cb-style-standard\"><span class=\"cb-title-fi\"><\/p>\n<h1 class=\"entry-title cb-entry-title cb-single-title\">B\u0103rba\u021bi cerceta\u021bi pentru c\u0103 transportau material lemnos f\u0103r\u0103 documente legale<\/h1>\n<div class=\"cb-byline cb-font-header\">\n<div class=\"cb-date cb-byline-element\"><time datetime=\"2016-08-08\">8 august 2016<\/time><\/div>\n<\/div>\n<p><\/span><\/div>\n<div class=\"cb-mask\"><img decoding=\"async\" width=\"1024\" height=\"576\" src=\"https:\/\/analyse.optim.biz\/wp-content\/uploads\/2025\/12\/13898684_1203828049661661_1069856589_o-1.jpg\" class=\"attachment-cb-full-full size-cb-full-full wp-post-image\" loading=\"lazy\" title=\"13898684_1203828049661661_1069856589_o-1\"><\/div>\n<\/header>\n<p>Un echipaj din cadrul Postului de Jandarmi Montan Bro\u015fteni, a depistat pe raza localit\u0103\u0163ii D\u00e2rmoxa, vineri, 5 august 2016, \u00een jurul orei 20:00, un autocamion care transporta material lemnos, f\u0103r\u0103 documente legale.<\/p>\n<section class=\"cb-entry-content entry-content clearfix\">\n<p>Potrivit unui comunicat al Compartimentului Informare \u015fi Rela\u0163ii Publice, \u00een urma verific\u0103rilor efectuate, jandarmii au constatat faptul c\u0103 M.N., conduc\u0103torul camionului, \u00een v\u00e2rst\u0103 de 26 de ani, din localitatea Dorna Arini, jude\u0163ul Suceava, de\u0163inea avize de \u00eenso\u0163ire pentru cantitatea de 31.62 m.c. material lemnos, iar \u00een urma m\u0103sur\u0103torilor efectuate de lucr\u0103torii silvici, a rezultat faptul c\u0103 b\u0103rbatul transporta cantitatea de 28.12 m.c., valoarea masei lemnoase fiind de aproximativ 5.600 lei.<\/p>\n<p>\u00cen aceea\u015fi zi, jandarmii suceveni au constatat alte dou\u0103 cazuri de transportare a materialului lemnos, f\u0103r\u0103 documente de provenien\u0163\u0103:<\/p>\n<ol>\n<li>\u00cen jurul orei 02:30, un echipaj din cadrul Postului de Jandarmi Montan Frasin a depistat \u00eentr-o benzin\u0103rie din ora\u015ful Frasin un b\u0103rbat care transporta cu o autoutilitar\u0103 cantitatea de 8 m.c. lemn fag. \u00centrebat\u0103 cu privire la provenien\u0163a materialului lemnos, persoana \u00een cauz\u0103, \u00een v\u00e2rst\u0103 de 43 de ani, cu domiciliul \u00een comuna Ostra, a declarat c\u0103 nu de\u0163ine aviz de \u00eenso\u0163ire a masei lemnoase pe care inten\u0163iona s\u0103 o transporte \u00een localitatea Arbore.<\/li>\n<li>\u00cen jurul orei 19:30, un echipaj de jandarmerie a depistat, pe Strada M\u0103n\u0103stirea Humorului din municipiul Gura Humorului, un b\u0103rbat \u00een v\u00e2rst\u0103 de 41 de ani, din comuna Cornu Luncii, care transporta cu un atelaj hipo cantitatea de 1.20 m.c. lemn fag, neav\u00e2nd asupra sa documente de provenien\u0163\u0103.<\/li>\n<\/ol>\n<p>\u00cen ambele situa\u0163ii, materialul lemnos a fost ridicat \u00een vederea confisc\u0103rii \u015fi predat lucr\u0103torilor din cadrul ocoalelor silvice, urm\u00e2nd ca, dup\u0103 definitivarea verific\u0103rilor, s\u0103 fie luate \u015fi m\u0103surile legale de sanc\u0163ionare contraven\u0163ional\u0103 a celor trei persoane.<\/p>\n<\/section>\n<footer class=\"article-footer\">\n<p class=\"cb-tags\"><a href=\"https:\/\/suceavalive.ro\/tag\/accident\/\" rel=\"tag\">accident<\/a><a href=\"https:\/\/suceavalive.ro\/tag\/accident-2016-suceava\/\" rel=\"tag\">accident 2016 suceava<\/a><a href=\"https:\/\/suceavalive.ro\/tag\/accident-martie-2016\/\" rel=\"tag\">accident martie 2016<\/a><a href=\"https:\/\/suceavalive.ro\/tag\/accident-suceava\/\" rel=\"tag\">accident suceava<\/a><a href=\"https:\/\/suceavalive.ro\/tag\/bucovina\/\" rel=\"tag\">bucovina<\/a><a href=\"https:\/\/suceavalive.ro\/tag\/editorial-suceava\/\" rel=\"tag\">editorial suceava<\/a><a href=\"https:\/\/suceavalive.ro\/tag\/furt-martie-2016\/\" rel=\"tag\">furt martie 2016<\/a><a href=\"https:\/\/suceavalive.ro\/tag\/furt-suceava\/\" rel=\"tag\">furt suceava<\/a><a href=\"https:\/\/suceavalive.ro\/tag\/informatia\/\" rel=\"tag\">informatia<\/a><a href=\"https:\/\/suceavalive.ro\/tag\/informatii-interesante\/\" rel=\"tag\">informatii interesante<\/a><a href=\"https:\/\/suceavalive.ro\/tag\/media\/\" rel=\"tag\">media<\/a><a href=\"https:\/\/suceavalive.ro\/tag\/monitorul-suceava\/\" rel=\"tag\">monitorul suceava<\/a><a href=\"https:\/\/suceavalive.ro\/tag\/news\/\" rel=\"tag\">news<\/a><a href=\"https:\/\/suceavalive.ro\/tag\/noutati-suceava\/\" rel=\"tag\">noutati suceava<\/a><a href=\"https:\/\/suceavalive.ro\/tag\/obiectiv-suceava\/\" rel=\"tag\">obiectiv suceava<\/a><a href=\"https:\/\/suceavalive.ro\/tag\/orasul-suceava\/\" rel=\"tag\">orasul suceava<\/a><a href=\"https:\/\/suceavalive.ro\/tag\/plus-stiri\/\" rel=\"tag\">plus stiri<\/a><a href=\"https:\/\/suceavalive.ro\/tag\/politia-judeteana-suceava\/\" rel=\"tag\">politia judeteana suceava<\/a><a href=\"https:\/\/suceavalive.ro\/tag\/politia-suceava\/\" rel=\"tag\">politia suceava<\/a><a href=\"https:\/\/suceavalive.ro\/tag\/reportaje\/\" rel=\"tag\">reportaje<\/a><a href=\"https:\/\/suceavalive.ro\/tag\/spitalul-judetean-suceava\/\" rel=\"tag\">Spitalul Jude\u0163ean Suceava<\/a><a href=\"https:\/\/suceavalive.ro\/tag\/stirea-zilei\/\" rel=\"tag\">stirea zilei<\/a><a href=\"https:\/\/suceavalive.ro\/tag\/stiri-de-ultima-ora\/\" rel=\"tag\">stiri de ultima ora<\/a><a href=\"https:\/\/suceavalive.ro\/tag\/stiri-suceava\/\" rel=\"tag\">stiri suceava<\/a><a href=\"https:\/\/suceavalive.ro\/tag\/stirile-zilei\/\" rel=\"tag\">stirile zilei<\/a><a href=\"https:\/\/suceavalive.ro\/tag\/suceava\/\" rel=\"tag\">Suceava<\/a><a href=\"https:\/\/suceavalive.ro\/tag\/suceavalive\/\" rel=\"tag\">suceavalive<\/a><a href=\"https:\/\/suceavalive.ro\/tag\/ultimele-stiri\/\" rel=\"tag\">ultimele stiri<\/a><a href=\"https:\/\/suceavalive.ro\/tag\/urgente-suceava\/\" rel=\"tag\">urgente suceava<\/a><a href=\"https:\/\/suceavalive.ro\/tag\/victime-accident-suceava\/\" rel=\"tag\">victime accident suceava<\/a><a href=\"https:\/\/suceavalive.ro\/tag\/victime-suceava\/\" rel=\"tag\">victime suceava<\/a><\/p>\n<div class=\"cb-social-sharing cb-post-footer-block cb-beside clearfix\">\n<div class=\"cb-title-subtle\">Share On:<\/div>\n<div class=\"cb-twitter\"><a href=\"https:\/\/twitter.com\/share\" class=\"twitter-share-button\" data-dnt=\"true\" data-count=\"horizontal\">Tweet<\/a><\/div>\n<\/div>\n<div id=\"cb-previous-next-links\" class=\"cb-post-footer-block clearfix\">\n<div id=\"cb-previous-link\"><a href=\"https:\/\/suceavalive.ro\/s-blocat-sistemul-de-inregistrare-si-eliberare-permiselor-auto\/\" rel=\"prev\">S-a blocat sistemul de \u00eenregistrare \u0219i eliberare a permiselor auto<\/a><\/div>\n<div id=\"cb-next-link\"><a href=\"https:\/\/suceavalive.ro\/gregorian-bivolaru-revoltat-de-ce-se-intampla-ce-cerut-instantei\/\" rel=\"next\">Gregorian Bivolaru, revoltat de ce i se \u00eent\u00e2mpl\u0103. Ce a cerut instan\u021bei<\/a><\/div>\n<\/div>\n<div id=\"cb-author-box\" class=\"clearfix\">\n<h3 class=\"cb-block-title\">Despre autor<\/h3>\n<div class=\"cb-mask\"><a href=\"https:\/\/suceavalive.ro\/author\/suceavalive\/\"><img decoding=\"async\" src=\"https:\/\/analyse.optim.biz\/wp-content\/uploads\/2025\/12\/d542cd85af72d7d3afad0d26982263c9a64170e87d978956298bfb0122b00b8c-505.jpg\" class=\"avatar avatar-120 photo\" height=\"120\" width=\"120\" loading=\"lazy\" title=\"d542cd85af72d7d3afad0d26982263c9a64170e87d978956298bfb0122b00b8c-505\"><\/a><\/div>\n<div class=\"cb-meta\">\n<div class=\"cb-info\">\n<div class=\"cb-author-title vcard\"><a href=\"https:\/\/suceavalive.ro\/author\/suceavalive\/\"><span class=\"fn\">SuceavaLive<\/span><\/a><\/div>\n<\/div>\n<\/div>\n<\/div>\n<div id=\"cb-related-posts\" class=\"cb-related-posts-block cb-post-end-block clearfix\">\n<h3 class=\"cb-block-title\">Postari asemanatoare<\/h3>\n<ul>\n<li class=\"cb-style-overlay cb-grid-entry cb-related-post no-1\">\n<div class=\"cb-mask\"><a href=\"https:\/\/suceavalive.ro\/calendarul-zilei-de-19-decembrie-2\/\"><img decoding=\"async\" width=\"360\" height=\"240\" src=\"https:\/\/analyse.optim.biz\/wp-content\/uploads\/2025\/12\/nae-lazarescu-360x240-55.jpg\" class=\"attachment-cb-360-240 size-cb-360-240 wp-post-image\" loading=\"lazy\" title=\"nae-lazarescu-360x240-55\"><\/a><\/div>\n<div class=\"cb-meta cb-article-meta\">\n<h4 class=\"h3 cb-post-title\"><a href=\"https:\/\/suceavalive.ro\/calendarul-zilei-de-19-decembrie-2\/\">Calendarul zilei de 19 decembrie<\/a><\/h4>\n<div class=\"cb-byline cb-font-header\">\n<div class=\"cb-date cb-byline-element\"><time datetime=\"2025-12-19\">19 decembrie 2025<\/time><\/div>\n<\/div>\n<\/div>\n<\/li>\n<li class=\"cb-style-overlay cb-grid-entry cb-related-post no-2\">\n<div class=\"cb-mask\"><a href=\"https:\/\/suceavalive.ro\/calendarul-zilei-de-18-decembrie-2\/\"><img decoding=\"async\" width=\"360\" height=\"240\" src=\"https:\/\/analyse.optim.biz\/wp-content\/uploads\/2025\/12\/stefan-banica-360x240-65.jpg\" class=\"attachment-cb-360-240 size-cb-360-240 wp-post-image\" loading=\"lazy\" title=\"stefan-banica-360x240-65\"><\/a><\/div>\n<div class=\"cb-meta cb-article-meta\">\n<h4 class=\"h3 cb-post-title\"><a href=\"https:\/\/suceavalive.ro\/calendarul-zilei-de-18-decembrie-2\/\">Calendarul zilei de 18 decembrie<\/a><\/h4>\n<div class=\"cb-byline cb-font-header\">\n<div class=\"cb-date cb-byline-element\"><time datetime=\"2025-12-18\">18 decembrie 2025<\/time><\/div>\n<\/div>\n<\/div>\n<\/li>\n<\/ul>\n<\/div>\n<\/footer>\n<div id=\"respond\" class=\"comment-respond\">\n<h3 id=\"reply-title\" class=\"comment-reply-title\">Lasa un raspuns <small><a rel=\"nofollow\" id=\"cancel-comment-reply-link\" href=\"https:\/\/suceavalive.ro\/barbati-cercetati-pentru-ca-transportau-material-lemnos-fara-documente-legale\/#respond\">Anuleaza raspunsul<\/a><\/small><\/h3>\n<p class=\"comment-notes\">Adresa ta de email nu va fi publicat\u0103.<\/p>\n<\/div>\n<\/article>\n<p> Source URL: https:\/\/suceavalive.ro\/barbati-cercetati-pentru-ca-transportau-material-lemnos-fara-documente-legale\/<\/p>\n","protected":false},"excerpt":{"rendered":"<p>B\u0103rba\u021bi cerceta\u021bi pentru c\u0103 transportau material lemnos f\u0103r\u0103 documente legale 8 august 2016 Un echipaj din cadrul Postului de Jandarmi Montan Bro\u015fteni, a depistat pe raza localit\u0103\u0163ii D\u00e2rmoxa, vineri, 5 august 2016, \u00een jurul orei 20:00, un autocamion care transporta material lemnos, f\u0103r\u0103 documente legale. Potrivit unui comunicat al Compartimentului Informare \u015fi Rela\u0163ii Publice, \u00een [&hellip;]<\/p>\n","protected":false},"author":1,"featured_media":1225929,"comment_status":"open","ping_status":"","sticky":false,"template":"","format":"standard","meta":{"footnotes":""},"categories":[89],"tags":[173],"class_list":["post-1225928","post","type-post","status-publish","format-standard","has-post-thumbnail","hentry","category-romania","tag-suceavalive-ro"],"_links":{"self":[{"href":"https:\/\/analyse.optim.biz\/index.php?rest_route=\/wp\/v2\/posts\/1225928","targetHints":{"allow":["GET"]}}],"collection":[{"href":"https:\/\/analyse.optim.biz\/index.php?rest_route=\/wp\/v2\/posts"}],"about":[{"href":"https:\/\/analyse.optim.biz\/index.php?rest_route=\/wp\/v2\/types\/post"}],"author":[{"embeddable":true,"href":"https:\/\/analyse.optim.biz\/index.php?rest_route=\/wp\/v2\/users\/1"}],"replies":[{"embeddable":true,"href":"https:\/\/analyse.optim.biz\/index.php?rest_route=%2Fwp%2Fv2%2Fcomments&post=1225928"}],"version-history":[{"count":0,"href":"https:\/\/analyse.optim.biz\/index.php?rest_route=\/wp\/v2\/posts\/1225928\/revisions"}],"wp:featuredmedia":[{"embeddable":true,"href":"https:\/\/analyse.optim.biz\/index.php?rest_route=\/wp\/v2\/media\/1225929"}],"wp:attachment":[{"href":"https:\/\/analyse.optim.biz\/index.php?rest_route=%2Fwp%2Fv2%2Fmedia&parent=1225928"}],"wp:term":[{"taxonomy":"category","embeddable":true,"href":"https:\/\/analyse.optim.biz\/index.php?rest_route=%2Fwp%2Fv2%2Fcategories&post=1225928"},{"taxonomy":"post_tag","embeddable":true,"href":"https:\/\/analyse.optim.biz\/index.php?rest_route=%2Fwp%2Fv2%2Ftags&post=1225928"}],"curies":[{"name":"wp","href":"https:\/\/api.w.org\/{rel}","templated":true}]}}