{"id":1225916,"date":"2017-05-15T22:52:37","date_gmt":"2017-05-15T19:52:37","guid":{"rendered":"https:\/\/analyse.optim.biz\/?p=1225916"},"modified":"2017-05-15T22:52:37","modified_gmt":"2017-05-15T19:52:37","slug":"15-05-2017-invitata-florica-chirita","status":"publish","type":"post","link":"https:\/\/analyse.optim.biz\/?p=1225916","title":{"rendered":"15.05.2017 Invitat\u0103 Florica Chiri\u021b\u0103"},"content":{"rendered":"<article id=\"post-274414\" class=\"post-274414 post type-post status-publish format-video has-post-thumbnail hentry category-pressalert-tv category-pressalert-live-sezonul-iv tag-afaceri tag-cciat tag-florica-chirita tag-pressalert-live tag-timis tag-timisoara post_format-post-format-video\">\n<div class=\"td-post-header td-pb-padding-side\">\n<div class=\"entry-crumbs\"><span><a title class=\"entry-crumb\" href=\"https:\/\/www.pressalert.ro\/\"><span>Acas\u0103<\/span><\/a><\/span><span><a title=\"Vede\u021bi toate articolele \u00een PRESSALERT LIVE\" class=\"entry-crumb\" href=\"https:\/\/www.pressalert.ro\/category\/pressalert-tv\/\"><span>PRESSALERT LIVE<\/span><\/a><\/span><span class=\"td-bred-no-url-last\">15.05.2017 Invitat\u0103 Florica Chiri\u021b\u0103<\/span><\/div>\n<ul class=\"td-category\">\n<li class=\"entry-category\"><a href=\"https:\/\/www.pressalert.ro\/category\/pressalert-tv\/\">PRESSALERT LIVE<\/a><\/li>\n<li class=\"entry-category\"><a href=\"https:\/\/www.pressalert.ro\/category\/pressalert-tv\/pressalert-live-sezonul-iv\/\">Pressalert LIVE &#8211; Sezonul IV<\/a><\/li>\n<\/ul>\n<header>\n<h1 class=\"entry-title\">15.05.2017 Invitat\u0103 Florica Chiri\u021b\u0103<\/h1>\n<div class=\"meta-info\">\n<div class=\"td-post-author-name\">\n<div class=\"td-author-by\">De<\/div>\n<p><a href=\"https:\/\/www.pressalert.ro\/author\/marius-popescu\/\">Marius Popescu<\/a><\/p>\n<div class=\"td-author-line\"> &#8211; <\/div>\n<\/div>\n<p><span class=\"td-post-date\"><time class=\"entry-date updated td-module-date\" datetime=\"2017-05-15T22:52:37+00:00\">mai 15, 2017<\/time><\/span><\/p>\n<div class=\"td-post-comments\"><a href=\"https:\/\/www.pressalert.ro\/2017\/05\/15-05-2017-invitata-florica-chirita\/#respond\">0<\/a><\/div>\n<\/div>\n<\/header>\n<\/div>\n<div class=\"td-post-sharing td-post-sharing-top td-pb-padding-side\"><span class=\"td-post-share-title\">DISTRIBUI\u021aI<\/span><\/p>\n<div class=\"td-default-sharing \"><a class=\"td-social-sharing-buttons td-social-facebook\" href=\"http:\/\/www.facebook.com\/sharer.php?u=https%3A%2F%2Fwww.pressalert.ro%2F2017%2F05%2F15-05-2017-invitata-florica-chirita%2F\"><\/p>\n<div class=\"td-social-but-text\">Facebook<\/div>\n<p><\/a><a class=\"td-social-sharing-buttons td-social-twitter\" href=\"https:\/\/twitter.com\/intent\/tweet?text=15.05.2017+Invitat%C4%83+Florica+Chiri%C8%9B%C4%83&amp;url=https%3A%2F%2Fwww.pressalert.ro%2F2017%2F05%2F15-05-2017-invitata-florica-chirita%2F&amp;via=PRESSALERT.ro\"><\/p>\n<div class=\"td-social-but-text\">Twitter<\/div>\n<p><\/a><\/div>\n<\/div>\n<div class=\"td-post-content td-pb-padding-side\">\n<div class=\"wpb_video_wrapper\">\n                    <iframe loading=\"lazy\" id=\"td_youtube_player\" width=\"600\" height=\"560\" src=\"https:\/\/www.youtube.com\/embed\/921CnmDfVYA?enablejsapi=1&amp;feature=oembed&amp;wmode=opaque&amp;vq=hd720\" frameborder allowfullscreen><\/iframe><\/p><\/div>\n<\/div>\n<footer>\n<div class=\"td-post-source-tags td-pb-padding-side\">\n<ul class=\"td-tags td-post-small-box clearfix\">\n<li><span>ETICHETE<\/span><\/li>\n<li><a href=\"https:\/\/www.pressalert.ro\/tag\/afaceri\/\">afaceri<\/a><\/li>\n<li><a href=\"https:\/\/www.pressalert.ro\/tag\/cciat\/\">cciat<\/a><\/li>\n<li><a href=\"https:\/\/www.pressalert.ro\/tag\/florica-chirita\/\">florica chirita<\/a><\/li>\n<li><a href=\"https:\/\/www.pressalert.ro\/tag\/pressalert-live\/\">pressalert live<\/a><\/li>\n<li><a href=\"https:\/\/www.pressalert.ro\/tag\/timis\/\">timis<\/a><\/li>\n<li><a href=\"https:\/\/www.pressalert.ro\/tag\/timisoara\/\">Timisoara<\/a><\/li>\n<\/ul>\n<\/div>\n<div class=\"td-post-sharing td-post-sharing-bottom td-pb-padding-side\"><span class=\"td-post-share-title\">DISTRIBUI\u021aI<\/span><\/p>\n<div class=\"td-default-sharing \"><a class=\"td-social-sharing-buttons td-social-facebook\" href=\"http:\/\/www.facebook.com\/sharer.php?u=https%3A%2F%2Fwww.pressalert.ro%2F2017%2F05%2F15-05-2017-invitata-florica-chirita%2F\"><\/p>\n<div class=\"td-social-but-text\">Facebook<\/div>\n<p><\/a><a class=\"td-social-sharing-buttons td-social-twitter\" href=\"https:\/\/twitter.com\/intent\/tweet?text=15.05.2017+Invitat%C4%83+Florica+Chiri%C8%9B%C4%83&amp;url=https%3A%2F%2Fwww.pressalert.ro%2F2017%2F05%2F15-05-2017-invitata-florica-chirita%2F&amp;via=PRESSALERT.ro\"><\/p>\n<div class=\"td-social-but-text\">Twitter<\/div>\n<p><\/a><\/div>\n<\/div>\n<div class=\"td-block-row td-post-next-prev\">\n<div class=\"td-block-span6 td-post-prev-post\">\n<div class=\"td-post-next-prev-content\"><span>Articolul precedent<\/span><a href=\"https:\/\/www.pressalert.ro\/2017\/05\/scoli-din-timis-invitate-sa-se-inscrie-la-un-program-educational-cadrul-caruia-elevii-sunt-incurajati-sa-creeze-un-viitor-mai-bun-vezi-ce-proiect-deruleaza-enel\/\">\u0218coli din Timi\u0219, invitate s\u0103 se \u00eenscrie la un program educa\u021bional \u00een cadrul c\u0103ruia elevii sunt \u00eencuraja\u021bi s\u0103 creeze un viitor mai bun. Vezi ce proiect deruleaz\u0103 Enel<\/a><\/div>\n<\/div>\n<div class=\"td-block-span6 td-post-next-post\">\n<div class=\"td-post-next-prev-content\"><span>Articolul urm\u0103tor<\/span><a href=\"https:\/\/www.pressalert.ro\/2017\/05\/continua-protestele-la-directia-finantelor-publice-timisoara-vamesii-cu-banderole-albe-pe-brat\/\">Continu\u0103 protestele la Direc\u021bia Finan\u021belor Publice Timi\u0219oara: vame\u0219ii, cu banderole albe pe bra\u021b<\/a><\/div>\n<\/div>\n<\/div>\n<div class=\"author-box-wrap\"><a href=\"https:\/\/www.pressalert.ro\/author\/marius-popescu\/\"><img loading=\"lazy\" decoding=\"async\" src=\"https:\/\/analyse.optim.biz\/wp-content\/uploads\/2025\/12\/6ff5b29455ffa79f6eac9c7ee3cb2891-406.jpg\" class=\"avatar avatar-96 photo\" height=\"96\" width=\"96\" title=\"6ff5b29455ffa79f6eac9c7ee3cb2891-406\"><\/a><\/p>\n<div class=\"desc\">\n<div class=\"td-author-name vcard author\"><span class=\"fn\"><a href=\"https:\/\/www.pressalert.ro\/author\/marius-popescu\/\">Marius Popescu<\/a><\/span><\/div>\n<div class=\"td-author-url\"><a href=\"http:\/\/www.pressalert.ro\">http:\/\/www.pressalert.ro<\/a><\/div>\n<\/div>\n<\/div>\n<p><span><\/span><span><span><\/span><\/span><span><\/span><\/footer>\n<\/article>\n<p> Source URL: https:\/\/www.pressalert.ro\/2017\/05\/15-05-2017-invitata-florica-chirita\/<\/p>\n","protected":false},"excerpt":{"rendered":"<p>Acas\u0103PRESSALERT LIVE15.05.2017 Invitat\u0103 Florica Chiri\u021b\u0103 PRESSALERT LIVE Pressalert LIVE &#8211; Sezonul IV 15.05.2017 Invitat\u0103 Florica Chiri\u021b\u0103 De Marius Popescu &#8211; mai 15, 2017 0 DISTRIBUI\u021aI Facebook Twitter ETICHETE afaceri cciat florica chirita pressalert live timis Timisoara DISTRIBUI\u021aI Facebook Twitter Articolul precedent\u0218coli din Timi\u0219, invitate s\u0103 se \u00eenscrie la un program educa\u021bional \u00een cadrul c\u0103ruia elevii [&hellip;]<\/p>\n","protected":false},"author":1,"featured_media":1225917,"comment_status":"open","ping_status":"","sticky":false,"template":"","format":"standard","meta":{"footnotes":""},"categories":[89],"tags":[176],"class_list":["post-1225916","post","type-post","status-publish","format-standard","has-post-thumbnail","hentry","category-romania","tag-pressalert-ro"],"_links":{"self":[{"href":"https:\/\/analyse.optim.biz\/index.php?rest_route=\/wp\/v2\/posts\/1225916","targetHints":{"allow":["GET"]}}],"collection":[{"href":"https:\/\/analyse.optim.biz\/index.php?rest_route=\/wp\/v2\/posts"}],"about":[{"href":"https:\/\/analyse.optim.biz\/index.php?rest_route=\/wp\/v2\/types\/post"}],"author":[{"embeddable":true,"href":"https:\/\/analyse.optim.biz\/index.php?rest_route=\/wp\/v2\/users\/1"}],"replies":[{"embeddable":true,"href":"https:\/\/analyse.optim.biz\/index.php?rest_route=%2Fwp%2Fv2%2Fcomments&post=1225916"}],"version-history":[{"count":0,"href":"https:\/\/analyse.optim.biz\/index.php?rest_route=\/wp\/v2\/posts\/1225916\/revisions"}],"wp:featuredmedia":[{"embeddable":true,"href":"https:\/\/analyse.optim.biz\/index.php?rest_route=\/wp\/v2\/media\/1225917"}],"wp:attachment":[{"href":"https:\/\/analyse.optim.biz\/index.php?rest_route=%2Fwp%2Fv2%2Fmedia&parent=1225916"}],"wp:term":[{"taxonomy":"category","embeddable":true,"href":"https:\/\/analyse.optim.biz\/index.php?rest_route=%2Fwp%2Fv2%2Fcategories&post=1225916"},{"taxonomy":"post_tag","embeddable":true,"href":"https:\/\/analyse.optim.biz\/index.php?rest_route=%2Fwp%2Fv2%2Ftags&post=1225916"}],"curies":[{"name":"wp","href":"https:\/\/api.w.org\/{rel}","templated":true}]}}