{"id":122475,"date":"2018-03-06T14:05:36","date_gmt":"2018-03-06T11:05:36","guid":{"rendered":"https:\/\/analyse.optim.biz\/?p=122475"},"modified":"2018-03-06T14:05:36","modified_gmt":"2018-03-06T11:05:36","slug":"ccr-a-decis-parlamentarii-ministrii-ori-primarii-nu-pot-avea-calitatea-de-comerciant-persoana-fizica","status":"publish","type":"post","link":"https:\/\/analyse.optim.biz\/?p=122475","title":{"rendered":"CCR a decis: Parlamentarii, mini\u0219trii ori primarii NU pot avea calitatea de comerciant persoan\u0103 fizic\u0103"},"content":{"rendered":"<div class=\"entry data-app-meta data-app-meta-article\" data-embed-base-url-canonical=\"https:\/\/www.digi24.ro\/embed\/stiri\/actualitate\/politica\/ccr-decide-azi-daca-parlamentarii-ori-ministrii-pot-avea-calitatea-de-comerciant-persoana-fizica-889579\">\n<p data-index=\"1\"><strong>Curtea Constitu\u0163ional\u0103 a Rom\u00e2niei a admis, mar\u0163i, sesizarea pre\u015fedintelui Klaus Iohannis la Legea pentru modificarea Legii 161\/2003, constat\u00e2nd c\u0103 sunt neconstitu\u0163ionale modific\u0103rile prin care parlamentarii, mini\u015ftrii, edilii, prefec\u0163ii \u015fi \u015fefii consiliilor jude\u0163ene pot avea calitatea de comerciant persoan\u0103 fizic\u0103, a anun\u0163at pre\u015fedintele CCR, Valer Dorneanu.<\/strong><\/p>\n<p data-index=\"2\"><img loading=\"lazy\" decoding=\"async\" class=\"size-full wp-image-888305\" src=\"https:\/\/analyse.optim.biz\/wp-content\/uploads\/2024\/09\/zwnkoda4ntuwymfmnwq3mmjlzgqwmtnkztq5mjcxzjy-thumb_.jpg\" width=\"3072\" height=\"2048\" data-skip-htmlfix=\"1\" title=\"zwnkoda4ntuwymfmnwq3mmjlzgqwmtnkztq5mjcxzjy-thumb_\"><\/p>\n<p data-index=\"3\"><em>Foto: InquamPhotos\/George C\u0103lin<\/em><\/p>\n<p data-index=\"4\">Pe 7 februarie, CCR a am\u00e2nat pentru ast\u0103zi luarea unei decizii \u00een acest caz. Iat\u0103 c\u0103 judec\u0103torii Cur\u021bii Consitu\u021bionale au admis sesizarea \u0219efului statului.<\/p>\n<p data-index=\"5\">A\u0219adar, CCR a dezb\u0103tut obiec\u0163ia de neconstitu\u0163ionalitate a Legii pentru modificarea Legii nr. 161\/2003 privind unele m\u0103suri pentru asigurarea transparen\u0163ei \u00een exercitarea demnit\u0103\u0163ilor publice, a func\u0163iilor publice \u015fi \u00een mediul de afaceri, prevenirea \u015fi sanc\u0163ionarea corup\u0163iei, obiec\u0163ie formulat\u0103 de pre\u015fedintele Rom\u00e2niei.<\/p>\n<p data-index=\"6\">Pe 18 ianuarie, pre\u015fedintele Klaus Iohannis a trimis CCR o sesizare de neconstitu\u0163ionalitate asupra Legii pentru modificarea Legii nr. 161\/2003.<\/p>\n<p data-index=\"7\">Legea transmis\u0103 la promulgare pe 30 decembrie are ca obiect de reglementare modificarea Legii nr. 161\/2003 \u00een sensul elimin\u0103rii incompatibilit\u0103\u0163ii func\u0163iilor de deputat, senator, membru al Guvernului, prefect, subprefect, primar, viceprimar, primar general \u015fi viceprimar al municipiului Bucure\u015fti, pre\u015fedinte \u015fi vicepre\u015fedinte al consiliului jude\u0163ean cu calitatea de comerciant persoan\u0103 fizic\u0103.<\/p>\n<p data-index=\"8\">\u201ePrin modul \u00een care a fost adoptat\u0103, dar \u015fi prin con\u0163inutul normativ, Legea pentru modificarea Legii nr. 161\/2003 privind unele m\u0103suri pentru asigurarea transparen\u0163ei \u00een exercitarea demnit\u0103\u0163ilor publice, a func\u0163iilor publice \u015fi \u00een mediul de afaceri, prevenirea \u015fi sanc\u0163ionarea corup\u0163iei este neconstitu\u0163ional\u0103 \u00eentruc\u00e2t \u00eencalc\u0103 prevederile art. 1 alin. (3), ale art. 11 alin. (1), ale art. 65 alin. (2) lit. j), ale art. 75 alin. (1) \u015fi alin. (5) raportat la art. 105 alin. (2) \u015fi ale art. 148 alin. (4) din Constitu\u0163ie\u201d, ar\u0103ta \u015feful statului \u00een sesizarea adresat\u0103 CCR.<\/p>\n<p data-index=\"9\">Pre\u015fedintele Iohannis invoca motive de neconstitu\u0163ionalitate extrinsec\u0103. Astfel, el afirma c\u0103 prin articolul unic pct. 1 din legea dedus\u0103 controlului de constitu\u0163ionalitate se abrog\u0103 dispozi\u0163iile art. 82 alin. (1) lit. e) din Legea nr. 161\/2003, ce instituie incompatibilitatea \u00eentre calitatea de deputat \u015fi senator \u015fi calitatea de comerciant persoan\u0103 fizic\u0103.<\/p>\n<p data-index=\"10\">\u015eeful statului sublinia c\u0103, av\u00e2nd \u00een vedere c\u0103 se reglementeaz\u0103 \u00eentr-o materie ce \u0163ine de statutul deputa\u0163ilor \u015fi al senatorilor, aceast\u0103 prevedere ar fi trebuit adoptat\u0103 \u00een \u015fedin\u0163a comun\u0103 a celor dou\u0103 Camere ale Parlamentului. El indica faptul c\u0103 legea a fost respins\u0103 de Senat, iar apoi a fost adoptat\u0103 de Camera Deputa\u0163ilor, preciz\u00e2nd c\u0103 astfel a fost \u00eenc\u0103lcat\u0103 Legea fundamental\u0103.<\/p>\n<p data-index=\"11\">\u00cen ceea ce prive\u015fte incompatibilitatea func\u0163iei de primar, viceprimar, primar general, viceprimar al municipiului Bucure\u015fti, pre\u015fedinte sau vicepre\u015fedinte al consiliului jude\u0163ean cu anumite func\u0163ii private, Iohannis arat\u0103 c\u0103 \u00een jurispruden\u0163a constitu\u0163ional\u0103 s-a stabilit c\u0103 aceasta nu este o condi\u0163ie de eligibilitate, iar \u00eenl\u0103turarea ei depinde de voin\u0163a celui ales, care poate opta pentru una dintre cele dou\u0103 calit\u0103\u0163i incompatibile.<\/p>\n<p data-index=\"12\">Astfel, el sus\u0163ine c\u0103 nu se poate \u00eendeplini o func\u0163ie public\u0103 ce oblig\u0103 la transparen\u0163a modului de utilizare \u015fi administrare a fondurilor publice, dac\u0103 \u00een acela\u015fi timp o persoan\u0103 este angrenat\u0103 \u015fi \u00een mediul de afaceri, \u00eentruc\u00e2t cumularea celor dou\u0103 func\u0163ii ar putea duce la afectarea intereselor generale ale comunit\u0103\u0163ii \u015fi a principiilor care stau la baza statului de drept.<\/p>\n<p data-index=\"13\">Sursa: Agerpres<\/p>\n<\/div>\n<p> Source URL: https:\/\/www.digi24.ro\/stiri\/actualitate\/politica\/ccr-decide-azi-daca-parlamentarii-ori-ministrii-pot-avea-calitatea-de-comerciant-persoana-fizica-889579<\/p>\n","protected":false},"excerpt":{"rendered":"<p>Curtea Constitu\u0163ional\u0103 a Rom\u00e2niei a admis, mar\u0163i, sesizarea pre\u015fedintelui Klaus Iohannis la Legea pentru modificarea Legii 161\/2003, constat\u00e2nd c\u0103 sunt neconstitu\u0163ionale modific\u0103rile prin care parlamentarii, mini\u015ftrii, edilii, prefec\u0163ii \u015fi \u015fefii consiliilor jude\u0163ene pot avea calitatea de comerciant persoan\u0103 fizic\u0103, a anun\u0163at pre\u015fedintele CCR, Valer Dorneanu. Foto: InquamPhotos\/George C\u0103lin Pe 7 februarie, CCR a am\u00e2nat pentru [&hellip;]<\/p>\n","protected":false},"author":1,"featured_media":122476,"comment_status":"open","ping_status":"","sticky":false,"template":"","format":"standard","meta":{"footnotes":""},"categories":[2],"tags":[11],"class_list":["post-122475","post","type-post","status-publish","format-standard","has-post-thumbnail","hentry","category-politics","tag-digi24"],"_links":{"self":[{"href":"https:\/\/analyse.optim.biz\/index.php?rest_route=\/wp\/v2\/posts\/122475","targetHints":{"allow":["GET"]}}],"collection":[{"href":"https:\/\/analyse.optim.biz\/index.php?rest_route=\/wp\/v2\/posts"}],"about":[{"href":"https:\/\/analyse.optim.biz\/index.php?rest_route=\/wp\/v2\/types\/post"}],"author":[{"embeddable":true,"href":"https:\/\/analyse.optim.biz\/index.php?rest_route=\/wp\/v2\/users\/1"}],"replies":[{"embeddable":true,"href":"https:\/\/analyse.optim.biz\/index.php?rest_route=%2Fwp%2Fv2%2Fcomments&post=122475"}],"version-history":[{"count":0,"href":"https:\/\/analyse.optim.biz\/index.php?rest_route=\/wp\/v2\/posts\/122475\/revisions"}],"wp:featuredmedia":[{"embeddable":true,"href":"https:\/\/analyse.optim.biz\/index.php?rest_route=\/wp\/v2\/media\/122476"}],"wp:attachment":[{"href":"https:\/\/analyse.optim.biz\/index.php?rest_route=%2Fwp%2Fv2%2Fmedia&parent=122475"}],"wp:term":[{"taxonomy":"category","embeddable":true,"href":"https:\/\/analyse.optim.biz\/index.php?rest_route=%2Fwp%2Fv2%2Fcategories&post=122475"},{"taxonomy":"post_tag","embeddable":true,"href":"https:\/\/analyse.optim.biz\/index.php?rest_route=%2Fwp%2Fv2%2Ftags&post=122475"}],"curies":[{"name":"wp","href":"https:\/\/api.w.org\/{rel}","templated":true}]}}