{"id":122470,"date":"2018-03-06T15:58:38","date_gmt":"2018-03-06T12:58:38","guid":{"rendered":"https:\/\/analyse.optim.biz\/?p=122470"},"modified":"2018-03-06T15:58:38","modified_gmt":"2018-03-06T12:58:38","slug":"fost-lider-udmr-kelemen-hunor-ajuta-romania-sa-intre-in-familia-tarilor-eurosceptice-iliberale","status":"publish","type":"post","link":"https:\/\/analyse.optim.biz\/?p=122470","title":{"rendered":"Fost lider UDMR: Kelemen Hunor &#8220;ajut\u0103&#8221; Rom\u00e2nia s\u0103 intre \u00een familia \u021b\u0103rilor eurosceptice, iliberale"},"content":{"rendered":"<div class=\"entry data-app-meta data-app-meta-article\" data-embed-base-url-canonical=\"https:\/\/www.digi24.ro\/embed\/stiri\/actualitate\/politica\/fost-lider-udmr-kelemen-hunor-ajuta-romania-sa-intre-in-familia-tarilor-eurosceptice-iliberale-890054\">\n<p data-index=\"1\"><strong>Ex-parlamentarul UDMR \u015fi consilier preziden\u0163ial, Peter-Eckstein Kovacs, critic\u0103 apropierea UDMR de coali\u0163ia PSD-ALDE \u015fi tendin\u0163a celor dou\u0103 for\u0163e de a \u00eempinge Rom\u00e2nia spre zona iliberal\u0103, pozi\u0163ie adoptat\u0103 deja \u015fi promovat\u0103 de \u0163\u0103ri precum Polonia si Ungaria.<\/strong><\/p>\n<p class=\"gdpr-placeholder gdpr-social-media gdpr-iframe-fix\" data-index=\"3\"> Setarile tale privind cookie-urile nu permit afisarea continutul din aceasta sectiune. Poti actualiza setarile modulelor coookie direct din browser sau de <a class=\"ot-sdk-show-settings\" data-skip-linkfix=\"1\">aici<\/a> \u2013 e nevoie sa accepti cookie-urile social media<\/p>\n<p data-index=\"4\">Peter-Eckstein Kovacs vede &#8220;o leg\u0103tur\u0103 \u00eentre pozi\u0163ia UDMR \u015fi votul europarlamentarilor PSD privind luarea unor m\u0103suri \u00eempotriva Poloniei pentru neresepectarea statului de drept&#8221; \u015fi consider\u0103 c\u0103 liderii maghiari, cu accent pe persoana lui Kelemen Hunor, gre\u015fesc de dou\u0103 ori: prin apropierea de coali\u0163ia PSD-ALDE \u015fi promovarea tendin\u0163ei de apropiere de democra\u0163iile iliberale din estul Europei.<\/p>\n<p data-index=\"5\">Mai jos, postarea lui fostului parlamentar \u015fi consilier preziden\u0163ial, Peter-Eckstein Kovacs:<\/p>\n<p data-index=\"6\">&#8220;Unire-n cuget. Sub Cea\u0219c\u0103 circula o vorb\u0103: \u00een fa\u021ba intelectualilor se deschid dou\u0103 c\u0103i, prima ar fi alcoolismul, iar cea de-a doua cale este inaccesibil\u0103. Bancul amar mi-a revenit \u00een minte dup\u0103 declara\u021bia dlui. Kelemen Hunor, f\u0103cut ieri, cumc\u0103 UDMR nu are alt\u0103 cale dec\u00e2t colaborarea cu PSD\/ALDE. Pre\u0219edintele UDMR are dreptate \u00een privin\u021ba faptului c\u0103, PNL nu e deloc liberal c\u00e2nd vine vorba de minorit\u0103\u021bi. Dar totu\u0219i cred c\u0103, dac\u0103 se trage o linie \u00een ce a ob\u021binut UDMR privind dr<span class=\"text_exposed_show\">epturile minorit\u0103\u021bilor \u0219i ce a pierdut \u00een ochii opiniei publice progresiste rom\u00e2ne \u0219i a celei interna\u021bionale, sus\u021bin\u00e2nd demersurile coali\u021biei de la putere de a suprima statul de drept, balan\u021ba \u00eenclin\u0103 spre alegerea unei c\u0103i gre\u0219ite.<br \/> Eu v\u0103d o leg\u0103tur\u0103 \u00eentre pozi\u021bia UDMR \u0219i votul europarlamentarilor PSD privind luarea unor m\u0103suri \u00eempotriva Poloniei pentru nerespectarea statului de drept. De\u0219i in\u021biativa apar\u021binea sociali\u0219tilor europeni, pesedi\u0219tii au votat pentru fra\u021bii lor \u00eentru guvernare iliberal\u0103, chiar dac\u0103 fac parte din alt\u0103 familie politic\u0103. V\u0103d aici un demers al dlui. Kelemen de a &lt;&lt;ajuta&gt;&gt; Rom\u00e2nia s\u0103 intre \u00een familia \u021b\u0103rilor eurosceptice, iliberale. Cale gre\u0219it\u0103, p\u0103rerea mea&#8221;, scrie Peter-Eckstein Kovacs pe pagina sa de Facebook.<\/span><\/p>\n<p data-index=\"7\">Politicianul citat s-a mai delimitat \u015fi \u00een trecut de politica actualei coali\u0163ii \u015fi a unora din liderii comunit\u0103\u0163ii maghiare \u00een privin\u0163a statului de drept \u015fi a justi\u0163iei.<\/p>\n<p data-index=\"8\"><strong>Citi\u0163i \u015fi: <a href=\"https:\/\/www.digi24.ro\/opinii\/a-inceput-rostogolirea-psd-lucru-constatat-de-ana-gomes-dar-prezis-de-martin-schulz-889698\" data-skip-linkfix=\"1\">A \u00eenceput rostogolirea PSD. Lucru constatat de Ana Gomes, dar prezis de Martin Schulz<\/a><\/strong><\/p>\n<\/div>\n<p> Source URL: https:\/\/www.digi24.ro\/stiri\/actualitate\/politica\/fost-lider-udmr-kelemen-hunor-ajuta-romania-sa-intre-in-familia-tarilor-eurosceptice-iliberale-890054<\/p>\n","protected":false},"excerpt":{"rendered":"<p>Ex-parlamentarul UDMR \u015fi consilier preziden\u0163ial, Peter-Eckstein Kovacs, critic\u0103 apropierea UDMR de coali\u0163ia PSD-ALDE \u015fi tendin\u0163a celor dou\u0103 for\u0163e de a \u00eempinge Rom\u00e2nia spre zona iliberal\u0103, pozi\u0163ie adoptat\u0103 deja \u015fi promovat\u0103 de \u0163\u0103ri precum Polonia si Ungaria. Setarile tale privind cookie-urile nu permit afisarea continutul din aceasta sectiune. Poti actualiza setarile modulelor coookie direct din browser [&hellip;]<\/p>\n","protected":false},"author":1,"featured_media":122471,"comment_status":"open","ping_status":"","sticky":false,"template":"","format":"standard","meta":{"footnotes":""},"categories":[2],"tags":[11],"class_list":["post-122470","post","type-post","status-publish","format-standard","has-post-thumbnail","hentry","category-politics","tag-digi24"],"_links":{"self":[{"href":"https:\/\/analyse.optim.biz\/index.php?rest_route=\/wp\/v2\/posts\/122470","targetHints":{"allow":["GET"]}}],"collection":[{"href":"https:\/\/analyse.optim.biz\/index.php?rest_route=\/wp\/v2\/posts"}],"about":[{"href":"https:\/\/analyse.optim.biz\/index.php?rest_route=\/wp\/v2\/types\/post"}],"author":[{"embeddable":true,"href":"https:\/\/analyse.optim.biz\/index.php?rest_route=\/wp\/v2\/users\/1"}],"replies":[{"embeddable":true,"href":"https:\/\/analyse.optim.biz\/index.php?rest_route=%2Fwp%2Fv2%2Fcomments&post=122470"}],"version-history":[{"count":0,"href":"https:\/\/analyse.optim.biz\/index.php?rest_route=\/wp\/v2\/posts\/122470\/revisions"}],"wp:featuredmedia":[{"embeddable":true,"href":"https:\/\/analyse.optim.biz\/index.php?rest_route=\/wp\/v2\/media\/122471"}],"wp:attachment":[{"href":"https:\/\/analyse.optim.biz\/index.php?rest_route=%2Fwp%2Fv2%2Fmedia&parent=122470"}],"wp:term":[{"taxonomy":"category","embeddable":true,"href":"https:\/\/analyse.optim.biz\/index.php?rest_route=%2Fwp%2Fv2%2Fcategories&post=122470"},{"taxonomy":"post_tag","embeddable":true,"href":"https:\/\/analyse.optim.biz\/index.php?rest_route=%2Fwp%2Fv2%2Ftags&post=122470"}],"curies":[{"name":"wp","href":"https:\/\/api.w.org\/{rel}","templated":true}]}}