{"id":122456,"date":"2018-03-06T16:21:47","date_gmt":"2018-03-06T13:21:47","guid":{"rendered":"https:\/\/analyse.optim.biz\/?p=122456"},"modified":"2018-03-06T16:21:47","modified_gmt":"2018-03-06T13:21:47","slug":"vizita-lui-timmermans-la-bucuresti-produce-inca-ecouri-bichinet-a-facut-o-treaba-buna-l-am-vazut-cum-se-infoia-prin-casa-poporului","status":"publish","type":"post","link":"https:\/\/analyse.optim.biz\/?p=122456","title":{"rendered":"Vizita lui Timmermans la Bucure\u0219ti produce \u00eenc\u0103 ecouri. Bichine\u021b: \u201eA f\u0103cut o treaba bun\u0103. L-am v\u0103zut cum se \u00eenfoia prin Casa Poporului\u201d"},"content":{"rendered":"<div class=\"entry data-app-meta data-app-meta-article\" data-embed-base-url-canonical=\"https:\/\/www.digi24.ro\/embed\/stiri\/actualitate\/justitie\/vizita-lui-timmermans-la-bucuresti-produce-inca-ecouri-bichinet-a-facut-o-treaba-buna-l-am-vazut-cum-se-infoia-prin-casa-poporului-890120\">\n<p data-index=\"1\"><b>Vizita prim-vicepre\u0219edintelui Comisiei Europene Frans Timmermans la Bucure\u0219ti \u00eenc\u0103 st\u00e2rne\u0219te reac\u021bii la Bucure\u0219ti, chiar \u0219i la o s\u0103pt\u0103m\u00e2n\u0103 dup\u0103.<\/b><\/p>\n<p data-index=\"2\">Cea mai clar\u0103 reac\u021bie a fost poate cea a lui Liviu Dragnea, care a declarat ieri c\u0103 sus\u021bine \u00een totalitate raportul lui Tudorel Toader. A fost practic prima declara\u021bie dup\u0103 mult timp \u00een care liderul PSD \u0219i-a ar\u0103tat sprijinul total pentru ministrul Justi\u021biei.<\/p>\n<p data-index=\"3\">De ce a venit aceasta declara\u021bie abia acum? Digi 24 a discutat azi cu deputatul PMP Corneliu Bichine\u021b \u0219i deputatul ALDE Marian Cuc\u0219a.<\/p>\n<p data-index=\"4\">\u00centrebat cum ar interpreta vizita lui Timmermans la Bucure\u0219ti \u0219i dac\u0103 ar trebui s\u0103 schimb\u0103m ceva \u00een obiceiurile Rom\u00e2niei, Bichine\u021b a spus c\u0103 <i>\u201e0biceiurile noastre nici nu sunt at\u00e2t de nepl\u0103cute \u0219i unele sunt foarte s\u0103n\u0103toase \u0219i ar putea fi urmate de al\u021bii. Eu dintre olandezi am re\u021binut ca fiind unul foarte important, Eramsus din Rotterdam, care a plasat lumii elogiul nebuniei\u201d<\/i>.<\/p>\n<p data-index=\"5\"><i>\u201eVicepre\u0219edintele CE a f\u0103cut o treaba buna. A mai venit \u0219i el \u00eenspre Rom\u00e2nia, l-am v\u0103zut cum se \u00eenfoia, cum mergea prin Casa Poporului rom\u00e2n \u0219i am re\u021binut o chestiune de bun sim\u021b, s\u0103 continu\u0103m s\u0103 alerg\u0103m, dar nu aiurea, ci s\u0103 alerg\u0103m altfel dec\u00e2t \u00eenapoi. E de re\u021binut. Pa\u0219ii f\u0103cu\u021bi de Rom\u00e2nia privind Justi\u021bia nu sunt de neglijat. (&#8230;) Olanda are un interes la fel de mare ca \u0219i Rom\u00e2nia ca prin porturile noastre s\u0103 treac\u0103 c\u00e2t mai multe vapoare, c\u00e2t mai multe m\u0103rfuri\u201d<\/i>, a mai spus Bichine\u021b.<\/p>\n<p data-index=\"6\"><i>\u201e\u0218i ALDE sus\u021bine \u00een totalitate raportul f\u0103cut de Tudorel Toader. A dat dovada de profesionalism\u201d<\/i>, a declarat \u0219i Cuc\u0219a. \u00centrebat dac\u0103 are dubii despre c\u00e2t de bine informat\u0103 este Comisia European\u0103, acesta a r\u0103spuns afirmativ:<i> \u201eSper s\u0103 fie informat\u0103 corect, nu dezinformat\u0103 de Macovei, care nu face dec\u00e2t s\u0103 denigreze \u021bara\u201d<\/i>.<\/p>\n<p data-index=\"7\"><i>\u201eO jumatate de adevar nu e un adevar. Nu am nimic cu Monica Macovei, este o fiin\u021b\u0103 care probabil trebuie s\u0103 existe, dar informa\u021biile care merg c\u0103tre CE pot fi corijate \u0219i la o atent\u0103 privire asupra realit\u0103\u021bilor rom\u00e2ne\u0219ti, pentru c\u0103 avem acest blestem, MCV-ul, cred ca am f\u0103cut progrese foarte mari. Dac\u0103 PSD nu f\u0103cea comisia Iordache, lucrurile mergeau foarte bine\u201d<\/i>, a ad\u0103ugat Bichine\u021b.<\/p>\n<p data-index=\"8\">\u00centrebat dac\u0103 activitatea comisiei Iordache \u00eengreuneaz\u0103 procesul de sc\u0103pare de raportul MCV, Marian Cuc\u0219a a spus c\u0103: <i>\u201eNu ne d\u0103 \u00eenapoi comisia Iordache. Rom\u00e2nia a f\u0103cut pa\u0219i importan\u021bi \u0219i MCV-ul trebuie ridicat pentru c\u0103 Rom\u00e2nia trebuie sa fie stat membru cu drepturi depline \u00een UE, la fel cum e \u0219i Olanda, care nu are interes ca Rom\u00e2nia s\u0103 aib\u0103 drepturi depline cu Olanda\u201d<\/i>.<\/p>\n<\/div>\n<p> Source URL: https:\/\/www.digi24.ro\/stiri\/actualitate\/justitie\/vizita-lui-timmermans-la-bucuresti-produce-inca-ecouri-bichinet-a-facut-o-treaba-buna-l-am-vazut-cum-se-infoia-prin-casa-poporului-890120<\/p>\n","protected":false},"excerpt":{"rendered":"<p>Vizita prim-vicepre\u0219edintelui Comisiei Europene Frans Timmermans la Bucure\u0219ti \u00eenc\u0103 st\u00e2rne\u0219te reac\u021bii la Bucure\u0219ti, chiar \u0219i la o s\u0103pt\u0103m\u00e2n\u0103 dup\u0103. Cea mai clar\u0103 reac\u021bie a fost poate cea a lui Liviu Dragnea, care a declarat ieri c\u0103 sus\u021bine \u00een totalitate raportul lui Tudorel Toader. A fost practic prima declara\u021bie dup\u0103 mult timp \u00een care liderul PSD [&hellip;]<\/p>\n","protected":false},"author":1,"featured_media":122457,"comment_status":"open","ping_status":"","sticky":false,"template":"","format":"standard","meta":{"footnotes":""},"categories":[2],"tags":[11],"class_list":["post-122456","post","type-post","status-publish","format-standard","has-post-thumbnail","hentry","category-politics","tag-digi24"],"_links":{"self":[{"href":"https:\/\/analyse.optim.biz\/index.php?rest_route=\/wp\/v2\/posts\/122456","targetHints":{"allow":["GET"]}}],"collection":[{"href":"https:\/\/analyse.optim.biz\/index.php?rest_route=\/wp\/v2\/posts"}],"about":[{"href":"https:\/\/analyse.optim.biz\/index.php?rest_route=\/wp\/v2\/types\/post"}],"author":[{"embeddable":true,"href":"https:\/\/analyse.optim.biz\/index.php?rest_route=\/wp\/v2\/users\/1"}],"replies":[{"embeddable":true,"href":"https:\/\/analyse.optim.biz\/index.php?rest_route=%2Fwp%2Fv2%2Fcomments&post=122456"}],"version-history":[{"count":0,"href":"https:\/\/analyse.optim.biz\/index.php?rest_route=\/wp\/v2\/posts\/122456\/revisions"}],"wp:featuredmedia":[{"embeddable":true,"href":"https:\/\/analyse.optim.biz\/index.php?rest_route=\/wp\/v2\/media\/122457"}],"wp:attachment":[{"href":"https:\/\/analyse.optim.biz\/index.php?rest_route=%2Fwp%2Fv2%2Fmedia&parent=122456"}],"wp:term":[{"taxonomy":"category","embeddable":true,"href":"https:\/\/analyse.optim.biz\/index.php?rest_route=%2Fwp%2Fv2%2Fcategories&post=122456"},{"taxonomy":"post_tag","embeddable":true,"href":"https:\/\/analyse.optim.biz\/index.php?rest_route=%2Fwp%2Fv2%2Ftags&post=122456"}],"curies":[{"name":"wp","href":"https:\/\/api.w.org\/{rel}","templated":true}]}}