{"id":122453,"date":"2018-03-06T18:19:51","date_gmt":"2018-03-06T15:19:51","guid":{"rendered":"https:\/\/analyse.optim.biz\/?p=122453"},"modified":"2018-03-06T18:19:51","modified_gmt":"2018-03-06T15:19:51","slug":"presedintele-serbiei-vizita-oficiala-in-romania-la-invitatia-lui-klaus-iohannis","status":"publish","type":"post","link":"https:\/\/analyse.optim.biz\/?p=122453","title":{"rendered":"Pre\u015fedintele Serbiei, vizit\u0103 oficial\u0103 \u00een Rom\u00e2nia la invita\u021bia lui Klaus Iohannis"},"content":{"rendered":"<div class=\"entry data-app-meta data-app-meta-article\" data-embed-base-url-canonical=\"https:\/\/www.digi24.ro\/embed\/stiri\/actualitate\/politica\/presedintele-serbiei-vizita-oficiala-in-romania-la-invitatia-lui-klaus-iohannis-890177\">\n<p data-index=\"1\"><strong>Pre\u015fedintele Klaus Iohannis \u00eel va primi joi, la Palatul Cotroceni, pe omologul s\u0103u s\u00e2rb, Aleksandar Vucic, \u00een cadrul vizitei oficiale pe care acesta o efectueaz\u0103 la Bucure\u015fti.<\/strong><\/p>\n<figure class=\"article-thumb\"><img decoding=\"async\" src=\"https:\/\/analyse.optim.biz\/wp-content\/uploads\/2024\/09\/y2y1mjbmmdu3mmrlotdkywu4ngq4mzg1zgvjnme-thumb_.jpg\" alt=\"shutterstock_714369367\" data-skip-htmlfix=\"1\" title=\"y2y1mjbmmdu3mmrlotdkywu4ngq4mzg1zgvjnme-thumb_\"><figcaption> Foto: Shutterstock <\/figcaption><\/figure>\n<p data-index=\"2\">Potrivit Administra\u0163iei Preziden\u0163iale, \u00een cadrul discu\u0163iilor, cei doi \u015fefi de stat vor aborda c\u0103ile de aprofundare a cooper\u0103rii bilaterale, at\u00e2t la nivel politic, c\u00e2t \u015fi economic \u015fi sectorial. De asemenea, vor fi discutate modalit\u0103\u0163ile de sprijin din partea Rom\u00e2niei \u00een ceea ce prive\u015fte procesul de aderare a Serbiei la Uniunea European\u0103, inclusiv din perspectiva de\u0163inerii de c\u0103tre \u0163ara noastr\u0103 a pre\u015fedin\u0163iei Consiliului Uniunii Europene \u00een primul semestru al anului 2019.<\/p>\n<p data-index=\"3\">Cei doi pre\u015fedin\u0163i vor aborda \u015fi problematica minorit\u0103\u0163ilor na\u0163ionale din cele dou\u0103 \u0163\u0103ri, aspecte de interes comun privind cooperarea \u00een Balcanii de Vest \u015fi principalele evolu\u0163ii \u00een dosarul \u201eKosovo\u201d.<\/p>\n<p data-index=\"4\">Oficialul s\u00e2rb efectueaz\u0103 vizita \u00een Rom\u00e2nia la invita\u0163ia pre\u015fedintelui Klaus Iohannis.<\/p>\n<p data-index=\"5\">Vizita are loc ca urmare a contactelor bilaterale rom\u00e2no-s\u00e2rbe intense din ultimii ani \u015fi confirm\u0103 caracterul foarte bun al rela\u0163iilor dintre Bucure\u015fti \u015fi Belgrad, precizeaz\u0103 Administra\u0163ia Preziden\u0163ial\u0103.<\/p>\n<p data-index=\"6\">Pre\u015fedintele Klaus Iohannis a efectuat o vizit\u0103 oficial\u0103 \u00een Republica Serbia, \u00een iulie 2015.<\/p>\n<p data-index=\"7\"><em>Sursa: Agerpres<\/em><\/p>\n<\/div>\n<p> Source URL: https:\/\/www.digi24.ro\/stiri\/actualitate\/politica\/presedintele-serbiei-vizita-oficiala-in-romania-la-invitatia-lui-klaus-iohannis-890177<\/p>\n","protected":false},"excerpt":{"rendered":"<p>Pre\u015fedintele Klaus Iohannis \u00eel va primi joi, la Palatul Cotroceni, pe omologul s\u0103u s\u00e2rb, Aleksandar Vucic, \u00een cadrul vizitei oficiale pe care acesta o efectueaz\u0103 la Bucure\u015fti. Foto: Shutterstock Potrivit Administra\u0163iei Preziden\u0163iale, \u00een cadrul discu\u0163iilor, cei doi \u015fefi de stat vor aborda c\u0103ile de aprofundare a cooper\u0103rii bilaterale, at\u00e2t la nivel politic, c\u00e2t \u015fi economic [&hellip;]<\/p>\n","protected":false},"author":1,"featured_media":122454,"comment_status":"open","ping_status":"","sticky":false,"template":"","format":"standard","meta":{"footnotes":""},"categories":[2],"tags":[11],"class_list":["post-122453","post","type-post","status-publish","format-standard","has-post-thumbnail","hentry","category-politics","tag-digi24"],"_links":{"self":[{"href":"https:\/\/analyse.optim.biz\/index.php?rest_route=\/wp\/v2\/posts\/122453","targetHints":{"allow":["GET"]}}],"collection":[{"href":"https:\/\/analyse.optim.biz\/index.php?rest_route=\/wp\/v2\/posts"}],"about":[{"href":"https:\/\/analyse.optim.biz\/index.php?rest_route=\/wp\/v2\/types\/post"}],"author":[{"embeddable":true,"href":"https:\/\/analyse.optim.biz\/index.php?rest_route=\/wp\/v2\/users\/1"}],"replies":[{"embeddable":true,"href":"https:\/\/analyse.optim.biz\/index.php?rest_route=%2Fwp%2Fv2%2Fcomments&post=122453"}],"version-history":[{"count":0,"href":"https:\/\/analyse.optim.biz\/index.php?rest_route=\/wp\/v2\/posts\/122453\/revisions"}],"wp:featuredmedia":[{"embeddable":true,"href":"https:\/\/analyse.optim.biz\/index.php?rest_route=\/wp\/v2\/media\/122454"}],"wp:attachment":[{"href":"https:\/\/analyse.optim.biz\/index.php?rest_route=%2Fwp%2Fv2%2Fmedia&parent=122453"}],"wp:term":[{"taxonomy":"category","embeddable":true,"href":"https:\/\/analyse.optim.biz\/index.php?rest_route=%2Fwp%2Fv2%2Fcategories&post=122453"},{"taxonomy":"post_tag","embeddable":true,"href":"https:\/\/analyse.optim.biz\/index.php?rest_route=%2Fwp%2Fv2%2Ftags&post=122453"}],"curies":[{"name":"wp","href":"https:\/\/api.w.org\/{rel}","templated":true}]}}