{"id":122425,"date":"2018-03-07T12:02:05","date_gmt":"2018-03-07T09:02:05","guid":{"rendered":"https:\/\/analyse.optim.biz\/?p=122425"},"modified":"2018-03-07T12:02:05","modified_gmt":"2018-03-07T09:02:05","slug":"liberalii-cer-punct-de-vedere-al-comisiei-de-la-venetia-pe-legile-justitiei-si-suspendarea-discutiilor-in-comisia-iordache","status":"publish","type":"post","link":"https:\/\/analyse.optim.biz\/?p=122425","title":{"rendered":"Liberalii cer punct de vedere al Comisiei de la Vene\u0163ia pe legile justi\u0163iei \u015fi suspendarea discu\u0163iilor \u00een Comisia Iordache"},"content":{"rendered":"<div class=\"entry data-app-meta data-app-meta-article\" data-embed-base-url-canonical=\"https:\/\/www.digi24.ro\/embed\/stiri\/actualitate\/politica\/liberalii-cer-punct-de-vedere-al-comisiei-de-la-venetia-pe-legile-justitiei-si-suspendarea-discutiilor-in-comisia-iordache-890581\">\n<p data-index=\"1\"><strong>Grupul parlamentar al PNL din Camera Deputa\u0163ilor \u00eei solicit\u0103 pre\u015fedintelui Camerei Deputa\u0163ilor, Liviu Dragnea, s\u0103 cear\u0103 un punct de vedere Comisiei de la Vene\u0163ia pe modific\u0103rile la legile justi\u0163iei \u015fi s\u0103 suspende dezbaterile \u00een Comisia special\u0103 p\u00e2n\u0103 la primirea acestui punct de vedere, transmite <a href=\"http:\/\/www.agerpres.ro\" data-skip-linkfix=\"1\">Agerpres<\/a>.<\/strong><\/p>\n<figure class=\"article-thumb\"><img decoding=\"async\" src=\"https:\/\/analyse.optim.biz\/wp-content\/uploads\/2024\/09\/odawjnpjptemagfzad04ymfkowy1zdnlodhimje0njmyn2nizgfhzdvmytrmng-thumb_-1.jpg\" alt=\"171016_COMISIA_JURIDICA_eugen nicolicea si florin iordache_01_INQUAM_Photos_Octav_Ganea\" data-skip-htmlfix=\"1\" title=\"odawjnpjptemagfzad04ymfkowy1zdnlodhimje0njmyn2nizgfhzdvmytrmng-thumb_-1\"><figcaption> Foto: InquamPhotos\/Octav Ganea <\/figcaption><\/figure>\n<p data-index=\"2\">&#8220;Grupul parlamentar al PNL v\u0103 solicit\u0103 s\u0103 cere\u0163i un punct de vedere din partea Comisiei pentru Democra\u0163ie prin Drept (Comisia de la Vene\u0163ia) cu privire la modific\u0103rile propuse privind Legea 303\/2004, Legea 304\/2004 \u015fi Legea 317\/2004. (&#8230;) P\u00e2n\u0103 la primirea unui punct de vedere din partea Comisiei de la Vene\u0163ia v\u0103 solicit\u0103m s\u0103 suspenda\u0163i dezbaterile Comisiei comune speciale a Camerei Deputa\u0163ilor \u015fi Senatului pentru sistematizarea, unificarea \u015fi asigurarea stabilit\u0103\u0163ii legislative \u00een domeniul justi\u0163iei asupra propunerilor de modificare a legilor 303\/2004, 304\/2004 \u015fi 317\/2004, aflate \u00een procedura de reexaminare drept urmare a deciziilor Cur\u0163ii Constitu\u0163ionale a Rom\u00e2niei&#8221;, se arat\u0103 \u00een solicitarea deputa\u0163ilor liberali depus\u0103 la Biroul permanent al Camerei, citat\u0103 de Agerpres.<\/p>\n<p>Liberalii amintesc \u00een sprijinul cererii lor recomandarea din ultimul raport al Comisiei Europene cu privire la MCV, precum \u015fi pozi\u0163iile publice exprimate recent de oficialii CE. De asemenea, ei amintesc de faptul c\u0103 asocia\u0163ii profesionale ale magistra\u0163ilor s-au pronun\u0163at pentru solicitarea unui punct de vedere al Comisiei de la Vene\u0163ia.\u00a0<\/p>\n<\/div>\n<p> Source URL: https:\/\/www.digi24.ro\/stiri\/actualitate\/politica\/liberalii-cer-punct-de-vedere-al-comisiei-de-la-venetia-pe-legile-justitiei-si-suspendarea-discutiilor-in-comisia-iordache-890581<\/p>\n","protected":false},"excerpt":{"rendered":"<p>Grupul parlamentar al PNL din Camera Deputa\u0163ilor \u00eei solicit\u0103 pre\u015fedintelui Camerei Deputa\u0163ilor, Liviu Dragnea, s\u0103 cear\u0103 un punct de vedere Comisiei de la Vene\u0163ia pe modific\u0103rile la legile justi\u0163iei \u015fi s\u0103 suspende dezbaterile \u00een Comisia special\u0103 p\u00e2n\u0103 la primirea acestui punct de vedere, transmite Agerpres. Foto: InquamPhotos\/Octav Ganea &#8220;Grupul parlamentar al PNL v\u0103 solicit\u0103 s\u0103 [&hellip;]<\/p>\n","protected":false},"author":1,"featured_media":122426,"comment_status":"open","ping_status":"","sticky":false,"template":"","format":"standard","meta":{"footnotes":""},"categories":[2],"tags":[11],"class_list":["post-122425","post","type-post","status-publish","format-standard","has-post-thumbnail","hentry","category-politics","tag-digi24"],"_links":{"self":[{"href":"https:\/\/analyse.optim.biz\/index.php?rest_route=\/wp\/v2\/posts\/122425","targetHints":{"allow":["GET"]}}],"collection":[{"href":"https:\/\/analyse.optim.biz\/index.php?rest_route=\/wp\/v2\/posts"}],"about":[{"href":"https:\/\/analyse.optim.biz\/index.php?rest_route=\/wp\/v2\/types\/post"}],"author":[{"embeddable":true,"href":"https:\/\/analyse.optim.biz\/index.php?rest_route=\/wp\/v2\/users\/1"}],"replies":[{"embeddable":true,"href":"https:\/\/analyse.optim.biz\/index.php?rest_route=%2Fwp%2Fv2%2Fcomments&post=122425"}],"version-history":[{"count":0,"href":"https:\/\/analyse.optim.biz\/index.php?rest_route=\/wp\/v2\/posts\/122425\/revisions"}],"wp:featuredmedia":[{"embeddable":true,"href":"https:\/\/analyse.optim.biz\/index.php?rest_route=\/wp\/v2\/media\/122426"}],"wp:attachment":[{"href":"https:\/\/analyse.optim.biz\/index.php?rest_route=%2Fwp%2Fv2%2Fmedia&parent=122425"}],"wp:term":[{"taxonomy":"category","embeddable":true,"href":"https:\/\/analyse.optim.biz\/index.php?rest_route=%2Fwp%2Fv2%2Fcategories&post=122425"},{"taxonomy":"post_tag","embeddable":true,"href":"https:\/\/analyse.optim.biz\/index.php?rest_route=%2Fwp%2Fv2%2Ftags&post=122425"}],"curies":[{"name":"wp","href":"https:\/\/api.w.org\/{rel}","templated":true}]}}