{"id":122413,"date":"2018-03-07T12:04:37","date_gmt":"2018-03-07T09:04:37","guid":{"rendered":"https:\/\/analyse.optim.biz\/?p=122413"},"modified":"2018-03-07T12:04:37","modified_gmt":"2018-03-07T09:04:37","slug":"iohannis-constitutia-spune-ca-procurorii-sunt-sub-autoritatea-ministrului-justitiei-nu-in-subordinea-lui","status":"publish","type":"post","link":"https:\/\/analyse.optim.biz\/?p=122413","title":{"rendered":"Iohannis: Constitu\u021bia spune c\u0103 procurorii sunt sub autoritatea ministrului justi\u021biei, nu \u00een subordinea lui"},"content":{"rendered":"<div class=\"entry data-app-meta data-app-meta-article\" data-embed-base-url-canonical=\"https:\/\/www.digi24.ro\/embed\/stiri\/actualitate\/justitie\/klaus-iohannis-constitututia-romaniei-spune-ca-procurorii-sunt-sub-autoritatea-ministrului-justitiei-nu-in-subordinea-lui-890577\">\n<p data-index=\"1\"><strong>Pre\u0219edintele Klaus Iohannis a avut un discurs incisiv, miercuri, la <a href=\"https:\/\/www.digi24.ro\/stiri\/actualitate\/justitie\/augustin-lazar-prezinta-raportul-de-activitate-al-ministerului-public-in-prezenta-presedintelui-iohannis-890387\" target=\"_blank\" rel=\"noopener\" data-skip-linkfix=\"1\">\u0219edin\u021ba de prezentare a bilna\u021bului activit\u0103\u021bii Ministerului Public, <\/a>trimi\u021b\u00e2nd s\u0103ge\u021bi c\u0103tre cei care \u00eencearc\u0103 s\u0103 creeze \u201edeliberat\u201d confuzie despre sistemul judiciar din Rom\u00e2nia, \u00een \u00eencercarea de a ob\u021bine un control mai amplu \u0219i de a sl\u0103bi independen\u021ba procurorilor.<\/strong><\/p>\n<figure class=\"article-thumb\"><img decoding=\"async\" src=\"https:\/\/analyse.optim.biz\/wp-content\/uploads\/2024\/09\/yjhhmtdmmdc1nzmxmtninwy2mduyztbmntllma-thumb_-1.jpg\" alt=\"180307_BILANT_MP_augustin lazar_iohannis_01_INQUAM_Photos_Octav_Ganea\" data-skip-htmlfix=\"1\" title=\"yjhhmtdmmdc1nzmxmtninwy2mduyztbmntllma-thumb_-1\"><figcaption> Foto: InquamPhotos\/Octav Ganea <\/figcaption><\/figure>\n<p data-index=\"2\">\u201eRom\u00e2nii nu \u00ee\u0219i doresc ca infractorii s\u0103 fac\u0103 legea \u0219i ca\u00a0magistra\u021bii s\u0103 fie subordona\u021bi politicului\u201d, a declarat pre\u0219edintele.<\/p>\n<p data-index=\"3\">El a men\u021bionat c\u0103 Ministerul Public are un rol foarte bine definit \u00een Constitu\u021bie, iar procurorul este un ap\u0103r\u0103tori nu numai ale ordinii, ci \u0219i al drepturilor civile. <strong>\u201eA devenit un obicei \u00een Rom\u00e2nia s\u0103 se dezbat\u0103 statutul procurorilor. Este sintetizat foarte bine \u00een Constitu\u021bie: ei sunt sub autoritatea ministrului justi\u021biei, \u00een niciun caz \u00een subordinea ministrului justi\u021biei\u201d<\/strong>, a spus Klaus Iohannis, \u00eentr-0 aluzie clar\u0103 la cererea ministrului justi\u021biei de revocare a \u0219efei DNA, Laura Codru\u021ba Kovesi. Tudorel Toader nu a fost prezent miercuri la bilan\u021bul Ministerului Public.<\/p>\n<p data-index=\"4\"><em>\u201eA devenit un obicei \u00een Rom\u00e2nia s\u0103 se dezbat\u0103 intens statutul procurorului. \u00cen aceste discu\u021bii se invoc\u0103 frecvent articolul din Constitu\u021bie care stabile\u0219te c\u0103 activitatea procurorilor se desf\u0103\u0219oar\u0103 sub autoritatea ministrului justi\u021biei.\u00a0<\/em><em>Vreau s\u0103 fiu foarte clar aici: sintagma din Constitu\u021bie este \u00absub autoritatea ministrului justi\u021biei\u00bb, \u0219i \u00een niciun caz \u00ab\u00een subordinea ministrului justi\u021biei\u00bb.\u00a0<\/em><em>Se face \u00een mod deliberat o confuzie \u00eentre aceste dou\u0103 sensuri, tocmai pentru a se induce ideea unui control mult mai amplu asupra procurorilor dec\u00e2t cel prev\u0103zut de Legea Fundamental\u0103. Este doar o \u00eencercare de a sl\u0103bi independen\u021ba procurorilor \u0219i de a legitima supunerea lor fa\u021b\u0103 de voin\u021ba politicului, fapt inacceptabil\u201d, <\/em>a declarat <strong>Klaus Iohannis<\/strong><em>.<\/em><\/p>\n<p data-index=\"5\">Citi\u021bi \u0219i:\u00a0\u00a0<strong><a title=\"Tudorel Toader \u00eei r\u0103spunde lui Klaus Iohannis\" href=\"https:\/\/www.digi24.ro\/stiri\/actualitate\/justitie\/tudorel-toader-ii-raspunde-lui-klaus-iohannis-2-890650\" data-skip-linkfix=\"1\">Tudorel Toader \u00eei r\u0103spunde lui Klaus Iohannis<\/a><\/strong><\/p>\n<p data-index=\"6\">\u0218eful statului a subliniat c\u0103 este o discu\u021bie fals\u0103 cea care acrediteaz\u0103 ideea c\u0103 procurorii sunt inamicii societ\u0103\u021bii. Iohannis a spus c\u0103 demersurile din partea unor indivizi certa\u021bi cu legea sunt menite s\u0103 decredibilizeze justi\u021bia.<strong>\u00a0<\/strong>\u201eAcum nu se discut\u0103 despre chestiuni de fond, care pot fi \u00een mod cert \u00eembun\u0103t\u0103\u021bite, ci se \u00eencearc\u0103 intimidarea celor care aplic\u0103 legea\u201d, a spus pre\u0219edintele.<\/p>\n<p data-index=\"7\">Constitu\u021bia Rom\u00e2niei nu d\u0103 dreptul la lini\u0219te al celor care \u00eencalc\u0103 legea, a punctat pre\u0219edintele.<\/p>\n<p data-index=\"8\">El a mai spus c\u0103 cea mai bun\u0103 ap\u0103rare pentru procurori \u00een aceste condi\u021bii este standardul \u00eenalt de etic\u0103 \u0219i profesionalism. Impar\u021bialitatea, integritatea \u0219i profesionalismul \u00eenseamn\u0103 corecta instrumentare a dosarelor, cu respectarea drepturilor civile, a spus Iohannis.<\/p>\n<p data-index=\"9\"><span><strong>ALOCU\u021aIUNEA PRE\u0218EDINTELUI IOHANNIS (sublinierile ne apar\u021bin)<\/strong><\/span><\/p>\n<p data-index=\"10\">\u201eDoamnelor \u0219i domnilor,<\/p>\n<p data-index=\"11\">V\u0103 mul\u021bumesc pentru invita\u021bia de a participa la prezentarea Raportului anual de activitate al Ministerului Public pentru anul 2017 \u0219i v\u0103 felicit pentru activitatea derulat\u0103 cu succes \u00een anul care s-a scurs.<\/p>\n<p data-index=\"12\">Ministerul Public are un rol constitu\u021bional foarte bine definit. <strong>Procurorul este un reprezentant al intereselor generale ale societ\u0103\u021bii \u015fi un ap\u0103r\u0103tor at\u00e2t al ordinii de drept, c\u00e2t \u0219i al drepturilor \u0219i libert\u0103\u021bilor cet\u0103\u021bene\u0219ti.<\/strong><\/p>\n<p data-index=\"13\">Al\u0103turarea acestor atribu\u021bii nu este \u00eent\u00e2mpl\u0103toare. \u00cen virtutea lor, procurorul se bucur\u0103 de statutul de magistrat.<\/p>\n<p data-index=\"14\">Impar\u021bialitatea, integritatea \u0219i profesionalismul procurorului \u00eel fac pe acesta responsabil de corecta \u015fi completa instrumentare a dosarelor, cu deplina respectare a drepturilor civile ale tuturor celor implica\u021bi \u00een procesul penal.<\/p>\n<p data-index=\"15\"><strong>A devenit un obicei \u00een Rom\u00e2nia s\u0103 se dezbat\u0103 intens statutul procurorului. \u00cen aceste discu\u021bii se invoc\u0103 frecvent articolul din Constitu\u021bie care stabile\u0219te c\u0103 activitatea procurorilor se desf\u0103\u0219oar\u0103 sub autoritatea ministrului justi\u021biei.<\/strong><\/p>\n<p data-index=\"16\"><strong>Vreau s\u0103 fiu foarte clar aici: sintagma din Constitu\u021bie este \u00absub autoritatea ministrului justi\u021biei\u00bb, \u0219i \u00een niciun caz \u00ab\u00een subordinea ministrului justi\u021biei\u00bb.<\/strong><\/p>\n<p data-index=\"17\"><strong>Se face \u00een mod deliberat o confuzie \u00eentre aceste dou\u0103 sensuri, tocmai pentru a se induce ideea unui control mult mai amplu asupra procurorilor dec\u00e2t cel prev\u0103zut de Legea Fundamental\u0103. Este doar o \u00eencercare de a sl\u0103bi independen\u021ba procurorilor \u0219i de a legitima supunerea lor fa\u021b\u0103 de voin\u021ba politicului, fapt inacceptabil.<\/strong><\/p>\n<p data-index=\"18\">Doamnelor \u015fi domnilor,<\/p>\n<p data-index=\"19\">Observ\u0103m \u00een unele discursuri politice \u0219i mediatice<strong> o tot mai mare grij\u0103 fa\u021b\u0103 de soarta unor inculpa\u021bi \u0219i condamna\u021bi penal, care sunt evident deranja\u021bi c\u0103 sistemul judiciar \u00ee\u0219i face treaba \u00een ceea ce \u00eei prive\u0219te, tulbur\u00e2ndu-le lini\u0219tea \u0219i afect\u00e2ndu-le bun\u0103starea.<\/strong><\/p>\n<p data-index=\"20\"><strong>Se \u00eencearc\u0103 \u00een mod fals acreditarea ideii c\u0103 procurorii sunt inamicii societ\u0103\u021bii.<\/strong><\/p>\n<p data-index=\"21\">Dimpotriv\u0103, procurorii sunt de aceea\u0219i parte a baricadei cu cei care vor aplicarea legii, iar de cealalt\u0103 parte se afl\u0103 c\u00e2\u021biva indivizi certa\u021bi cu legea, care au tot interesul s\u0103 decredibilizeze justi\u021bia.<\/p>\n<p data-index=\"22\">S\u0103 fim bine \u00een\u021bele\u0219i: <strong>Constitu\u021bia Rom\u00e2niei nu face nic\u0103ieri vorbire despre dreptul la lini\u0219te al celor care \u00eencalc\u0103 legea.<\/strong> Legea Fundamental\u0103 prevede explicit c\u0103 \u00abnimeni nu este mai presus de lege\u00bb, c\u0103 \u00abcet\u0103\u021benii sunt egali \u00een fa\u021ba legii \u0219i a autorit\u0103\u021bilor publice, f\u0103r\u0103 privilegii \u0219i f\u0103r\u0103 discrimin\u0103ri\u00bb.<\/p>\n<p data-index=\"23\">Magistra\u021bii sunt cei chema\u021bi s\u0103 se asigure c\u0103 aceste dispozi\u021bii constitu\u021bionale se aplic\u0103, astfel \u00eenc\u00e2t societatea rom\u00e2neasc\u0103 s\u0103 aib\u0103 certitudinea c\u0103 democra\u0163ia se consolideaz\u0103 \u015fi c\u0103 viitorul s\u0103u european nu este pus \u00een pericol.<\/p>\n<p data-index=\"24\">Tocmai de aceea<strong> este obligatorie existen\u021ba unui cadru normativ clar \u015fi predictibil, \u00een care orice magistrat \u00ee\u0219i desf\u0103\u0219oar\u0103 activitatea independent \u0219i eficient, f\u0103r\u0103 s\u0103 fie supus vreunei comenzi din partea unei majorit\u0103\u021bi politice conjuncturale \u0219i vremelnice.<\/strong><\/p>\n<p data-index=\"25\">\u00cen mod evident, asigurarea unui proces corect, \u00eenf\u0103ptuirea unei justi\u021bii drepte, nevoia de locuri de deten\u021bie care s\u0103 asigure condi\u021bii civilizate sunt de necontestat \u0219i \u021bin de respectarea unor drepturi umane fundamentale.<\/p>\n<p data-index=\"26\">Din p\u0103cate,<strong> acum nu se discut\u0103 despre chestiuni de fond, care pot fi \u00een mod cert \u00eembun\u0103t\u0103\u021bite, ci se \u00eencearc\u0103 intimidarea celor care aplic\u0103 legea.<\/strong><\/p>\n<p data-index=\"27\">\u00cen acest context, cu at\u00e2t mai important este ca magistra\u021bii s\u0103 nu uite niciun moment rolul esen\u021bial pe care \u00eel au nu doar \u00een \u00eenf\u0103ptuirea actului de justi\u021bie, ci \u0219i ca reper de responsabilitate \u0219i moralitate \u00een societatea rom\u00e2neasc\u0103.<\/p>\n<p data-index=\"28\">Dac\u0103 exist\u0103 erori, ele trebuie corectate cu celeritate. <strong>Dac\u0103 se fac gre\u0219eli, cei responsabili trebuie s\u0103 fie tra\u0219i la r\u0103spundere, iar acolo unde se constat\u0103 abuzuri, sanc\u021biunile trebuie aplicate urgent \u0219i cu severitate.<\/strong><\/p>\n<p data-index=\"29\">Cea mai bun\u0103 ap\u0103rare \u00eempotriva oric\u0103ror \u00eencerc\u0103ri de denigrare a unei profesii este asigurarea unui standard \u00eenalt de etic\u0103 \u0219i profesionalism \u0219i rezolvarea eficient\u0103 a acelor <strong>probleme punctuale care sunt inevitabile \u00een orice domeniu.<\/strong><\/p>\n<p data-index=\"30\">Doamnelor \u0219i domnilor,<\/p>\n<p data-index=\"31\">Orice raport de activitate ne invit\u0103 s\u0103 privim c\u0103tre viitor. Trebuie g\u0103site \u015fi implementate la nivelul Ministerului Public m\u0103suri pentru eficientizarea instrument\u0103rii cauzelor, pentru reducerea num\u0103rului de dosare \u0219i pentru echilibrarea volumului de activitate al parchetelor. Toate acestea pot contribui la consolidarea progresului f\u0103cut p\u00e2n\u0103 acum de Ministerul Public.<\/p>\n<p data-index=\"32\">De asemenea, cred c\u0103 Rom\u00e2nia are nevoie s\u0103 dezvolte politici publice \u0219i o legisla\u021bie care s\u0103 pun\u0103 mai mult accent pe m\u0103surile de prevenire a fenomenului infrac\u021bional \u0219i pe educarea cet\u0103\u021benilor, \u00een special a tinerilor, cu privire la efectele negative ale \u00eenc\u0103lc\u0103rii legii penale.<\/p>\n<p data-index=\"33\"><strong>Rom\u00e2nii nu \u00ee\u0219i doresc ca infractorii s\u0103 fac\u0103 legea \u0219i magistra\u021bii s\u0103 fie subordona\u021bi politicului. Societatea a \u00een\u021beles c\u0103 o Rom\u00e2nie modern\u0103 nu poate fi cl\u0103dit\u0103 pe nisipuri mi\u0219c\u0103toare, iar unul dintre pilonii de baz\u0103 ai democra\u021biei, m\u0103 refer, desigur, la o justi\u021bie independent\u0103, trebuie s\u0103 func\u021bioneze \u00een cel mai eficient mod cu putin\u021b\u0103.<\/strong><\/p>\n<p data-index=\"34\">Justi\u021bia este un serviciu public, iar cet\u0103\u021benii au a\u0219tept\u0103ri mari \u00een acest sens de la magistra\u021bi.<\/p>\n<p data-index=\"35\">V\u0103 doresc succes \u00een activitatea dumneavoastr\u0103 \u0219i v\u0103 asigur c\u0103 voi r\u0103m\u00e2ne un sus\u021bin\u0103tor ferm al unei justi\u021bii independente \u0219i func\u021bionale, care garanteaz\u0103 \u015fi respect\u0103 drepturile \u0219i libert\u0103\u021bile cet\u0103\u021benilor.<\/p>\n<p data-index=\"36\">V\u0103 mul\u021bumesc!\u201d<\/p>\n<\/div>\n<p> Source URL: https:\/\/www.digi24.ro\/stiri\/actualitate\/justitie\/klaus-iohannis-constitututia-romaniei-spune-ca-procurorii-sunt-sub-autoritatea-ministrului-justitiei-nu-in-subordinea-lui-890577<\/p>\n","protected":false},"excerpt":{"rendered":"<p>Pre\u0219edintele Klaus Iohannis a avut un discurs incisiv, miercuri, la \u0219edin\u021ba de prezentare a bilna\u021bului activit\u0103\u021bii Ministerului Public, trimi\u021b\u00e2nd s\u0103ge\u021bi c\u0103tre cei care \u00eencearc\u0103 s\u0103 creeze \u201edeliberat\u201d confuzie despre sistemul judiciar din Rom\u00e2nia, \u00een \u00eencercarea de a ob\u021bine un control mai amplu \u0219i de a sl\u0103bi independen\u021ba procurorilor. Foto: InquamPhotos\/Octav Ganea \u201eRom\u00e2nii nu \u00ee\u0219i doresc [&hellip;]<\/p>\n","protected":false},"author":1,"featured_media":122414,"comment_status":"open","ping_status":"","sticky":false,"template":"","format":"standard","meta":{"footnotes":""},"categories":[2],"tags":[11],"class_list":["post-122413","post","type-post","status-publish","format-standard","has-post-thumbnail","hentry","category-politics","tag-digi24"],"_links":{"self":[{"href":"https:\/\/analyse.optim.biz\/index.php?rest_route=\/wp\/v2\/posts\/122413","targetHints":{"allow":["GET"]}}],"collection":[{"href":"https:\/\/analyse.optim.biz\/index.php?rest_route=\/wp\/v2\/posts"}],"about":[{"href":"https:\/\/analyse.optim.biz\/index.php?rest_route=\/wp\/v2\/types\/post"}],"author":[{"embeddable":true,"href":"https:\/\/analyse.optim.biz\/index.php?rest_route=\/wp\/v2\/users\/1"}],"replies":[{"embeddable":true,"href":"https:\/\/analyse.optim.biz\/index.php?rest_route=%2Fwp%2Fv2%2Fcomments&post=122413"}],"version-history":[{"count":0,"href":"https:\/\/analyse.optim.biz\/index.php?rest_route=\/wp\/v2\/posts\/122413\/revisions"}],"wp:featuredmedia":[{"embeddable":true,"href":"https:\/\/analyse.optim.biz\/index.php?rest_route=\/wp\/v2\/media\/122414"}],"wp:attachment":[{"href":"https:\/\/analyse.optim.biz\/index.php?rest_route=%2Fwp%2Fv2%2Fmedia&parent=122413"}],"wp:term":[{"taxonomy":"category","embeddable":true,"href":"https:\/\/analyse.optim.biz\/index.php?rest_route=%2Fwp%2Fv2%2Fcategories&post=122413"},{"taxonomy":"post_tag","embeddable":true,"href":"https:\/\/analyse.optim.biz\/index.php?rest_route=%2Fwp%2Fv2%2Ftags&post=122413"}],"curies":[{"name":"wp","href":"https:\/\/api.w.org\/{rel}","templated":true}]}}