{"id":122410,"date":"2018-03-07T12:50:55","date_gmt":"2018-03-07T09:50:55","guid":{"rendered":"https:\/\/analyse.optim.biz\/?p=122410"},"modified":"2018-03-07T12:50:55","modified_gmt":"2018-03-07T09:50:55","slug":"senat-radarele-doar-pe-masinile-care-poarta-insemnele-politiei","status":"publish","type":"post","link":"https:\/\/analyse.optim.biz\/?p=122410","title":{"rendered":"Senat: Radarele, doar pe ma\u015finile care poart\u0103 \u00eensemnele Poli\u0163iei"},"content":{"rendered":"<div class=\"entry data-app-meta data-app-meta-article\" data-embed-base-url-canonical=\"https:\/\/www.digi24.ro\/embed\/stiri\/actualitate\/senat-radarele-doar-pe-masinile-care-poarta-insemnele-politiei-890628\">\n<p data-index=\"1\"><strong><span lang=\"ro-RO\">Senatul a adoptat miercuri, cu 92 de voturi \u201epentru\u201d voturi \u015fi unul \u201e\u00eempotriv\u0103\u201d, propunerea legisaltiv\u0103 a 16 deputa\u0163i \u015fi senatori PNL, potrivit c\u0103reia radarele rutiere s\u0103 fie instalate exclusiv pe autovehicule care prezint\u0103 \u00eenscrisurile \u015fi \u00eensemnele distinctive ale Poli\u0163iei.<\/span><\/strong><\/p>\n<figure class=\"article-thumb\"><img decoding=\"async\" src=\"https:\/\/analyse.optim.biz\/wp-content\/uploads\/2024\/09\/emm9mszoyxnoptc3mwizzmqwmwe5ztzlodu5mmrlngmxn2yyotu0ndgx-thumb_.jpg\" alt=\"masina de politie_fb politia romana\" data-skip-htmlfix=\"1\" title=\"emm9mszoyxnoptc3mwizzmqwmwe5ztzlodu5mmrlngmxn2yyotu0ndgx-thumb_\"><figcaption> Foto: Poli\u021bia Rom\u00e2n\u0103 <\/figcaption><\/figure>\n<p data-index=\"2\"><span lang=\"ro-RO\">\u201ePentru c\u0103, at\u00e2t prin cadrul normativ (Ordonan\u0163a de urgen\u0163\u0103 a Guvernului nr. 195\/2002 privind circula\u0163ia pe drumurile publice), c\u00e2t \u015fi prin atitudinea \u015fi comportamentul lucr\u0103torilor poli\u0163iei rutiere nu se acord\u0103 niciun fel de aten\u0163ie preven\u0163iei apari\u0163iei evenimentelor rutiere nedorite \u015fi din dorin\u0163a de a acorda lucr\u0103torului de poli\u0163ie demnitatea \u015fi respectul\u015f cuvenit ca reprezentant al legii, propunem urm\u0103toarele modific\u0103ri ale Ordonan\u0163ei de urgen\u0163\u0103 a Guvernului nr. 195\/2002 privind circula\u0163ia pe drumurile publice &#8211; constatarea contraven\u0163iilor \u015fi aplicare sanc\u0163iunilor s\u0103 se fac\u0103 direct de c\u0103tre poli\u0163istul rutier, respectiv poli\u0163istul de frontier\u0103, care sunt obliga\u0163i s\u0103 poarte uniforme cu \u00eenscrisuri \u015fi \u00eensemne distinctive\u201d, se arat\u0103 \u00een expunerea de motive a ini\u0163iatorilor, potrivit News.ro.<\/span><\/p>\n<p data-index=\"3\">De asemenea, potrivit aceleia\u015fi expuneri de motive, \u201edispozitivele fixe sau mobile destinate m\u0103su\u0103rii vitezei se vor instala exclusiv pe autovehicule care prezint\u0103 \u00eenscrisuri \u015fi \u00eensemnele distinctive ale poli\u0163iei rutiere. Mai mult, dispozitivele mobile (tip pistol) destinate m\u0103sur\u0103rii vitezei se vor utiliza la o distan\u0163\u0103 maxim\u0103 de 10 metri de autovehiculele care prezint\u0103 \u00eenscrisurile \u015fi \u00eensemnele distinctive ale poli\u0163iei rutiere\u201d.<\/p>\n<p data-index=\"4\">Ini\u0163iatorii spun c\u0103 modificarea OUG 195\/2002 are rolul de a preveni accidentele \u015fi de a determina un comportament responsabil al \u015foderului.<\/p>\n<p data-index=\"5\">\u201eAceste modific\u0103ri au scopul principal de a readuce Ordonan\u0163a de urgen\u0163\u0103 a Guvernului nr. 195\/2002 privind circula\u0163ia pe drumurile publice la scopul s\u0103u ini\u0163ial \u2013 preven\u0163ia accidentelor \u015fi dob\u00e2ndirea unui comportament responsabil al conduc\u0103torului auto. \u00cen forma sa acutal\u0103 \u015fi a\u015fa cum este ea interpretat\u0103 \u015fi aplicat\u0103, OUG nr. 195\/2002 este o ordonan\u0163\u0103 orientat\u0103 doar c\u0103tre aplicarea de sanc\u0163iuni \u015fi at\u00e2t. Ori, aplicarea de sanc\u0163iuni trebuie s\u0103 fie ultima modalitate \u00een modelarea comportamentului conduc\u0103torului auto. O lege poate avea obiectiv fundamental aplicarea de sanc\u0163iuni\u201d, se mai arat\u0103 \u00een expunerea de motive.<\/p>\n<p data-index=\"6\">Ini\u0163iatorii mai sus\u0163in c\u0103 amplasarea unei machete care imit\u0103 un echipaj de poli\u0163ie cu radar, amplasat\u0103 pe DN 17, \u00een Comuna Poiana Stampei, a redus num\u0103rul accidentelor rutiere grave, por\u0163iunea de drum fiind cunoscut\u0103 la nivel jude\u0163ean pentru multiple accidente soldate cu decese.<\/p>\n<p data-index=\"7\">Camera Deputa\u0163ilor este for decizional \u00een cazul acestei ini\u0163iative legislative.<\/p>\n<p data-index=\"8\">\u00a0<\/p>\n<\/div>\n<p> Source URL: https:\/\/www.digi24.ro\/stiri\/actualitate\/senat-radarele-doar-pe-masinile-care-poarta-insemnele-politiei-890628<\/p>\n","protected":false},"excerpt":{"rendered":"<p>Senatul a adoptat miercuri, cu 92 de voturi \u201epentru\u201d voturi \u015fi unul \u201e\u00eempotriv\u0103\u201d, propunerea legisaltiv\u0103 a 16 deputa\u0163i \u015fi senatori PNL, potrivit c\u0103reia radarele rutiere s\u0103 fie instalate exclusiv pe autovehicule care prezint\u0103 \u00eenscrisurile \u015fi \u00eensemnele distinctive ale Poli\u0163iei. Foto: Poli\u021bia Rom\u00e2n\u0103 \u201ePentru c\u0103, at\u00e2t prin cadrul normativ (Ordonan\u0163a de urgen\u0163\u0103 a Guvernului nr. 195\/2002 [&hellip;]<\/p>\n","protected":false},"author":1,"featured_media":122411,"comment_status":"open","ping_status":"","sticky":false,"template":"","format":"standard","meta":{"footnotes":""},"categories":[2],"tags":[11],"class_list":["post-122410","post","type-post","status-publish","format-standard","has-post-thumbnail","hentry","category-politics","tag-digi24"],"_links":{"self":[{"href":"https:\/\/analyse.optim.biz\/index.php?rest_route=\/wp\/v2\/posts\/122410","targetHints":{"allow":["GET"]}}],"collection":[{"href":"https:\/\/analyse.optim.biz\/index.php?rest_route=\/wp\/v2\/posts"}],"about":[{"href":"https:\/\/analyse.optim.biz\/index.php?rest_route=\/wp\/v2\/types\/post"}],"author":[{"embeddable":true,"href":"https:\/\/analyse.optim.biz\/index.php?rest_route=\/wp\/v2\/users\/1"}],"replies":[{"embeddable":true,"href":"https:\/\/analyse.optim.biz\/index.php?rest_route=%2Fwp%2Fv2%2Fcomments&post=122410"}],"version-history":[{"count":0,"href":"https:\/\/analyse.optim.biz\/index.php?rest_route=\/wp\/v2\/posts\/122410\/revisions"}],"wp:featuredmedia":[{"embeddable":true,"href":"https:\/\/analyse.optim.biz\/index.php?rest_route=\/wp\/v2\/media\/122411"}],"wp:attachment":[{"href":"https:\/\/analyse.optim.biz\/index.php?rest_route=%2Fwp%2Fv2%2Fmedia&parent=122410"}],"wp:term":[{"taxonomy":"category","embeddable":true,"href":"https:\/\/analyse.optim.biz\/index.php?rest_route=%2Fwp%2Fv2%2Fcategories&post=122410"},{"taxonomy":"post_tag","embeddable":true,"href":"https:\/\/analyse.optim.biz\/index.php?rest_route=%2Fwp%2Fv2%2Ftags&post=122410"}],"curies":[{"name":"wp","href":"https:\/\/api.w.org\/{rel}","templated":true}]}}