{"id":122404,"date":"2018-03-07T15:01:57","date_gmt":"2018-03-07T12:01:57","guid":{"rendered":"https:\/\/analyse.optim.biz\/?p=122404"},"modified":"2018-03-07T15:01:57","modified_gmt":"2018-03-07T12:01:57","slug":"primarul-comunei-care-a-atras-cele-mai-multe-fonduri-europene-exclus-din-psd-a-fost-noaptea-ca-hotii","status":"publish","type":"post","link":"https:\/\/analyse.optim.biz\/?p=122404","title":{"rendered":"Primarul comunei care a atras cele mai multe fonduri europene, exclus din PSD: \u201eA fost noaptea ca ho\u0163ii\u201d"},"content":{"rendered":"<div class=\"entry data-app-meta data-app-meta-article\" data-embed-base-url-canonical=\"https:\/\/www.digi24.ro\/embed\/stiri\/actualitate\/politica\/primarul-din-ciugud-comuna-care-a-atras-cele-mai-multe-fonduri-europene-exclus-din-psd-am-fost-dat-afara-noaptea-ca-hotii-890743\">\n<p data-index=\"1\"><strong>Primarul comunei <a href=\"https:\/\/www.digi24.ro\/cautare?q=ciugud\" data-skip-linkfix=\"1\">Ciugud<\/a> (jude\u0163ul Alba), Gheorghe Damian, care a atras cele mai multe fonduri europene din \u0163ar\u0103, a anun\u0163at, miercuri, c\u0103 a fost exclus din PSD, anun\u0163\u00e2nd c\u0103 va r\u0103m\u00e2ne independent. Primarul a criticat modul \u00een care a fost exclus \u201enoaptea ca ho\u0163ii\u201d, f\u0103r\u0103 s\u0103 i se dea dreptul la ap\u0103rare, scrie News.ro.<\/strong><\/p>\n<figure class=\"article-thumb\"><img decoding=\"async\" src=\"https:\/\/analyse.optim.biz\/wp-content\/uploads\/2024\/09\/mszoyxnopwy5otjloguzyjrhztbmmdrkodzkmdkwy2zkntqxn2vh-thumb_-1.jpg\" alt=\"gheorghe damian primar ciugud_fb\" data-skip-htmlfix=\"1\" title=\"mszoyxnopwy5otjloguzyjrhztbmmdrkodzkmdkwy2zkntqxn2vh-thumb_-1\"><figcaption> Foto: Facebook <\/figcaption><\/figure>\n<p data-index=\"2\">Gheorghe Damian, care p\u00e2n\u0103 la excludere era vicepre\u015fedinte al PSD Alba \u015fi unul dintre cei mai longevivi primari ai partidului din jude\u0163, a anun\u0163at, miercuri, \u00eentr-o conferin\u0163\u0103 de pres\u0103, c\u0103 excluderea sa din PSD a fost aprobat\u0103 recent de conducerea central\u0103 a partidului dup\u0103 ce o propunere \u00een acest sens a fost \u00eenaintat\u0103 \u00een urm\u0103 cu un an de c\u0103tre organiza\u0163ia jude\u0163ean\u0103 din Alba.<\/p>\n<p data-index=\"3\">El a spus c\u0103 va r\u0103m\u00e2ne independent, nu va contesta decizia, critic\u00e2nd \u00eens\u0103 faptul c\u0103 nu i s-a oferit dreptul la ap\u0103rare, iar decizia privind excluderea sa a fost luat\u0103 de conducerea PSD Alba \u201enoaptea ca ho\u0163ii\u201d.<\/p>\n<p data-index=\"4\">\u201eA venit momentul s\u0103 declar c\u0103 sunt independent dup\u0103 ce \u00een urm\u0103 cu ceva vreme, conducerea central\u0103 a PSD a luat decizia, \u00een urma contesta\u0163iei f\u0103cut\u0103 de mine, s\u0103 fiu exclus. Mai exact, \u00een 22 ianuarie 2018, Comitetul Executiv Na\u0163ional al PSD a aprobat excluderea mea \u015fi a domnului Ioan Florea, consilier jude\u0163ean, la mai bine de un an de c\u00e2nd Comitetul Executiv Jude\u0163ean al PSD, sub conducerea pre\u015fedintelui interimar, domnul Ioan D\u00eerzu, a decis \u00eentr-o sear\u0103, t\u00e2rziu, \u00eentr-o \u015fedin\u0163\u0103 \u00een care nici m\u0103car nu am fost invitat, nu mi s-a dat voie s\u0103 m\u0103 ap\u0103r, \u015ftim foarte bine c\u0103 \u015fi cel mai mare criminal are dreptul la ap\u0103rare \u00een lumea aceasta, \u015fi am fost, practic, exclus din partid \u00abnoaptea, ca ho\u0163ii\u00bb\u201d a spus Gheorghe Damian.<\/p>\n<p data-index=\"5\">Edilul a spus c\u0103 a evitat s\u0103 vorbeasc\u0103 p\u00e2n\u0103 acum pentru c\u0103 nu a dorit s\u0103 aduc\u0103 un prejudiciu de imagine Partidului Social Democrat \u015fi colegilor s\u0103i care au muncit pentru rezultatele electorale \u015fi pentru cre\u015fterea partidului \u00een jude\u0163.<\/p>\n<p data-index=\"6\">El l-a criticat pe pre\u015fedintele PSD Alba, Ioan D\u00eerzu, pentru c\u0103 nu ar fi avut \u201eb\u0103rb\u0103\u0163ia\u201d s\u0103 \u00eei spun\u0103 \u00een fa\u0163\u0103 ceea ce \u00eei repro\u015feaz\u0103 \u015fi s\u0103 \u00eei dea dreptul la ap\u0103rare.<\/p>\n<p data-index=\"7\">Potrivit acestuia, excluderea sa ar fi fost un troc f\u0103cut de Ioan D\u00eerzu \u00een schimbul sus\u0163inerii noului Guvern.<\/p>\n<p data-index=\"8\">\u201eProblemele care le aveau la centru erau mult mai mari dec\u00e2t soarta unui primar de comun\u0103 din jude\u0163ul Alba. Pe de alt\u0103 parte cred c\u0103 decizia aceasta, \u015fti\u0163i data, 22 ianuarie, \u00een momentul execut\u0103rii premierului Tudose. \u015ei a fost practic un troc \u00eentre votul de la Alba \u015fi excluderea lui Damian\u201d, a mai spus Damian.<\/p>\n<p data-index=\"9\">Gheorghe Damian este la al cincilea mandat de primar al Ciugudului, comuna din Rom\u00e2nia care a atras cele mai multe fonduri europene respectiv peste 27 de milioane de euro ceea ce ar reprezenta circa 9.000 de euro pe cap de locuitor. Damian a c\u00e2\u015ftigat ultimele alegeri cu 85% din voturi, iar PSD are majoritatea \u00een Consiliul Local Ciugud.\u00a0<\/p>\n<p data-index=\"10\">Comuna Ciugud este una dintre cele mai dezvoltate din Rom\u00e2nia av\u00e2nd drumuri asfaltate chiar \u015fi \u00eentre parcelele agricole, internet gratuit \u00een zonele publice, piste de biciclete \u015fi folose\u015fte energie eolian\u0103 \u015fi panouri solare pentru iluminatul public.<\/p>\n<p data-index=\"11\">\u00a0<\/p>\n<\/div>\n<p> Source URL: https:\/\/www.digi24.ro\/stiri\/actualitate\/politica\/primarul-din-ciugud-comuna-care-a-atras-cele-mai-multe-fonduri-europene-exclus-din-psd-am-fost-dat-afara-noaptea-ca-hotii-890743<\/p>\n","protected":false},"excerpt":{"rendered":"<p>Primarul comunei Ciugud (jude\u0163ul Alba), Gheorghe Damian, care a atras cele mai multe fonduri europene din \u0163ar\u0103, a anun\u0163at, miercuri, c\u0103 a fost exclus din PSD, anun\u0163\u00e2nd c\u0103 va r\u0103m\u00e2ne independent. Primarul a criticat modul \u00een care a fost exclus \u201enoaptea ca ho\u0163ii\u201d, f\u0103r\u0103 s\u0103 i se dea dreptul la ap\u0103rare, scrie News.ro. Foto: Facebook [&hellip;]<\/p>\n","protected":false},"author":1,"featured_media":122405,"comment_status":"open","ping_status":"","sticky":false,"template":"","format":"standard","meta":{"footnotes":""},"categories":[2],"tags":[11],"class_list":["post-122404","post","type-post","status-publish","format-standard","has-post-thumbnail","hentry","category-politics","tag-digi24"],"_links":{"self":[{"href":"https:\/\/analyse.optim.biz\/index.php?rest_route=\/wp\/v2\/posts\/122404","targetHints":{"allow":["GET"]}}],"collection":[{"href":"https:\/\/analyse.optim.biz\/index.php?rest_route=\/wp\/v2\/posts"}],"about":[{"href":"https:\/\/analyse.optim.biz\/index.php?rest_route=\/wp\/v2\/types\/post"}],"author":[{"embeddable":true,"href":"https:\/\/analyse.optim.biz\/index.php?rest_route=\/wp\/v2\/users\/1"}],"replies":[{"embeddable":true,"href":"https:\/\/analyse.optim.biz\/index.php?rest_route=%2Fwp%2Fv2%2Fcomments&post=122404"}],"version-history":[{"count":0,"href":"https:\/\/analyse.optim.biz\/index.php?rest_route=\/wp\/v2\/posts\/122404\/revisions"}],"wp:featuredmedia":[{"embeddable":true,"href":"https:\/\/analyse.optim.biz\/index.php?rest_route=\/wp\/v2\/media\/122405"}],"wp:attachment":[{"href":"https:\/\/analyse.optim.biz\/index.php?rest_route=%2Fwp%2Fv2%2Fmedia&parent=122404"}],"wp:term":[{"taxonomy":"category","embeddable":true,"href":"https:\/\/analyse.optim.biz\/index.php?rest_route=%2Fwp%2Fv2%2Fcategories&post=122404"},{"taxonomy":"post_tag","embeddable":true,"href":"https:\/\/analyse.optim.biz\/index.php?rest_route=%2Fwp%2Fv2%2Ftags&post=122404"}],"curies":[{"name":"wp","href":"https:\/\/api.w.org\/{rel}","templated":true}]}}