{"id":122401,"date":"2018-03-07T15:24:14","date_gmt":"2018-03-07T12:24:14","guid":{"rendered":"https:\/\/analyse.optim.biz\/?p=122401"},"modified":"2018-03-07T15:24:14","modified_gmt":"2018-03-07T12:24:14","slug":"traian-basescu-catre-comisia-sri-salvati-l-pe-daddy","status":"publish","type":"post","link":"https:\/\/analyse.optim.biz\/?p=122401","title":{"rendered":"Traian B\u0103sescu, c\u0103tre Comisia SRI: \u201eSalva\u021bi-l pe Daddy!\u201d"},"content":{"rendered":"<div class=\"entry data-app-meta data-app-meta-article\" data-embed-base-url-canonical=\"https:\/\/www.digi24.ro\/embed\/stiri\/actualitate\/politica\/traian-basescu-catre-comisia-sri-salvati-l-pe-daddy-890754\">\n<p data-index=\"1\"><strong><span lang=\"ro-RO\">Traian B\u0103sescu nu mai vrea s\u0103 vin\u0103 la Comisia de control asupra activit\u0103\u0163ii SRI \u00eenaintea lui Liviu Dragnea. \u00centr-un mesaj cu titlul \u201eSalva\u0163i-l pe Daddy\u201d, fostul pre\u015fedinte scrie c\u0103 decizia sa a venit dup\u0103 ce Comisia a refuzat propunerea USR ca liderul PSD s\u0103 fie invitat pe 20 martie la Comisie. Traian B\u0103sescu le aminte\u015fte membrilor Comisiei c\u0103 Liviu Dragnea a cerut de mai multe ori s\u0103 vin\u0103 s\u0103 vorbeasc\u0103 despre lucrurile pe care le \u015ftie despre SRI \u015fi \u201estatul paralel\u201d. Fostul \u015fef al statului a fost invitat la Comisia care controleaz\u0103 activitatea SRI dup\u0103 ce va fi audiat \u015fi fostul prim adjunct al directorului serviciului, Florian Coldea.<\/span><\/strong><\/p>\n<figure class=\"article-thumb\"><img decoding=\"async\" src=\"https:\/\/analyse.optim.biz\/wp-content\/uploads\/2024\/09\/mdamemm9mszoyxnopwvhmmqynge2ytu3zdazztg1yjgzyjhlodkwotc0ngm5-thumb_-3.jpg\" alt=\"traian basescu\" data-skip-htmlfix=\"1\" title=\"mdamemm9mszoyxnopwvhmmqynge2ytu3zdazztg1yjgzyjhlodkwotc0ngm5-thumb_-3\"><figcaption> Foto: Inquam Photos \/ Octav Ganea <\/figcaption><\/figure>\n<p data-index=\"2\">Traian B\u0103sescu men\u0163ioneaz\u0103 pe Facebook c\u0103, \u00een mod repetat, Liviu Dragnea a cerut public s\u0103 fie audiat la Comisia SRI, afirm\u00e2nd c\u0103 vrea s\u0103 spun\u0103 adev\u0103rul despre rela\u0163ia sa cu \u201estatul paralel\u201d, despre \u201e\u00eent\u00e2lnirile bis\u0103pt\u0103m\u00e2nale la tenis de la baza lui Pescariu \u015fi vila T 14, despre chefurile de la vila K2, despre t\u0103iatul porcului de Cr\u0103ciun la vila T 14, despre m\u00e2ng\u00e2iatul ghipsului lui Kovesi, despre vinul ro\u015fu preferat de Coldea \u015fi mai ales s\u0103 vorbeasc\u0103 despre modul \u00een care se f\u0103ceau \u015fi se prioritizau dosarele baronilor PSD \u015fi nu numai\u201d, noteaz\u0103 News.ro.<\/p>\n<p data-index=\"3\">\u201eDe\u015fi Dragnea se perpele\u015fte, \u015fi nu poate dormi de grija celor ce are de m\u0103rturisit\/denun\u0163at, majoritatea PSD &#8211; ALDE din comisia SRI, prin vot, a respins solicitarea lui Dragnea de a fi audiat.\u00a0\u015ei dac\u0103 ce poate m\u0103rturisi Dragnea despre \u00eent\u00e2lnirile, chefurile \u015fi meciurile de tenis de la vilele SRI, la care a participat al\u0103turi de Maior, Ponta, Coldea, D\u00eencu, Kove\u015fi, Georgescu, Ghi\u0163\u0103 \u015fi al\u0163i \u00eenal\u0163i reprezentan\u0163i din magistratur\u0103 \u015fi servicii secrete, nu prezint\u0103 interes pentru onorabila majoritate din comisia SRI, de ce a\u015f crede c\u0103 prezen\u0163a mea la comisie ar fi necesar\u0103 sau util\u0103?\u00a0A\u015fa c\u0103, dragi parlamentari din comisia SRI, c\u0103uta\u0163i-m\u0103 dup\u0103 ce \u00eel audia\u0163i pe Dragnea. Nu vede\u0163i c\u0103 bietul Daddy \u00ee\u015fi rupe hainele de pe el pentru c\u0103 a\u0163i refuzat s\u0103-i primi\u0163i spovedania?\u00a0Salva\u0163i-l pe Daddy!\u201d, mai scrie fostul \u015fef al statului.<\/p>\n<p data-index=\"4\">USR a cerut mar\u0163i, \u00een cadrul Comisiei de control al activit\u0103\u0163ii SRI, ca pre\u015fedintele PSD, Liviu Dragnea, s\u0103 fie audiat \u00een 20 martie, dar cererea a fost respins\u0103, dup\u0103 ce reprezentan\u0163ii PSD-ALDE \u00een comisie au votat \u00eempotriv\u0103.<\/p>\n<\/div>\n<p> Source URL: https:\/\/www.digi24.ro\/stiri\/actualitate\/politica\/traian-basescu-catre-comisia-sri-salvati-l-pe-daddy-890754<\/p>\n","protected":false},"excerpt":{"rendered":"<p>Traian B\u0103sescu nu mai vrea s\u0103 vin\u0103 la Comisia de control asupra activit\u0103\u0163ii SRI \u00eenaintea lui Liviu Dragnea. \u00centr-un mesaj cu titlul \u201eSalva\u0163i-l pe Daddy\u201d, fostul pre\u015fedinte scrie c\u0103 decizia sa a venit dup\u0103 ce Comisia a refuzat propunerea USR ca liderul PSD s\u0103 fie invitat pe 20 martie la Comisie. Traian B\u0103sescu le aminte\u015fte [&hellip;]<\/p>\n","protected":false},"author":1,"featured_media":122402,"comment_status":"open","ping_status":"","sticky":false,"template":"","format":"standard","meta":{"footnotes":""},"categories":[2],"tags":[11],"class_list":["post-122401","post","type-post","status-publish","format-standard","has-post-thumbnail","hentry","category-politics","tag-digi24"],"_links":{"self":[{"href":"https:\/\/analyse.optim.biz\/index.php?rest_route=\/wp\/v2\/posts\/122401","targetHints":{"allow":["GET"]}}],"collection":[{"href":"https:\/\/analyse.optim.biz\/index.php?rest_route=\/wp\/v2\/posts"}],"about":[{"href":"https:\/\/analyse.optim.biz\/index.php?rest_route=\/wp\/v2\/types\/post"}],"author":[{"embeddable":true,"href":"https:\/\/analyse.optim.biz\/index.php?rest_route=\/wp\/v2\/users\/1"}],"replies":[{"embeddable":true,"href":"https:\/\/analyse.optim.biz\/index.php?rest_route=%2Fwp%2Fv2%2Fcomments&post=122401"}],"version-history":[{"count":0,"href":"https:\/\/analyse.optim.biz\/index.php?rest_route=\/wp\/v2\/posts\/122401\/revisions"}],"wp:featuredmedia":[{"embeddable":true,"href":"https:\/\/analyse.optim.biz\/index.php?rest_route=\/wp\/v2\/media\/122402"}],"wp:attachment":[{"href":"https:\/\/analyse.optim.biz\/index.php?rest_route=%2Fwp%2Fv2%2Fmedia&parent=122401"}],"wp:term":[{"taxonomy":"category","embeddable":true,"href":"https:\/\/analyse.optim.biz\/index.php?rest_route=%2Fwp%2Fv2%2Fcategories&post=122401"},{"taxonomy":"post_tag","embeddable":true,"href":"https:\/\/analyse.optim.biz\/index.php?rest_route=%2Fwp%2Fv2%2Ftags&post=122401"}],"curies":[{"name":"wp","href":"https:\/\/api.w.org\/{rel}","templated":true}]}}