{"id":122390,"date":"2018-03-07T15:35:48","date_gmt":"2018-03-07T12:35:48","guid":{"rendered":"https:\/\/analyse.optim.biz\/?p=122390"},"modified":"2018-03-07T15:35:48","modified_gmt":"2018-03-07T12:35:48","slug":"catalin-radulescu-critici-dure-la-adresa-psd-nu-pot-sa-accept-o-hotarare-a-unui-cex-care-imi-aminteste-de-anii-50-de-pe-vremea-epurarilor-comuniste","status":"publish","type":"post","link":"https:\/\/analyse.optim.biz\/?p=122390","title":{"rendered":"C\u0103t\u0103lin R\u0103dulescu, critici dure la adresa PSD: Nu pot s\u0103 accept o hot\u0103r\u00e2re a unui CEX care \u00eemi aminte\u0219te de anii &#8217;50, de pe vremea epur\u0103rilor comuniste"},"content":{"rendered":"<div class=\"entry data-app-meta data-app-meta-article\" data-embed-base-url-canonical=\"https:\/\/www.digi24.ro\/embed\/stiri\/actualitate\/politica\/catalin-radulescu-critici-dure-la-adresa-psd-nu-pot-sa-accept-o-hotarare-a-unui-cex-care-imi-aminteste-de-anii-50-de-pe-vremea-epurarilor-comuniste-890770\">\n<p data-index=\"1\"><strong>Deputatul PSD C\u0103t\u0103lin R\u0103dulescu critic\u0103 dur partidul din care face parte, dup\u0103 ce nu i s-a permis s\u0103 \u00ee\u0219i depun\u0103 candidatura pentru func\u021bia de vicepre\u0219edinte al PSD. Partidul va avea un num\u0103r de 16 vicepre\u0219edin\u021bi: 8 femei \u0219i 8 b\u0103rba\u021bi, iar negocierile \u00eenc\u0103 se poart\u0103, \u0219i nu sunt u\u0219oare, dup\u0103 cum <a href=\"https:\/\/www.digi24.ro\/stiri\/actualitate\/politica\/informatii-digi24-au-aparut-primele-nume-de-vicepresedinti-psd-889916\" data-skip-linkfix=\"1\">Digi24 a scris aici<\/a>.<\/strong><\/p>\n<p data-index=\"2\">Deputatul PSD C\u0103t\u0103lin R\u0103dulescu este sup\u0103rat pe conducerea PSD. El a contestat decizia Comitetului Executiv, care a stabilit criteriile de alegere a vicepre\u015fedin\u0163ilor, la Congresul din 10 martie. Fiecare regiune va sus\u0163ine dou\u0103 persoane \u00een aceste posturi, iar C\u0103t\u0103lin R\u0103dulescu este de p\u0103rere c\u0103 se limiteaz\u0103 accesul tuturor membrilor la candidatur\u0103.<\/p>\n<p data-index=\"3\">\u201eAm contestat hot\u0103r\u00e2rea Comitetului Executiv, care este \u0219i nestatutar\u0103, \u0219i neconstitu\u021bional\u0103, prin care s-a restric\u021bionat \u0219i ne-a fost interzis\u0103 candidatura. M\u0103car acum 4 ani a fost alt sistem, au fost ni\u0219te liste.<\/p>\n<p data-index=\"4\">CEX, nu \u0219tiu la \u00eendemnul cui, a luat o hot\u0103r\u00e2re care nu e constitu\u021bional\u0103, prin care s-a hot\u0103r\u00e2t ca din fiecare jude\u021b s\u0103 candideze o persoan\u0103, un b\u0103rbat sau o femeie, \u0219i din regiune s\u0103 fie ales un barbat sau o femeie, nu am auzit s\u0103 se poat\u0103 interzice un drept de a candida.<\/p>\n<p data-index=\"5\">Mi se pare mizerabil. Probabil nici B\u0103nicioiu, nici Cati, nici \u0218erban Nicolae, nici Teodorovici&#8230;sunt curios care sunt membrii importan\u021bi care sunt recunoscu\u021bi de partidul nostru ca oameni care se bat pentru partid, care vor candida. E o fars\u0103. Aceste alegeri reprezint\u0103 o fars\u0103, sunt de fapt ni\u0219te numiri \u0219i nu sunt alegeri. \u00cen 27 de ani nu a fost o fars\u0103 mai mare ca asta, la partid se depune contesta\u021bia, conform statutului pe care \u00eel recomand unora s\u0103-l mai citeasc\u0103.<\/p>\n<p data-index=\"6\">S\u0103 interzici dreptul de a candida mi se pare grav, l-am sus\u021binut \u0219i \u00eel sus\u021bin pe pre\u0219edintele Dragnea, dar nu pot s\u0103 accept o hot\u0103r\u00e2re a unui CEX care e \u0219i \u00eemi aminte\u0219te de anii &#8217;50, de pe vremea epur\u0103rilor comuniste\u201d, a declarat C\u0103t\u0103lin R\u0103dulescu.\u00a0<\/p>\n<p data-index=\"7\"><em>&#8211; Cine nu v\u0103 dore\u0219te?<\/em><\/p>\n<p data-index=\"8\">Suntem mul\u021bi care am vrea s\u0103 candid\u0103m, problema e c\u0103 nu putem candida. Eu am depus, fiecare face ce dore\u0219te.<\/p>\n<p data-index=\"9\"><em>&#8211; Unde e blocajul?<\/em><\/p>\n<p data-index=\"10\">Domnul pre\u0219edinte s\u0103 spun\u0103 pre\u0219edin\u021bilor de jude\u021be c\u0103 nu au \u00een\u021beles d\u00e2n\u0219ii bine. La Arge\u0219, pre\u0219edintele meu de partid a spus c\u0103 s-a propus pe d\u00e2nsul \u0219i c\u0103 nu se mai permite s\u0103 se depun\u0103 o a doua candidatur\u0103, ceea ce mie mi se pare imoral, ilegal, neconstitu\u021bional.<\/p>\n<p data-index=\"11\">Dac\u0103 \u00eentr-o regiune sunt \u0219ase jude\u021be, fiecare jude\u021b poate propune dou\u0103 persoane. O s\u0103 ave\u021bi o surpriz\u0103 c\u00e2nd o s\u0103 vede\u021bi c\u0103 pe o regiune sunt dou\u0103. Nu mai trebuie alegeri, s-a discutat s\u0103 se mearg\u0103 pe o variant\u0103 de la un jude\u021b.<\/p>\n<p data-index=\"12\">\u0218i eu mi-a\u0219 fi dorit ca partidul s\u0103 devin\u0103 mai modern, mai democratic dec\u00e2t e, ca fiecare om s\u0103 aib\u0103 o \u0219ans\u0103 s\u0103 poat\u0103 candida. Cineva a spus c\u0103 sunt persoane care fac tam-tam pentru o func\u021bie&#8230;toate func\u021biile sunt importante \u0219i dac\u0103 un om \u00een partid poate sau \u00ee\u0219i dore\u0219te s\u0103 candideze, eu cred c\u0103 dac\u0103 se l\u0103sau libere aceste alegeri \u0219i ie\u0219ea cine ie\u0219ea, nimeni nu era sup\u0103rat.<\/p>\n<p data-index=\"13\"><em>&#8211; I-a\u021bi transmis nemul\u021bumirile domnului Dragnea?<\/em><\/p>\n<p data-index=\"14\">Nu fac parte din CEX, nu mai vreau s\u0103 transmit nim\u0103nui personal.<\/p>\n<p data-index=\"15\"><em>&#8211; Nu v\u0103 e team\u0103 s\u0103 fi\u021bi exclus?<\/em><\/p>\n<p data-index=\"16\">Exclus de ce? Eu critic conform statutului prin contesta\u021bie, eu mi-am f\u0103cut dreptul statutar de a contesta \u0219i am depus o contesta\u021bie conform statutului, vi se pare c\u0103 am adus injurii sau am denigrat pe cinva din partid? Eu contest hot\u0103r\u00e2rea f\u0103cuta de 40 de oameni din CEX, poate domnul pre\u0219edinte nu e de acord. E nestatutar \u0219i imoral ca s\u0103 \u00eempiedici pe cineva s\u0103 candideze. Voturile trebuiau l\u0103sate libere.<\/p>\n<p data-index=\"17\">\u00cen mod normal, a\u0219a cum se face \u00een toat\u0103 lumea c\u00e2nd \u00ee\u021bi depui candidatura, te duci \u0219i \u00ee\u021bi faci lobby, discu\u021bi cu membrii, cu primarii, pre\u0219edintele de organiza\u021bie ca s\u0103 te sus\u021bin\u0103 sau nu, cum s\u0103 facem dac\u0103 noi nu ne putem \u00eenscrie? A venit \u0219i a spus c\u0103 trebuie o singur\u0103 propunere \u0219i oamenii au zis dac\u0103 sunte\u021bi pre\u0219edinte, v\u0103 propunem pe dumneavoastr\u0103.<\/p>\n<p data-index=\"18\"><em>&#8211; De ce e convocat acest congres?<\/em><\/p>\n<p data-index=\"19\">Nu stim, cred c\u0103 99% nu \u0219tim pentru ce e convocat.<\/p>\n<p data-index=\"20\"><em>&#8211; Sesizarea va fi discutat\u0103 la congres?<\/em><\/p>\n<p data-index=\"21\">Nu \u0219tiu dac\u0103 va fi discutat\u0103&#8230; m-am \u00eenscris \u0219i la cuv\u00e2nt \u0219i sper s\u0103 ne lase s\u0103 putem vorbi \u0219i o s\u0103 auzi\u021bi lucruri interesante. Nu e normal s\u0103 schimbi un statut cu ni\u0219te reguli neconstitu\u021bionale, partidul nostru trebuie s\u0103 fie democratic.<\/p>\n<p data-index=\"22\"><em>&#8211; E bun Dragnea de pre\u0219edinte?<\/em><\/p>\n<p data-index=\"23\">Da, e bun, dar \u0219i noi suntem buni de vicepresedin\u021bi. Au girat \u0219i al\u021bi colegi care m\u0103 mir c\u0103 au girat, iata c\u0103 oamenii se mai schimb\u0103.<\/p>\n<p data-index=\"24\">\u00a0<\/p>\n<p data-index=\"25\">\u00a0<\/p>\n<p data-index=\"26\">\u00a0<\/p>\n<\/div>\n<p> Source URL: https:\/\/www.digi24.ro\/stiri\/actualitate\/politica\/catalin-radulescu-critici-dure-la-adresa-psd-nu-pot-sa-accept-o-hotarare-a-unui-cex-care-imi-aminteste-de-anii-50-de-pe-vremea-epurarilor-comuniste-890770<\/p>\n","protected":false},"excerpt":{"rendered":"<p>Deputatul PSD C\u0103t\u0103lin R\u0103dulescu critic\u0103 dur partidul din care face parte, dup\u0103 ce nu i s-a permis s\u0103 \u00ee\u0219i depun\u0103 candidatura pentru func\u021bia de vicepre\u0219edinte al PSD. Partidul va avea un num\u0103r de 16 vicepre\u0219edin\u021bi: 8 femei \u0219i 8 b\u0103rba\u021bi, iar negocierile \u00eenc\u0103 se poart\u0103, \u0219i nu sunt u\u0219oare, dup\u0103 cum Digi24 a scris aici. [&hellip;]<\/p>\n","protected":false},"author":1,"featured_media":122391,"comment_status":"open","ping_status":"","sticky":false,"template":"","format":"standard","meta":{"footnotes":""},"categories":[2],"tags":[11],"class_list":["post-122390","post","type-post","status-publish","format-standard","has-post-thumbnail","hentry","category-politics","tag-digi24"],"_links":{"self":[{"href":"https:\/\/analyse.optim.biz\/index.php?rest_route=\/wp\/v2\/posts\/122390","targetHints":{"allow":["GET"]}}],"collection":[{"href":"https:\/\/analyse.optim.biz\/index.php?rest_route=\/wp\/v2\/posts"}],"about":[{"href":"https:\/\/analyse.optim.biz\/index.php?rest_route=\/wp\/v2\/types\/post"}],"author":[{"embeddable":true,"href":"https:\/\/analyse.optim.biz\/index.php?rest_route=\/wp\/v2\/users\/1"}],"replies":[{"embeddable":true,"href":"https:\/\/analyse.optim.biz\/index.php?rest_route=%2Fwp%2Fv2%2Fcomments&post=122390"}],"version-history":[{"count":0,"href":"https:\/\/analyse.optim.biz\/index.php?rest_route=\/wp\/v2\/posts\/122390\/revisions"}],"wp:featuredmedia":[{"embeddable":true,"href":"https:\/\/analyse.optim.biz\/index.php?rest_route=\/wp\/v2\/media\/122391"}],"wp:attachment":[{"href":"https:\/\/analyse.optim.biz\/index.php?rest_route=%2Fwp%2Fv2%2Fmedia&parent=122390"}],"wp:term":[{"taxonomy":"category","embeddable":true,"href":"https:\/\/analyse.optim.biz\/index.php?rest_route=%2Fwp%2Fv2%2Fcategories&post=122390"},{"taxonomy":"post_tag","embeddable":true,"href":"https:\/\/analyse.optim.biz\/index.php?rest_route=%2Fwp%2Fv2%2Ftags&post=122390"}],"curies":[{"name":"wp","href":"https:\/\/api.w.org\/{rel}","templated":true}]}}