{"id":122370,"date":"2018-03-07T20:56:06","date_gmt":"2018-03-07T17:56:06","guid":{"rendered":"https:\/\/analyse.optim.biz\/?p=122370"},"modified":"2018-03-07T20:56:06","modified_gmt":"2018-03-07T17:56:06","slug":"psd-bucuresti-o-sustine-pentru-viorica-dancila-pentru-functia-de-presedinte-executiv","status":"publish","type":"post","link":"https:\/\/analyse.optim.biz\/?p=122370","title":{"rendered":"PSD Bucure\u015fti o sus\u0163ine pentru Viorica D\u0103ncil\u0103 pentru func\u021bia de pre\u015fedinte executiv"},"content":{"rendered":"<div class=\"entry data-app-meta data-app-meta-article\" data-embed-base-url-canonical=\"https:\/\/www.digi24.ro\/embed\/stiri\/actualitate\/politica\/psd-bucuresti-o-sustine-pentru-viorica-dancila-pentru-functia-de-presedinte-executiv-890968\">\n<p data-index=\"1\"><strong><span lang=\"ro-RO\">Organiza\u0163ia regional\u0103 PSD Bucure\u015fti &#8211; Ilfov a decis miercuri s\u0103 \u00eei sus\u0163in\u0103 pe Viorica D\u0103ncil\u0103 &#8211; pre\u015fedinte executiv, Marian Neac\u015fu &#8211; secretar general, Gabriela Firea \u015fi Robert Negoi\u0163\u0103 &#8211; vicepre\u015fedin\u0163i, la Congresul extraordinar al partidului, de s\u00e2mb\u0103t\u0103. De asemenea, delega\u0163ii la Congres au primit mandat pentru sus\u0163inerea lui Liviu Dragnea ca pre\u015fedinte al partidului \u015fi a continu\u0103rii programului de guvernare. Gabriela Firea, pre\u015fedinte PSD Ilfov \u015fi pre\u015fedinte interimar al PSD Bucure\u015fti, spune c\u0103 Viorica D\u0103ncil\u0103 \u201eare calit\u0103\u0163i reale de lider: este diplomat\u0103, empatic\u0103, \u015ftie s\u0103 organizeze echipe de lucru \u015fi s\u0103 aduc\u0103 eficien\u0163\u0103 \u015fi rigoare, at\u00e2t \u00een decizia politic\u0103, precum \u015fi \u00een cea guvernamental\u0103\u201d.<\/span><\/strong><\/p>\n<figure class=\"article-thumb\"><img decoding=\"async\" src=\"https:\/\/analyse.optim.biz\/wp-content\/uploads\/2024\/09\/odawjnpjptemagfzad04nmqxowm3nzvjmzvjzdllmdjmyzmzy2iwzji2y2u0zg-thumb_-1.jpg\" alt=\"180126_VIORICA_DANCILA_DECLARATIE_011_INQUAM_Photos_Octav_Ganea\" data-skip-htmlfix=\"1\" title=\"odawjnpjptemagfzad04nmqxowm3nzvjmzvjzdllmdjmyzmzy2iwzji2y2u0zg-thumb_-1\"><figcaption> Foto: InquamPhotos\/Octav Ganea <\/figcaption><\/figure>\n<p data-index=\"2\">\u201e<span lang=\"ro-RO\">Regiunea Bucure\u015fti-Ilfov a votat pentru: Mandat de sus\u0163inere \u015fi \u00eencredere pentru pre\u015fedintele Partidului Social Democrat, Liviu Dragnea. Biroul Permanent al organiza\u0163iei regionale PSD Bucuresti-Ilfov \u00ee\u015fi exprim\u0103 convingerea c\u0103 numai prin men\u0163inerea unit\u0103\u0163ii, continuit\u0103\u0163ii, echilibrului \u015fi coeren\u0163ei \u00een deciziile \u015fi ac\u0163iunile sale politice, PSD va reu\u015fi s\u0103-\u015fi \u00eendeplineasc\u0103 obiectivul major: asigurarea climatului politic pentru \u00eendeplinirea integral\u0103 a Programului de guvernare. Sus\u0163inerea continu\u0103rii Programului de guvernare al PSD, pentru a duce p\u00e2n\u0103 la capat m\u0103surile cu care PSD a c\u00e2\u015ftigat, cu o larg\u0103 majoritate, \u00eencrederea rom\u00e2nilor \u015fi scrutinul electoral din 2016\u201d, anun\u0163\u0103 organiza\u0163ia, potrivit News.ro.<\/span><\/p>\n<p data-index=\"3\"><span lang=\"ro-RO\">De asemenea, au fost votate \u201esus\u0163inerea doamnei prim-ministru Viorica D\u0103ncil\u0103 pentru func\u0163ia de pre\u015fedinte executiv al PSD&#8221;, \u201esus\u0163inerea domnului Marian Neac\u015fu, secretar general al PSD, pentru aceea\u015fi functie, de secretar general&#8221; \u015fi \u201esus\u0163inerea candidaturilor doamnei Gabriela Firea \u015fi a domnului Robert Negoi\u0163\u0103 pentru func\u0163iile de vicepre\u015fedin\u0163i regionali Bucure\u015fti-Ilfov ai PSD&#8221;.<\/span><\/p>\n<p data-index=\"4\">\u201e<span lang=\"ro-RO\">Principala preocupare a Partidului Social Democrat trebuie s\u0103 o reprezinte rom\u00e2nii \u015fi rezolvarea problemelor lor. Cet\u0103\u0163enii acestei \u0163\u0103ri sunt cei care merit\u0103 \u00eentregul nostru efort, al politicienilor social democra\u0163i. Sus\u0163in f\u0103r\u0103 rezerve continuarea m\u0103surilor de reform\u0103 \u00eenscrise \u00een Programul de guvernare, pentru c\u0103 doar a\u015fa putem demonstra c\u0103 alegerile au fost c\u00e2\u015ftigate cu un program complet \u015fi coerent, care a fost pus \u00een practic\u0103 \u015fi care astfel a adus bun\u0103starea rom\u00e2nilor pe termen lung. Personal, o sus\u0163in pe doamna prim-ministru Viorica D\u0103ncil\u0103 pentru func\u0163ia de pre\u015fedinte executiv, pentru a da coeren\u0163\u0103 \u015fi stabilitate actului de guvernare \u015fi pentru o colaborare eficient\u0103 \u00eentre Guvern \u015fi partid. Doamna D\u0103ncil\u0103 are calit\u0103\u0163i reale de lider: este diplomat\u0103, empatic\u0103, \u015ftie s\u0103 organizeze echipe de lucru \u015fi s\u0103 aduc\u0103 eficien\u0163\u0103 \u015fi rigoare, at\u00e2t \u00een decizia politic\u0103, precum \u015fi \u00een cea guvernamental\u0103&#8221;, a spus vicepre\u015fedintele PSD Gabriela Firea, pre\u015fedintele Organiza\u0163iei PSD Ilfov \u015fi pre\u015fedintele interimar PSD Bucure\u015fti.<\/span><\/p>\n<\/div>\n<p> Source URL: https:\/\/www.digi24.ro\/stiri\/actualitate\/politica\/psd-bucuresti-o-sustine-pentru-viorica-dancila-pentru-functia-de-presedinte-executiv-890968<\/p>\n","protected":false},"excerpt":{"rendered":"<p>Organiza\u0163ia regional\u0103 PSD Bucure\u015fti &#8211; Ilfov a decis miercuri s\u0103 \u00eei sus\u0163in\u0103 pe Viorica D\u0103ncil\u0103 &#8211; pre\u015fedinte executiv, Marian Neac\u015fu &#8211; secretar general, Gabriela Firea \u015fi Robert Negoi\u0163\u0103 &#8211; vicepre\u015fedin\u0163i, la Congresul extraordinar al partidului, de s\u00e2mb\u0103t\u0103. De asemenea, delega\u0163ii la Congres au primit mandat pentru sus\u0163inerea lui Liviu Dragnea ca pre\u015fedinte al partidului \u015fi [&hellip;]<\/p>\n","protected":false},"author":1,"featured_media":122371,"comment_status":"open","ping_status":"","sticky":false,"template":"","format":"standard","meta":{"footnotes":""},"categories":[2],"tags":[11],"class_list":["post-122370","post","type-post","status-publish","format-standard","has-post-thumbnail","hentry","category-politics","tag-digi24"],"_links":{"self":[{"href":"https:\/\/analyse.optim.biz\/index.php?rest_route=\/wp\/v2\/posts\/122370","targetHints":{"allow":["GET"]}}],"collection":[{"href":"https:\/\/analyse.optim.biz\/index.php?rest_route=\/wp\/v2\/posts"}],"about":[{"href":"https:\/\/analyse.optim.biz\/index.php?rest_route=\/wp\/v2\/types\/post"}],"author":[{"embeddable":true,"href":"https:\/\/analyse.optim.biz\/index.php?rest_route=\/wp\/v2\/users\/1"}],"replies":[{"embeddable":true,"href":"https:\/\/analyse.optim.biz\/index.php?rest_route=%2Fwp%2Fv2%2Fcomments&post=122370"}],"version-history":[{"count":0,"href":"https:\/\/analyse.optim.biz\/index.php?rest_route=\/wp\/v2\/posts\/122370\/revisions"}],"wp:featuredmedia":[{"embeddable":true,"href":"https:\/\/analyse.optim.biz\/index.php?rest_route=\/wp\/v2\/media\/122371"}],"wp:attachment":[{"href":"https:\/\/analyse.optim.biz\/index.php?rest_route=%2Fwp%2Fv2%2Fmedia&parent=122370"}],"wp:term":[{"taxonomy":"category","embeddable":true,"href":"https:\/\/analyse.optim.biz\/index.php?rest_route=%2Fwp%2Fv2%2Fcategories&post=122370"},{"taxonomy":"post_tag","embeddable":true,"href":"https:\/\/analyse.optim.biz\/index.php?rest_route=%2Fwp%2Fv2%2Ftags&post=122370"}],"curies":[{"name":"wp","href":"https:\/\/api.w.org\/{rel}","templated":true}]}}