{"id":1222960,"date":"2014-07-16T09:07:57","date_gmt":"2014-07-16T06:07:57","guid":{"rendered":"https:\/\/analyse.optim.biz\/?p=1222960"},"modified":"2014-07-16T09:07:57","modified_gmt":"2014-07-16T06:07:57","slug":"accidentata-de-o-bicicleta-avariata-suceavalive","status":"publish","type":"post","link":"https:\/\/analyse.optim.biz\/?p=1222960","title":{"rendered":"Accidentat\u0103 de o biciclet\u0103 avariat\u0103 &#8211; SuceavaLIVE"},"content":{"rendered":"<article id=\"post-41946\" class=\"clearfix post-41946 post type-post status-publish format-standard has-post-thumbnail hentry category-comunicate tag-accidentata tag-bicicleta tag-diagnostic tag-fractura tag-politisti tag-roata tag-spital tag-suceava tag-suceavalive tag-trecere-de-pietoni\">\n<header id=\"cb-standard-featured\">\n<div id=\"cb-fis-wrap\" class=\"cb-entry-header cb-fis cb-style-standard\"><span class=\"cb-title-fi\"><\/p>\n<h1 class=\"entry-title cb-entry-title cb-single-title\">Accidentat\u0103 de o biciclet\u0103 avariat\u0103<\/h1>\n<div class=\"cb-byline cb-font-header\">\n<div class=\"cb-date cb-byline-element\"><time datetime=\"2014-07-16\">16 iulie 2014<\/time><\/div>\n<\/div>\n<p><\/span><\/div>\n<div class=\"cb-mask\"><img decoding=\"async\" width=\"300\" height=\"168\" src=\"https:\/\/analyse.optim.biz\/wp-content\/uploads\/2025\/12\/bicicleta-trecere-pietoni-1.png\" class=\"attachment-cb-full-full size-cb-full-full wp-post-image\" loading=\"lazy\" title=\"bicicleta-trecere-pietoni-1\"><\/div>\n<\/header>\n<p>Mar\u0163i, 15 iulie, la ora 08.00, Poli\u021bia ora\u0219ului Siret a fost sesizat\u0103 de o femeie de 63 ani, din localitate, despre faptul c\u0103 a fost implicat\u0103 \u00eentr-un accident rutier pe strada Margareta Mu\u0219ata din localitate, \u00een data de 14 iulie.<\/p>\n<section class=\"cb-entry-content entry-content clearfix\">\n<p>Din cercet\u0103ri, poli\u021bi\u0219tii au stabilit faptul c\u0103 la 14 iulie, \u00een jurul orei 10.00, un b\u0103rbat de 68 ani, din ora\u0219ul Siret, \u00een timp ce conducea bicicleta pe strada Margareta Mu\u0219ata din localitate, \u00een apropierea marcajului de trecere pentru pietoni, i-a s\u0103rit lan\u021bul de la biciclet\u0103, moment \u00een care nu a mai putut fr\u00e2na \u0219i a lovit-o cu roata din fa\u0163\u0103 pe reclamant\u0103, care se angajase \u00een traversarea str\u0103zii pe marcajul pentru pietoni, aceasta c\u0103z\u00e2nd pe partea carosabil\u0103.<\/p>\n<p>Ca urmare a accidentului, femeia s-a prezentat la Spitalul ora\u0219ului Siret, unde a fost diagnosticat\u0103 cu fractur\u0103 antebra\u021b drept, necesit\u00e2nd pentru vindecare 30 zile \u00eengrijiri medicale.<\/p>\n<\/section>\n<footer class=\"article-footer\">\n<p class=\"cb-tags\"><a href=\"https:\/\/suceavalive.ro\/tag\/accidentata\/\" rel=\"tag\">accidentata<\/a><a href=\"https:\/\/suceavalive.ro\/tag\/bicicleta\/\" rel=\"tag\">bicicleta<\/a><a href=\"https:\/\/suceavalive.ro\/tag\/diagnostic\/\" rel=\"tag\">diagnostic<\/a><a href=\"https:\/\/suceavalive.ro\/tag\/fractura\/\" rel=\"tag\">fractura<\/a><a href=\"https:\/\/suceavalive.ro\/tag\/politisti\/\" rel=\"tag\">politisti<\/a><a href=\"https:\/\/suceavalive.ro\/tag\/roata\/\" rel=\"tag\">roata<\/a><a href=\"https:\/\/suceavalive.ro\/tag\/spital\/\" rel=\"tag\">spital<\/a><a href=\"https:\/\/suceavalive.ro\/tag\/suceava\/\" rel=\"tag\">Suceava<\/a><a href=\"https:\/\/suceavalive.ro\/tag\/suceavalive\/\" rel=\"tag\">suceavalive<\/a><a href=\"https:\/\/suceavalive.ro\/tag\/trecere-de-pietoni\/\" rel=\"tag\">trecere de pietoni<\/a><\/p>\n<div class=\"cb-social-sharing cb-post-footer-block cb-beside clearfix\">\n<div class=\"cb-title-subtle\">Share On:<\/div>\n<div class=\"cb-twitter\"><a href=\"https:\/\/twitter.com\/share\" class=\"twitter-share-button\" data-dnt=\"true\" data-count=\"horizontal\">Tweet<\/a><\/div>\n<\/div>\n<div id=\"cb-previous-next-links\" class=\"cb-post-footer-block clearfix\">\n<div id=\"cb-previous-link\"><a href=\"https:\/\/suceavalive.ro\/infractor-de-mic\/\" rel=\"prev\">Infractor de mic<\/a><\/div>\n<div id=\"cb-next-link\"><a href=\"https:\/\/suceavalive.ro\/fara-permis-dar-cu-tupeu\/\" rel=\"next\">F\u0103r\u0103 permis, dar cu tupeu<\/a><\/div>\n<\/div>\n<div id=\"cb-author-box\" class=\"clearfix\">\n<h3 class=\"cb-block-title\">Despre autor<\/h3>\n<div class=\"cb-mask\"><a href=\"https:\/\/suceavalive.ro\/author\/luiza-loghin\/\"><img decoding=\"async\" src=\"https:\/\/analyse.optim.biz\/wp-content\/uploads\/2025\/12\/21ec5a38ee016d23a9c9d50ce3b4e9e7ef5b09765e70997405f8f9e4b1856ee7-17.jpg\" class=\"avatar avatar-120 photo\" height=\"120\" width=\"120\" loading=\"lazy\" title=\"21ec5a38ee016d23a9c9d50ce3b4e9e7ef5b09765e70997405f8f9e4b1856ee7-17\"><\/a><\/div>\n<div class=\"cb-meta\">\n<div class=\"cb-info\">\n<div class=\"cb-author-title vcard\"><a href=\"https:\/\/suceavalive.ro\/author\/luiza-loghin\/\"><span class=\"fn\">Luiza Loghin<\/span><\/a><\/div>\n<\/div>\n<\/div>\n<\/div>\n<div id=\"cb-related-posts\" class=\"cb-related-posts-block cb-post-end-block clearfix\">\n<h3 class=\"cb-block-title\">Postari asemanatoare<\/h3>\n<ul>\n<li class=\"cb-style-overlay cb-grid-entry cb-related-post no-1\">\n<div class=\"cb-mask\"><a href=\"https:\/\/suceavalive.ro\/calendarul-zilei-de-19-decembrie-2\/\"><img decoding=\"async\" width=\"360\" height=\"240\" src=\"https:\/\/analyse.optim.biz\/wp-content\/uploads\/2025\/12\/nae-lazarescu-360x240-52.jpg\" class=\"attachment-cb-360-240 size-cb-360-240 wp-post-image\" loading=\"lazy\" title=\"nae-lazarescu-360x240-52\"><\/a><\/div>\n<div class=\"cb-meta cb-article-meta\">\n<h4 class=\"h3 cb-post-title\"><a href=\"https:\/\/suceavalive.ro\/calendarul-zilei-de-19-decembrie-2\/\">Calendarul zilei de 19 decembrie<\/a><\/h4>\n<div class=\"cb-byline cb-font-header\">\n<div class=\"cb-date cb-byline-element\"><time datetime=\"2025-12-19\">19 decembrie 2025<\/time><\/div>\n<\/div>\n<\/div>\n<\/li>\n<li class=\"cb-style-overlay cb-grid-entry cb-related-post no-2\">\n<div class=\"cb-mask\"><a href=\"https:\/\/suceavalive.ro\/calendarul-zilei-de-18-decembrie-2\/\"><img decoding=\"async\" width=\"360\" height=\"240\" src=\"https:\/\/analyse.optim.biz\/wp-content\/uploads\/2025\/12\/stefan-banica-360x240-62.jpg\" class=\"attachment-cb-360-240 size-cb-360-240 wp-post-image\" loading=\"lazy\" title=\"stefan-banica-360x240-62\"><\/a><\/div>\n<div class=\"cb-meta cb-article-meta\">\n<h4 class=\"h3 cb-post-title\"><a href=\"https:\/\/suceavalive.ro\/calendarul-zilei-de-18-decembrie-2\/\">Calendarul zilei de 18 decembrie<\/a><\/h4>\n<div class=\"cb-byline cb-font-header\">\n<div class=\"cb-date cb-byline-element\"><time datetime=\"2025-12-18\">18 decembrie 2025<\/time><\/div>\n<\/div>\n<\/div>\n<\/li>\n<\/ul>\n<\/div>\n<\/footer>\n<div id=\"respond\" class=\"comment-respond\">\n<h3 id=\"reply-title\" class=\"comment-reply-title\">Lasa un raspuns <small><a rel=\"nofollow\" id=\"cancel-comment-reply-link\" href=\"https:\/\/suceavalive.ro\/accidentata-de-o-bicicleta-avariata\/#respond\">Anuleaza raspunsul<\/a><\/small><\/h3>\n<p class=\"comment-notes\">Adresa ta de email nu va fi publicat\u0103.<\/p>\n<\/div>\n<\/article>\n<p> Source URL: https:\/\/suceavalive.ro\/accidentata-de-o-bicicleta-avariata\/<\/p>\n","protected":false},"excerpt":{"rendered":"<p>Accidentat\u0103 de o biciclet\u0103 avariat\u0103 16 iulie 2014 Mar\u0163i, 15 iulie, la ora 08.00, Poli\u021bia ora\u0219ului Siret a fost sesizat\u0103 de o femeie de 63 ani, din localitate, despre faptul c\u0103 a fost implicat\u0103 \u00eentr-un accident rutier pe strada Margareta Mu\u0219ata din localitate, \u00een data de 14 iulie. Din cercet\u0103ri, poli\u021bi\u0219tii au stabilit faptul c\u0103 [&hellip;]<\/p>\n","protected":false},"author":1,"featured_media":1222961,"comment_status":"open","ping_status":"","sticky":false,"template":"","format":"standard","meta":{"footnotes":""},"categories":[89],"tags":[173],"class_list":["post-1222960","post","type-post","status-publish","format-standard","has-post-thumbnail","hentry","category-romania","tag-suceavalive-ro"],"_links":{"self":[{"href":"https:\/\/analyse.optim.biz\/index.php?rest_route=\/wp\/v2\/posts\/1222960","targetHints":{"allow":["GET"]}}],"collection":[{"href":"https:\/\/analyse.optim.biz\/index.php?rest_route=\/wp\/v2\/posts"}],"about":[{"href":"https:\/\/analyse.optim.biz\/index.php?rest_route=\/wp\/v2\/types\/post"}],"author":[{"embeddable":true,"href":"https:\/\/analyse.optim.biz\/index.php?rest_route=\/wp\/v2\/users\/1"}],"replies":[{"embeddable":true,"href":"https:\/\/analyse.optim.biz\/index.php?rest_route=%2Fwp%2Fv2%2Fcomments&post=1222960"}],"version-history":[{"count":0,"href":"https:\/\/analyse.optim.biz\/index.php?rest_route=\/wp\/v2\/posts\/1222960\/revisions"}],"wp:featuredmedia":[{"embeddable":true,"href":"https:\/\/analyse.optim.biz\/index.php?rest_route=\/wp\/v2\/media\/1222961"}],"wp:attachment":[{"href":"https:\/\/analyse.optim.biz\/index.php?rest_route=%2Fwp%2Fv2%2Fmedia&parent=1222960"}],"wp:term":[{"taxonomy":"category","embeddable":true,"href":"https:\/\/analyse.optim.biz\/index.php?rest_route=%2Fwp%2Fv2%2Fcategories&post=1222960"},{"taxonomy":"post_tag","embeddable":true,"href":"https:\/\/analyse.optim.biz\/index.php?rest_route=%2Fwp%2Fv2%2Ftags&post=1222960"}],"curies":[{"name":"wp","href":"https:\/\/api.w.org\/{rel}","templated":true}]}}