{"id":1222083,"date":"2016-10-18T22:00:29","date_gmt":"2016-10-18T19:00:29","guid":{"rendered":"https:\/\/analyse.optim.biz\/?p=1222083"},"modified":"2016-10-18T22:00:29","modified_gmt":"2016-10-18T19:00:29","slug":"am-fost-acasa-la-nastratin-hogea","status":"publish","type":"post","link":"https:\/\/analyse.optim.biz\/?p=1222083","title":{"rendered":"Am fost acas\u0103 la Nastratin Hogea"},"content":{"rendered":"<article id=\"79634\" class=\"post-79634 post type-post status-publish format-standard has-post-thumbnail hentry category-meridiane\">\n<header class=\"post-header\">\n<ul class=\"breadcrumbs\">\n<li><a href=\"https:\/\/www.curierul.ro\">Home<\/a><\/li>\n<li class=\"breadcrumbs-active .category-meridiane\"><a href=\"https:\/\/www.curierul.ro\/index.php?cat=2382\">Meridiane<\/a><\/li>\n<li class=\"breadcrumbs-active .category-meridiane\">Am fost acas\u0103 la Nastratin Hogea<\/li>\n<\/ul>\n<div class=\"featured-photo\"><img loading=\"lazy\" decoding=\"async\" width=\"320\" height=\"240\" src=\"https:\/\/analyse.optim.biz\/wp-content\/uploads\/2025\/12\/nastratin_1-1.jpg\" class=\"attachment-single size-single wp-post-image\" title=\"nastratin_1-1\"><\/div>\n<h1 class=\"headline\">Am fost acas\u0103 la Nastratin Hogea<\/h1>\n<p class=\"byline\">\n\t\tScris de<a href=\"https:\/\/www.curierul.ro\/author\/curierul\/\">Curierul de Valcea<\/a>, \t\t19 octombrie 2016\t\t\t\t<\/p>\n<hr>\n<\/header>\n<p>Primii pa\u0219i \u00een ora\u0219ul seizilor, ora\u0219ul roditor, cetate plin\u0103 de istorie \u0219i c\u0103lcat\u0103, de-a lungul veacurilor, de persieni, arabi, mongoli \u0219.a. ne-au amintit de romanul istoric citit \u00een anii tinere\u021bii \u201eStelele Samarkandului\u201d, scris de Serghei Borodin, dou\u0103 volume \u2013 \u201eTimur cel \u0219chiop\u201d \u0219i \u201eP\u00e2rjolul r\u0103zboiului\u201d \u2013 \u00een care este pream\u0103rit Timur Lenk (1336-1405), mongolul cuceritor, \u00eentemeietorul unui imperiu cu capitala la Samarkand (ast\u0103zi \u00een Uzbekistan) \u0219i al dinastiei timuride, care a durat p\u00e2n\u0103 \u00een 1507, cum am mai scris \u00een coresponden\u021ba ante\u00adrioar\u0103. A\u0219adar, Rusia \u021barist\u0103 \u0219i, dup\u0103 1917, Sovietele vor pune st\u0103p\u00e2nire pe o \u021bar\u0103 a c\u0103rei \u00eenflorire \u00eencepuse \u00eenc\u0103 din secolul al XIV-lea.<br \/>\nP\u0103\u0219im cu emo\u021bie \u00een ora\u0219ul cel vechi unde vizit\u0103m c\u00e2teva obiective turistice de mare atrac\u021bie: Parcul Alisher Navoi, Palatul guvernatorului, Cazinoul ofi\u021berilor, Centrul pentru tineret, un hamam, mall-ul GUM \u0219i, interesant\u0103 \u00een ce prive\u0219te arhitectura, Catedrala ruseasc\u0103 Alexei. \u00cen centrul p\u0103r\u021bii vechi a urbei se remarc\u0103 Pia\u021ba central\u0103, Registan, simbolul ora\u0219ului, \u00een care dou\u0103 madrese se privesc simetric, Ulug Beg \u0219i Schirdor, iar \u00een fundal se afl\u0103 o a treia mandres\u0103 \u2013 Tilya Kari. La est de Registan, alte construc\u021bii grandioase: Moschea Bibi Chanum \u00eenchinat\u0103 de Timur so\u021biei sale preferate, Mausoleul \u00een care se odihne\u0219te \u00eentru vecie Bibi Chanum, Moschea Hasrat Hisir \u0219i Bazarul multicolor Syob. La vest de Registan \u2013 mausoleul lui Timur, la picioarele c\u0103ruia se afl\u0103 r\u0103m\u0103\u0219i\u021bele iubitului s\u0103u nepot Ulug Beg, precum \u0219i membri ai familiei \u0219i apropia\u021bi. \u00cen apropiere, se afl\u0103 un alt mausoleu, Ak Sarai. \u00cen parcul al\u0103turat troneaz\u0103 o statuie a lui Timur. Foarte interesant este, \u00een afara ora\u0219ului, necropola Schah-i Sinda, care, conform unei legende, ar ad\u0103posti \u0219i morm\u00e2ntul unui v\u0103r al profetului Mohamed Kusam Ibn Abbas. \u00cen realitate, acesta nu fost vreodat\u0103 \u00een Samarkand, dar Timur a folosit legenda pentru a construi acest cimitir enorm ce se \u00eentinde de la poalele unei coline \u00een trei grupe p\u00e2n\u0103 pe un platou, unde func\u021bioneaz\u0103 \u0219i un cimitir pentru popula\u021bia de r\u00e2nd.<br \/>\nImagina\u021bi-v\u0103, dragi cititori, o strad\u0103 ce urc\u0103 pe un deal, care este flancat\u0103 de construc\u021bii gigante, adev\u0103rate moschee sau madrese cu portale \u0219i cupole, iar pe toat\u0103 suprafa\u021ba se afl\u0103 placat\u0103 ceramic\u0103 glazurat\u0103, predomin\u00e2nd culoarea albastr\u0103 \u0219i motivele florale \u0219i geometrice. \u00centr-un interior la fel de bogat ornamentat sunt ad\u0103postite chenotafe mai mult sau mai pu\u021bin prelucrate.<br \/>\n\u00cen Samarkand, am mai vizitat muzeul \u0219i ruinele vechiului ora\u0219 Afrosiab, manufactura Moros de h\u00e2rtie din coaj\u0103 de copac, morm\u00e2ntul profetului Daniel, al c\u0103rui cadavru ajunsese la lungimea de 18 metri (sf\u00e2ntul izvor) \u0219i, \u00een final, Observatorul lui Ulug Beg, ale c\u0103rui schi\u021be, calcule, h\u0103r\u021bi si tabele astronomice m\u0103surate cu gigantul sextant printr-o mare precizie au fost folosite mult timp \u0219i sunt \u0219i azi actuale. Ziua urm\u0103toare, \u00een drum spre Buchara, am vizitat locul de ba\u0219tin\u0103 al lui Timur, Shahrisabz. Din marea cetate construit\u0103 de el se p\u0103streaz\u0103 ruinele \u00eenalte ale Por\u021bii de intrare, la \u00eenceput de 45 metri \u00een\u0103l\u021bime. \u00cen fa\u021ba acestui majestuos portal se \u00eentinde un parc \u0219i statuia masiv\u0103 a lui Timur Lenk. Tot \u00een ora\u0219ul lui Tamerlan, am mai vizitat complexul Dorat Tilawat, casa Coranului ce ad\u0103poste\u0219te morm\u00e2ntul \u00eenv\u0103\u021b\u0103torului tat\u0103lui lui Timur \u0219i complexul Dorat Saodat, cu mausoleul fiului cel mare al lui Timur.<br \/>\nUltimul ora\u0219 vizitat \u00een Uzbekistan a fost Buchara, decretat de UNESCO Patrimoniu mondial. \u00cen cele trei zile am vizitat ora\u0219ul vechi \u0219i \u00eemprejurimile, oferinduni-se informa\u021bii ce pot fi scrise \u00een c\u00e2teva volume. Vom enumera importantele obiective. \u00cen partea central\u0103, al\u0103turi de hotelul boutique Amalia, unde am locuit, se afl\u0103 Registanul lor, concentrat \u00een jurul pie\u021bii Labi Chaus. Este vorba de madresa Kukeldasch, madresa Nadir Divan Beg, Chanaka, loc de \u00eennoptat pentru pelerini, Moscheia Magoki Attari (devenit\u0103 muzeu de covoare) \u0219i Moschea Magoki Kurpa. \u00cen acela\u0219i areal se afl\u0103 pie\u021bele acoperite cu frumoase cupole, numite Toki. Mai la est, urmeaz\u0103 alte madrese, ale lui Ulug Beg \u0219i Abdulasis Khan, precum \u0219i simbolul ora\u0219ului, Tschorsu Minor, sau madresa cu patru turnuri. \u00cen pia\u021ba Labi <a href=\"https:\/\/i0.wp.com\/curieruldevalcea.ro\/wp-content\/uploads\/2016\/10\/NASTRATIN_2.jpg\"><img loading=\"lazy\" decoding=\"async\" class=\"alignright size-medium wp-image-79636\" src=\"https:\/\/analyse.optim.biz\/wp-content\/uploads\/2025\/12\/nastratin_2.jpg\" alt=\"nastratin_2\" width=\"300\" height=\"225\" title=\"nastratin_2\"><\/a>Chaus se afl\u0103 monumentul \u00een bronz al lui Nastratin Hogea c\u0103lare, \u00een m\u0103rime natural\u0103, fotomotiv foarte apreciat de trec\u0103tori. Demn de admirat este \u0219i complexul Kalon cu un \u00eenalt minaret, care a fost folosit ca turn de observa\u021bie, unde condamna\u021bii la moarte erau b\u0103ga\u021bi \u00eentr-un sac \u0219i arunca\u021bi de la \u00een\u0103l\u021bime.<br \/>\n\u00centr-un centru impun\u0103tor se ridic\u0103 cetatea Ark, cu ziduri \u00eenalte bine consolidate, cu portal \u00eenalt flancat de dou\u0103 turnuri, care \u00een afara construc\u021biilor normale aferente ad\u0103poste\u0219te \u0219i o moschee, mai multe muzee, sala tronului (dar al c\u0103rei tron valoros se afla \u00een muzeul din St. Petersburg), precum \u0219i \u00eenchisoarea. Vizavi de palat se afla o mare moschee, Bolo Chaus \u0219i izvorul sf\u00e2nt al lui Hiob, care a \u021b\u00e2\u0219nit la lovirea de c\u0103tre acesta a p\u0103m\u00e2ntului cu toiagul sf\u00e2nt. \u00cen afara ora\u0219ului, am vizitat complexul memorial Bahouddin Tarixi, care ad\u0103poste\u0219te morm\u00e2ntul fondatorului, \u00een secolul al XIV-lea, al Ordinului islamic sufist, Baha Ud Naqschaband Buchari. Interesant este \u0219i Palatul de var\u0103 al Emirului Alin Khan, ultimul emir Uzbek, fost general adjunct al \u021barului Nicolae \u0219i alungat de sovietici \u00een 1920. Palatul este bogat decorat, con\u021bine mobilier de valoare, dar, din p\u0103cate, este prost \u00eentre\u021binut, nefiind renovat \u00een \u00eentregime.<br \/>\nVizita \u00een Uzbekistan a fost extrem de interesant\u0103 pentru noi. Ne-a impresionat faptul cum acest popor a reu\u0219it \u00eentr-un timp relativ scurt, dup\u0103 c\u00e2\u0219tigarea independen\u021bei \u00een anul 1991, s\u0103 refac\u0103 at\u00e2tea monumente valoroase nu numai ca importan\u021b\u0103 istoric\u0103, dar \u0219i ca m\u0103rime. Ne-au mai impresionat verdea\u021ba parcurilor, pomii, multitudinea de flori, grija cu care sunt \u00eengrijite. Aici, \u00een mijlocul pustiului Karakum, ca s\u0103 ai asemenea parcuri, \u00ee\u021bi trebuie milioane de aspersoare, sunt la distan\u021be de un metru sau doi \u0219i nu le distruge nimeni, cum s-a \u00eent\u00e2mplat la noi acas\u0103, \u00een R\u00e2mnicu V\u00e2lcea, pe bulevardul Dem R\u0103dulescu, a\u0219a cum am citit \u00een \u201eCurierul de V\u00e2lcea\u201d.<br \/>\nAcest popor d\u00e2rz, muncitor \u0219i statornic \u0219tie s\u0103 pun\u0103 \u00een valoare ceea ce are, s\u0103 priveasc\u0103 spre viitor cu m\u00e2ndrie \u0219i \u00eencredere, \u0219tie s\u0103 fie primitor \u0219i s\u0103 fac\u0103 turism, un capitol la care ni se pot da lec\u021bii. Le mul\u021bumim \u00eenso\u021bitorilor no\u0219tri, mai cu seam\u0103 lui Vashop, care a fost un ghid extrem de bine preg\u0103tit, perfect vorbitor de german\u0103, care nu numai c\u0103 ne-a ar\u0103tat cu r\u0103bdare ceea ce aveam \u00een program, dar \u0219i alte obiective turistice pe care le considera interesante.<br \/><strong><em>Coresponden\u021b\u0103 de la Dr. Irina \u0219i Radu Dobrescu<\/em><\/strong><\/p>\n<div class=\"sharedaddy sd-sharing-enabled\">\n<div class=\"robots-nocontent sd-block sd-social sd-social-official sd-sharing\">\n<h3 class=\"sd-title\">Distribuie pe:<\/h3>\n<div class=\"sd-content\">\n<ul>\n<li class=\"share-facebook\">\n<li class=\"share-twitter\"><a href=\"https:\/\/twitter.com\/share\" class=\"twitter-share-button\" data-url=\"https:\/\/www.curierul.ro\/am-fost-acasa-la-nastratin-hogea\/\" data-text=\"Am fost acas\u0103 la Nastratin Hogea\" data-via=\"curierulvl\">Tweet<\/a><\/li>\n<li class=\"share-jetpack-whatsapp\"><a rel=\"nofollow noopener noreferrer\" data-shared=\"sharing-whatsapp-79634\" class=\"share-jetpack-whatsapp sd-button\" href=\"https:\/\/www.curierul.ro\/am-fost-acasa-la-nastratin-hogea\/?share=jetpack-whatsapp\" target=\"_blank\" aria-labelledby=\"sharing-whatsapp-79634\"><span id=\"sharing-whatsapp-79634\" hidden>D\u0103 clic pentru partajare pe WhatsApp(Se deschide \u00eentr-o fereastr\u0103 nou\u0103)<\/span><span>WhatsApp<\/span><\/a><\/li>\n<li><a href=\"https:\/\/www.curierul.ro\/am-fost-acasa-la-nastratin-hogea\/\" class=\"sharing-anchor sd-button share-more\"><span>Mai mult<\/span><\/a><\/li>\n<li class=\"share-end\"><\/ul>\n<div class=\"sharing-hidden\">\n<div class=\"inner\">\n<ul>\n<li class=\"share-email\"><a rel=\"nofollow noopener noreferrer\" data-shared=\"sharing-email-79634\" class=\"share-email sd-button\" href=\"mailto:?subject=%5BArticol%20partajat%5D%20Am%20fost%20acas%C4%83%20la%20Nastratin%20Hogea&amp;body=https%3A%2F%2Fwww.curierul.ro%2Fam-fost-acasa-la-nastratin-hogea%2F&amp;share=email\" target=\"_blank\" aria-labelledby=\"sharing-email-79634\" data-email-share-error-title=\"\u021ai-ai configurat emailul?\" data-email-share-error-text=\"Dac\u0103 ai probleme la partajarea prin email, probabil nu ai configurat emailul pentru navigator. Poate trebuie s\u0103 creezi singur un email nou.\" data-email-share-nonce=\"3c8c288be5\" data-email-share-track-url=\"https:\/\/www.curierul.ro\/am-fost-acasa-la-nastratin-hogea\/?share=email\"><span id=\"sharing-email-79634\" hidden>D\u0103 clic pentru a trimite o leg\u0103tur\u0103 prin email unui prieten(Se deschide \u00eentr-o fereastr\u0103 nou\u0103)<\/span><span>Email<\/span><\/a><\/li>\n<li class=\"share-print\"><a rel=\"nofollow noopener noreferrer\" data-shared=\"sharing-print-79634\" class=\"share-print sd-button\" href=\"https:\/\/www.curierul.ro\/am-fost-acasa-la-nastratin-hogea\/#print?share=print\" target=\"_blank\" aria-labelledby=\"sharing-print-79634\"><span id=\"sharing-print-79634\" hidden>D\u0103 clic pentru a imprima(Se deschide \u00eentr-o fereastr\u0103 nou\u0103)<\/span><span>Imprimare<\/span><\/a><\/li>\n<li class=\"share-end\"><\/ul>\n<\/div>\n<\/div>\n<\/div>\n<\/div>\n<\/div>\n<div id=\"jp-relatedposts\" class=\"jp-relatedposts\">\n<h3 class=\"jp-relatedposts-headline\"><em>Similare<\/em><\/h3>\n<\/div>\n<footer class=\"post-footer\">\n<div class=\"post-navigation clearfix\">\n<div class=\"previous-post\">\n<div class=\"featured-photo\"><img decoding=\"async\" width=\"2161\" height=\"1924\" src=\"https:\/\/analyse.optim.biz\/wp-content\/uploads\/2025\/12\/negrescu-e1476801338943-2.jpg\" class=\"attachment-post-thumbnail size-post-thumbnail wp-post-image\" loading=\"lazy\" title=\"negrescu-e1476801338943-2\"><\/div>\n<p class=\"paginate-title\">\u00ab\u00ab <a href=\"https:\/\/www.curierul.ro\/emotii-pentru-asistentii-medicali-si-moase\/\" rel=\"prev\">Emo\u021bii pentru asisten\u021bii medicali \u0219i moa\u0219e<\/a><\/p>\n<\/div>\n<div class=\"next-post\">\n<div class=\"featured-photo\"><img decoding=\"async\" width=\"2592\" height=\"1944\" src=\"https:\/\/analyse.optim.biz\/wp-content\/uploads\/2025\/12\/microbuz-scolar-nou-1.jpg\" class=\"attachment-post-thumbnail size-post-thumbnail wp-post-image\" loading=\"lazy\" title=\"microbuz-scolar-nou-1\"><\/div>\n<p class=\"paginate-title\"><a href=\"https:\/\/www.curierul.ro\/soferii-la-mare-cautare-pe-piata-muncii-valcene-2\/\" rel=\"next\">\u0218oferii, la mare c\u0103utare pe pia\u021ba muncii v\u00e2lcene!<\/a> \u00bb\u00bb<\/p>\n<\/div>\n<\/div>\n<section class=\"latest-category clearfix\">\n<h2 class=\"title\">More Stories From Meridiane<\/h2>\n<div class=\"stories-container\">\n<article id=\"related-195448\" class=\"story post-195448 post type-post status-publish format-standard has-post-thumbnail hentry category-meridiane category-social tag-brad-de-craciun tag-ramnic-2\">\n<div class=\"photo\"><img decoding=\"async\" width=\"735\" height=\"440\" src=\"https:\/\/analyse.optim.biz\/wp-content\/uploads\/2025\/12\/braddecraciun-13.jpg\" class=\"attachment-giornalismo-single size-giornalismo-single wp-post-image\" loading=\"lazy\" title=\"braddecraciun-13\"><\/div>\n<p class=\"headline\"><a href=\"https:\/\/www.curierul.ro\/anul-acesta-bradul-de-craciun-din-ramnic-vine-de-la-o-distanta-de-400-de-metri\/\">Anul acesta, bradul de Cr\u0103ciun din R\u00e2mnic vine de la o distan\u021b\u0103 de\u2026 400 de metri!<\/a><\/p>\n<\/article>\n<article id=\"related-195032\" class=\"story post-195032 post type-post status-publish format-standard has-post-thumbnail hentry category-meridiane category-politica category-psd category-social tag-deputat tag-eugen-neata tag-fidel tag-judetul-valcea\">\n<div class=\"photo\"><img decoding=\"async\" width=\"735\" height=\"440\" src=\"https:\/\/analyse.optim.biz\/wp-content\/uploads\/2025\/12\/neata-vin-e1760687593117-12.jpg\" class=\"attachment-giornalismo-single size-giornalismo-single wp-post-image\" loading=\"lazy\" title=\"neata-vin-e1760687593117-12\"><\/div>\n<p class=\"headline\"><a href=\"https:\/\/www.curierul.ro\/deputatul-eugen-neata-cel-mai-fidel-turist-la-noi-acasa\/\">Deputatul Eugen Nea\u021b\u0103, cel mai fidel \u00abturist la noi acas\u0103\u00bb<\/a><\/p>\n<\/article>\n<article id=\"related-194910\" class=\"story post-194910 post type-post status-publish format-standard has-post-thumbnail hentry category-impact category-meridiane tag-judetul-valcea tag-locuri-de-munca-2 tag-vacante\">\n<div class=\"photo\"><img decoding=\"async\" width=\"735\" height=\"440\" src=\"https:\/\/analyse.optim.biz\/wp-content\/uploads\/2025\/12\/ajofm-locuri-de-munca-10.jpg\" class=\"attachment-giornalismo-single size-giornalismo-single wp-post-image\" loading=\"lazy\" title=\"ajofm-locuri-de-munca-10\"><\/div>\n<p class=\"headline\"><a href=\"https:\/\/www.curierul.ro\/685-locuri-de-munca-vacante-in-judetul-valcea\/\">685 locuri de munc\u0103 vacante, \u00een jude\u021bul V\u00e2lcea<\/a><\/p>\n<\/article>\n<\/div>\n<\/section>\n<section class=\"author-bio clearfix\">\n<div class=\"mug-shot\"><img decoding=\"async\" src=\"https:\/\/analyse.optim.biz\/wp-content\/uploads\/2025\/12\/2a58d181c1d85262357d59db6fc29158130ca794fc45057783762a4c0eb9167f-149.jpg\" class=\"avatar avatar-96 photo\" height=\"96\" width=\"96\" loading=\"lazy\" title=\"2a58d181c1d85262357d59db6fc29158130ca794fc45057783762a4c0eb9167f-149\"><\/div>\n<div class=\"author-info\">\n<p class=\"title\">About Curierul de Valcea, <\/p>\n<div class=\"author-social-area\"><a href=\"mailto:curierul@curierul.ro\"><span class=\"fal fa-envelope\"><span class=\"screen-reader-text\">Email the Author<\/span><\/span><\/a><\/div>\n<\/div>\n<\/section>\n<\/footer>\n<\/article>\n<article id=\"related-195448\" class=\"story post-195448 post type-post status-publish format-standard has-post-thumbnail hentry category-meridiane category-social tag-brad-de-craciun tag-ramnic-2\">\n<div class=\"photo\"><img decoding=\"async\" width=\"735\" height=\"440\" src=\"https:\/\/analyse.optim.biz\/wp-content\/uploads\/2025\/12\/braddecraciun-13.jpg\" class=\"attachment-giornalismo-single size-giornalismo-single wp-post-image\" loading=\"lazy\" title=\"braddecraciun-13\"><\/div>\n<p class=\"headline\"><a href=\"https:\/\/www.curierul.ro\/anul-acesta-bradul-de-craciun-din-ramnic-vine-de-la-o-distanta-de-400-de-metri\/\">Anul acesta, bradul de Cr\u0103ciun din R\u00e2mnic vine de la o distan\u021b\u0103 de\u2026 400 de metri!<\/a><\/p>\n<\/article>\n<article id=\"related-195032\" class=\"story post-195032 post type-post status-publish format-standard has-post-thumbnail hentry category-meridiane category-politica category-psd category-social tag-deputat tag-eugen-neata tag-fidel tag-judetul-valcea\">\n<div class=\"photo\"><img decoding=\"async\" width=\"735\" height=\"440\" src=\"https:\/\/analyse.optim.biz\/wp-content\/uploads\/2025\/12\/neata-vin-e1760687593117-12.jpg\" class=\"attachment-giornalismo-single size-giornalismo-single wp-post-image\" loading=\"lazy\" title=\"neata-vin-e1760687593117-12\"><\/div>\n<p class=\"headline\"><a href=\"https:\/\/www.curierul.ro\/deputatul-eugen-neata-cel-mai-fidel-turist-la-noi-acasa\/\">Deputatul Eugen Nea\u021b\u0103, cel mai fidel \u00abturist la noi acas\u0103\u00bb<\/a><\/p>\n<\/article>\n<article id=\"related-194910\" class=\"story post-194910 post type-post status-publish format-standard has-post-thumbnail hentry category-impact category-meridiane tag-judetul-valcea tag-locuri-de-munca-2 tag-vacante\">\n<div class=\"photo\"><img decoding=\"async\" width=\"735\" height=\"440\" src=\"https:\/\/analyse.optim.biz\/wp-content\/uploads\/2025\/12\/ajofm-locuri-de-munca-10.jpg\" class=\"attachment-giornalismo-single size-giornalismo-single wp-post-image\" loading=\"lazy\" title=\"ajofm-locuri-de-munca-10\"><\/div>\n<p class=\"headline\"><a href=\"https:\/\/www.curierul.ro\/685-locuri-de-munca-vacante-in-judetul-valcea\/\">685 locuri de munc\u0103 vacante, \u00een jude\u021bul V\u00e2lcea<\/a><\/p>\n<\/article>\n<p> Source URL: https:\/\/www.curierul.ro\/am-fost-acasa-la-nastratin-hogea\/<\/p>\n","protected":false},"excerpt":{"rendered":"<p>Home Meridiane Am fost acas\u0103 la Nastratin Hogea Am fost acas\u0103 la Nastratin Hogea Scris deCurierul de Valcea, 19 octombrie 2016 Primii pa\u0219i \u00een ora\u0219ul seizilor, ora\u0219ul roditor, cetate plin\u0103 de istorie \u0219i c\u0103lcat\u0103, de-a lungul veacurilor, de persieni, arabi, mongoli \u0219.a. ne-au amintit de romanul istoric citit \u00een anii tinere\u021bii \u201eStelele Samarkandului\u201d, scris de [&hellip;]<\/p>\n","protected":false},"author":1,"featured_media":1222084,"comment_status":"open","ping_status":"","sticky":false,"template":"","format":"standard","meta":{"footnotes":""},"categories":[89],"tags":[213],"class_list":["post-1222083","post","type-post","status-publish","format-standard","has-post-thumbnail","hentry","category-romania","tag-curierul-ro"],"_links":{"self":[{"href":"https:\/\/analyse.optim.biz\/index.php?rest_route=\/wp\/v2\/posts\/1222083","targetHints":{"allow":["GET"]}}],"collection":[{"href":"https:\/\/analyse.optim.biz\/index.php?rest_route=\/wp\/v2\/posts"}],"about":[{"href":"https:\/\/analyse.optim.biz\/index.php?rest_route=\/wp\/v2\/types\/post"}],"author":[{"embeddable":true,"href":"https:\/\/analyse.optim.biz\/index.php?rest_route=\/wp\/v2\/users\/1"}],"replies":[{"embeddable":true,"href":"https:\/\/analyse.optim.biz\/index.php?rest_route=%2Fwp%2Fv2%2Fcomments&post=1222083"}],"version-history":[{"count":0,"href":"https:\/\/analyse.optim.biz\/index.php?rest_route=\/wp\/v2\/posts\/1222083\/revisions"}],"wp:featuredmedia":[{"embeddable":true,"href":"https:\/\/analyse.optim.biz\/index.php?rest_route=\/wp\/v2\/media\/1222084"}],"wp:attachment":[{"href":"https:\/\/analyse.optim.biz\/index.php?rest_route=%2Fwp%2Fv2%2Fmedia&parent=1222083"}],"wp:term":[{"taxonomy":"category","embeddable":true,"href":"https:\/\/analyse.optim.biz\/index.php?rest_route=%2Fwp%2Fv2%2Fcategories&post=1222083"},{"taxonomy":"post_tag","embeddable":true,"href":"https:\/\/analyse.optim.biz\/index.php?rest_route=%2Fwp%2Fv2%2Ftags&post=1222083"}],"curies":[{"name":"wp","href":"https:\/\/api.w.org\/{rel}","templated":true}]}}