{"id":1220258,"date":"2016-11-08T10:48:20","date_gmt":"2016-11-08T07:48:20","guid":{"rendered":"https:\/\/analyse.optim.biz\/?p=1220258"},"modified":"2016-11-08T10:48:20","modified_gmt":"2016-11-08T07:48:20","slug":"tineri-prinsi-cu-droguri-in-parcarea-de-la-cetatea-de-scaun-a-sucevei-suceavalive","status":"publish","type":"post","link":"https:\/\/analyse.optim.biz\/?p=1220258","title":{"rendered":"Tineri prin\u0219i cu droguri, \u00een parcarea de la Cetatea de Scaun a Sucevei &#8211; SuceavaLIVE"},"content":{"rendered":"<article id=\"post-84492\" class=\"clearfix post-84492 post type-post status-publish format-standard has-post-thumbnail hentry category-comunicate category-slide tag-accident tag-accident-2016-suceava tag-accident-martie-2016 tag-accident-suceava tag-bucovina tag-editorial-suceava tag-furt-martie-2016 tag-furt-suceava tag-informatia tag-informatii-interesante tag-media tag-monitorul-suceava tag-news tag-noutati-suceava tag-obiectiv-suceava tag-orasul-suceava tag-plus-stiri tag-politia-judeteana-suceava tag-politia-suceava tag-reportaje tag-spitalul-judetean-suceava tag-stirea-zilei tag-stiri-de-ultima-ora tag-stiri-suceava tag-stirile-zilei tag-suceava tag-suceavalive tag-ultimele-stiri tag-urgente-suceava tag-victime-accident-suceava tag-victime-suceava\">\n<header id=\"cb-standard-featured\">\n<div id=\"cb-fis-wrap\" class=\"cb-entry-header cb-fis cb-style-standard\"><span class=\"cb-title-fi\"><\/p>\n<h1 class=\"entry-title cb-entry-title cb-single-title\">Tineri prin\u0219i cu droguri, \u00een parcarea de la Cetatea de Scaun a Sucevei<\/h1>\n<div class=\"cb-byline cb-font-header\">\n<div class=\"cb-date cb-byline-element\"><time datetime=\"2016-11-08\">8 noiembrie 2016<\/time><\/div>\n<\/div>\n<p><\/span><\/div>\n<div class=\"cb-mask\"><img decoding=\"async\" width=\"1024\" height=\"768\" src=\"https:\/\/analyse.optim.biz\/wp-content\/uploads\/2025\/12\/droguri-2-2.jpg\" class=\"attachment-cb-full-full size-cb-full-full wp-post-image\" loading=\"lazy\" title=\"droguri-2-2\"><\/div>\n<\/header>\n<p>Mar\u0163i, 8 noiembrie 2016, \u00een jurul orei 00:30, un echipaj de jandarmerie a observat, \u00een parcarea din apropierea Cet\u0103\u0163ii de Scaun Suceava, un autoturism \u00een care se aflau patru tineri.<\/p>\n<section class=\"cb-entry-content entry-content clearfix\">\n<p>Deoarece ace\u015ftia au devenit agita\u0163i la vederea echipajului, jandarmii au procedat la controlul autovehiculului, constat\u00e2nd c\u0103 pe bancheta din spate a acestuia \u015fi \u00een portbagaj se aflau o pung\u0103 sigilat\u0103 ce con\u0163inea cantitatea de aproximativ 300 grame substan\u0163\u0103 vegetal\u0103 sub form\u0103 de muguri, un grinder metalic pentru m\u0103run\u0163irea substan\u0163ei, foi\u0163e de \u00eenrolare a \u0163igaretelor \u015fi un c\u00e2ntar electronic. Totodat\u0103, \u00een compartimentul situat sub volanul autoturismului se afla un plicule\u0163 din material plastic, cu acela\u015fi con\u0163inut, ce apar\u0163inea lui I.G., \u00een v\u00e2rst\u0103 de 20 de ani. T\u00e2n\u0103rul a declarat c\u0103 plicul con\u0163ine canabis \u015fi c\u0103 \u00eel de\u0163ine pentru consum propriu.<\/p>\n<p>\u00cen urma efectu\u0103rii controlului corporal, jandarmii au g\u0103sit asupra lui J.S. \u00een v\u00e2rst\u0103 de 21 ani, dou\u0103 pache\u0163ele din staniol ce con\u0163ineau acela\u015fi tip de substan\u0163e vegetale sub form\u0103 de muguri.<\/p>\n<p>\u00centreba\u0163i cu privire la provenien\u0163a substan\u0163elor, J.S. a declarat c\u0103 a procurat cantitatea de 300 grame de canabis sub form\u0103 de muguri din Spania, pentru care a pl\u0103tit 400 de Euro \u015fi pe care urma s\u0103 o v\u00e2nd\u0103 la diferite persoane contra sumei de 60-80 lei\/ gram.<\/p>\n<p>Dup\u0103 efectuarea activit\u0103\u0163ilor specifice, tinerii au fost preda\u0163i lucr\u0103torilor din cadrul Brig\u0103zii de Combatere a Criminalit\u0103\u0163ii Organizate Suceava pentru continuarea cercet\u0103rilor.<\/p>\n<p><img decoding=\"async\" loading=\"lazy\" class=\"alignnone wp-image-84493\" src=\"https:\/\/analyse.optim.biz\/wp-content\/uploads\/2025\/12\/droguri-2-300x225-1.jpg\" alt=\"droguri-2\" width=\"500\" height=\"375\" title=\"droguri-2-300x225-1\"><img decoding=\"async\" loading=\"lazy\" class=\"alignnone wp-image-84494\" src=\"https:\/\/analyse.optim.biz\/wp-content\/uploads\/2025\/12\/droguri-300x225-1.jpg\" alt=\"droguri\" width=\"500\" height=\"375\" title=\"droguri-300x225-1\"><\/p>\n<\/section>\n<footer class=\"article-footer\">\n<p class=\"cb-tags\"><a href=\"https:\/\/suceavalive.ro\/tag\/accident\/\" rel=\"tag\">accident<\/a><a href=\"https:\/\/suceavalive.ro\/tag\/accident-2016-suceava\/\" rel=\"tag\">accident 2016 suceava<\/a><a href=\"https:\/\/suceavalive.ro\/tag\/accident-martie-2016\/\" rel=\"tag\">accident martie 2016<\/a><a href=\"https:\/\/suceavalive.ro\/tag\/accident-suceava\/\" rel=\"tag\">accident suceava<\/a><a href=\"https:\/\/suceavalive.ro\/tag\/bucovina\/\" rel=\"tag\">bucovina<\/a><a href=\"https:\/\/suceavalive.ro\/tag\/editorial-suceava\/\" rel=\"tag\">editorial suceava<\/a><a href=\"https:\/\/suceavalive.ro\/tag\/furt-martie-2016\/\" rel=\"tag\">furt martie 2016<\/a><a href=\"https:\/\/suceavalive.ro\/tag\/furt-suceava\/\" rel=\"tag\">furt suceava<\/a><a href=\"https:\/\/suceavalive.ro\/tag\/informatia\/\" rel=\"tag\">informatia<\/a><a href=\"https:\/\/suceavalive.ro\/tag\/informatii-interesante\/\" rel=\"tag\">informatii interesante<\/a><a href=\"https:\/\/suceavalive.ro\/tag\/media\/\" rel=\"tag\">media<\/a><a href=\"https:\/\/suceavalive.ro\/tag\/monitorul-suceava\/\" rel=\"tag\">monitorul suceava<\/a><a href=\"https:\/\/suceavalive.ro\/tag\/news\/\" rel=\"tag\">news<\/a><a href=\"https:\/\/suceavalive.ro\/tag\/noutati-suceava\/\" rel=\"tag\">noutati suceava<\/a><a href=\"https:\/\/suceavalive.ro\/tag\/obiectiv-suceava\/\" rel=\"tag\">obiectiv suceava<\/a><a href=\"https:\/\/suceavalive.ro\/tag\/orasul-suceava\/\" rel=\"tag\">orasul suceava<\/a><a href=\"https:\/\/suceavalive.ro\/tag\/plus-stiri\/\" rel=\"tag\">plus stiri<\/a><a href=\"https:\/\/suceavalive.ro\/tag\/politia-judeteana-suceava\/\" rel=\"tag\">politia judeteana suceava<\/a><a href=\"https:\/\/suceavalive.ro\/tag\/politia-suceava\/\" rel=\"tag\">politia suceava<\/a><a href=\"https:\/\/suceavalive.ro\/tag\/reportaje\/\" rel=\"tag\">reportaje<\/a><a href=\"https:\/\/suceavalive.ro\/tag\/spitalul-judetean-suceava\/\" rel=\"tag\">Spitalul Jude\u0163ean Suceava<\/a><a href=\"https:\/\/suceavalive.ro\/tag\/stirea-zilei\/\" rel=\"tag\">stirea zilei<\/a><a href=\"https:\/\/suceavalive.ro\/tag\/stiri-de-ultima-ora\/\" rel=\"tag\">stiri de ultima ora<\/a><a href=\"https:\/\/suceavalive.ro\/tag\/stiri-suceava\/\" rel=\"tag\">stiri suceava<\/a><a href=\"https:\/\/suceavalive.ro\/tag\/stirile-zilei\/\" rel=\"tag\">stirile zilei<\/a><a href=\"https:\/\/suceavalive.ro\/tag\/suceava\/\" rel=\"tag\">Suceava<\/a><a href=\"https:\/\/suceavalive.ro\/tag\/suceavalive\/\" rel=\"tag\">suceavalive<\/a><a href=\"https:\/\/suceavalive.ro\/tag\/ultimele-stiri\/\" rel=\"tag\">ultimele stiri<\/a><a href=\"https:\/\/suceavalive.ro\/tag\/urgente-suceava\/\" rel=\"tag\">urgente suceava<\/a><a href=\"https:\/\/suceavalive.ro\/tag\/victime-accident-suceava\/\" rel=\"tag\">victime accident suceava<\/a><a href=\"https:\/\/suceavalive.ro\/tag\/victime-suceava\/\" rel=\"tag\">victime suceava<\/a><\/p>\n<div class=\"cb-social-sharing cb-post-footer-block cb-beside clearfix\">\n<div class=\"cb-title-subtle\">Share On:<\/div>\n<div class=\"cb-twitter\"><a href=\"https:\/\/twitter.com\/share\" class=\"twitter-share-button\" data-dnt=\"true\" data-count=\"horizontal\">Tweet<\/a><\/div>\n<\/div>\n<div id=\"cb-previous-next-links\" class=\"cb-post-footer-block clearfix\">\n<div id=\"cb-previous-link\"><a href=\"https:\/\/suceavalive.ro\/liviu-dragnea-guvernul-raspandeste-date-false\/\" rel=\"prev\">Liviu Dragnea: \u201eGuvernul r\u0103sp\u00e2nde\u0219te date false\u201d<\/a><\/div>\n<div id=\"cb-next-link\"><a href=\"https:\/\/suceavalive.ro\/ponta-daca-eu-sunt-vinovat-pentru-colectiv-atunci-si-ciolos-este-vinovat-pentru-mortii-de-pe-a2\/\" rel=\"next\">Ponta: \u201eDac\u0103 eu sunt vinovat pentru Colectiv, atunci \u0219i Ciolo\u0219 este vinovat pentru mor\u021bii de pe A2\u201d<\/a><\/div>\n<\/div>\n<div id=\"cb-author-box\" class=\"clearfix\">\n<h3 class=\"cb-block-title\">Despre autor<\/h3>\n<div class=\"cb-mask\"><a href=\"https:\/\/suceavalive.ro\/author\/anka-iuly\/\"><img decoding=\"async\" src=\"https:\/\/analyse.optim.biz\/wp-content\/uploads\/2025\/12\/a7295d19b2762c8406728274ac45dd4734b18521636101ef8906f920a1056a28-7.jpg\" class=\"avatar avatar-120 photo\" height=\"120\" width=\"120\" loading=\"lazy\" title=\"a7295d19b2762c8406728274ac45dd4734b18521636101ef8906f920a1056a28-7\"><\/a><\/div>\n<div class=\"cb-meta\">\n<div class=\"cb-info\">\n<div class=\"cb-author-title vcard\"><a href=\"https:\/\/suceavalive.ro\/author\/anka-iuly\/\"><span class=\"fn\">Iuliana Anca<\/span><\/a><\/div>\n<\/div>\n<\/div>\n<\/div>\n<div id=\"cb-related-posts\" class=\"cb-related-posts-block cb-post-end-block clearfix\">\n<h3 class=\"cb-block-title\">Postari asemanatoare<\/h3>\n<ul>\n<li class=\"cb-style-overlay cb-grid-entry cb-related-post no-1\">\n<div class=\"cb-mask\"><a href=\"https:\/\/suceavalive.ro\/calendarul-zilei-de-19-decembrie-2\/\"><img decoding=\"async\" width=\"360\" height=\"240\" src=\"https:\/\/analyse.optim.biz\/wp-content\/uploads\/2025\/12\/nae-lazarescu-360x240-50.jpg\" class=\"attachment-cb-360-240 size-cb-360-240 wp-post-image\" loading=\"lazy\" title=\"nae-lazarescu-360x240-50\"><\/a><\/div>\n<div class=\"cb-meta cb-article-meta\">\n<h4 class=\"h3 cb-post-title\"><a href=\"https:\/\/suceavalive.ro\/calendarul-zilei-de-19-decembrie-2\/\">Calendarul zilei de 19 decembrie<\/a><\/h4>\n<div class=\"cb-byline cb-font-header\">\n<div class=\"cb-date cb-byline-element\"><time datetime=\"2025-12-19\">19 decembrie 2025<\/time><\/div>\n<\/div>\n<\/div>\n<\/li>\n<li class=\"cb-style-overlay cb-grid-entry cb-related-post no-2\">\n<div class=\"cb-mask\"><a href=\"https:\/\/suceavalive.ro\/calendarul-zilei-de-18-decembrie-2\/\"><img decoding=\"async\" width=\"360\" height=\"240\" src=\"https:\/\/analyse.optim.biz\/wp-content\/uploads\/2025\/12\/stefan-banica-360x240-60.jpg\" class=\"attachment-cb-360-240 size-cb-360-240 wp-post-image\" loading=\"lazy\" title=\"stefan-banica-360x240-60\"><\/a><\/div>\n<div class=\"cb-meta cb-article-meta\">\n<h4 class=\"h3 cb-post-title\"><a href=\"https:\/\/suceavalive.ro\/calendarul-zilei-de-18-decembrie-2\/\">Calendarul zilei de 18 decembrie<\/a><\/h4>\n<div class=\"cb-byline cb-font-header\">\n<div class=\"cb-date cb-byline-element\"><time datetime=\"2025-12-18\">18 decembrie 2025<\/time><\/div>\n<\/div>\n<\/div>\n<\/li>\n<\/ul>\n<\/div>\n<\/footer>\n<div id=\"respond\" class=\"comment-respond\">\n<h3 id=\"reply-title\" class=\"comment-reply-title\">Lasa un raspuns <small><a rel=\"nofollow\" id=\"cancel-comment-reply-link\" href=\"https:\/\/suceavalive.ro\/tineri-prinsi-cu-droguri-parcarea-de-la-cetatea-de-scaun-sucevei\/#respond\">Anuleaza raspunsul<\/a><\/small><\/h3>\n<p class=\"comment-notes\">Adresa ta de email nu va fi publicat\u0103.<\/p>\n<\/div>\n<\/article>\n<p> Source URL: https:\/\/suceavalive.ro\/tineri-prinsi-cu-droguri-parcarea-de-la-cetatea-de-scaun-sucevei\/<\/p>\n","protected":false},"excerpt":{"rendered":"<p>Tineri prin\u0219i cu droguri, \u00een parcarea de la Cetatea de Scaun a Sucevei 8 noiembrie 2016 Mar\u0163i, 8 noiembrie 2016, \u00een jurul orei 00:30, un echipaj de jandarmerie a observat, \u00een parcarea din apropierea Cet\u0103\u0163ii de Scaun Suceava, un autoturism \u00een care se aflau patru tineri. Deoarece ace\u015ftia au devenit agita\u0163i la vederea echipajului, jandarmii [&hellip;]<\/p>\n","protected":false},"author":1,"featured_media":1220259,"comment_status":"open","ping_status":"","sticky":false,"template":"","format":"standard","meta":{"footnotes":""},"categories":[89],"tags":[173],"class_list":["post-1220258","post","type-post","status-publish","format-standard","has-post-thumbnail","hentry","category-romania","tag-suceavalive-ro"],"_links":{"self":[{"href":"https:\/\/analyse.optim.biz\/index.php?rest_route=\/wp\/v2\/posts\/1220258","targetHints":{"allow":["GET"]}}],"collection":[{"href":"https:\/\/analyse.optim.biz\/index.php?rest_route=\/wp\/v2\/posts"}],"about":[{"href":"https:\/\/analyse.optim.biz\/index.php?rest_route=\/wp\/v2\/types\/post"}],"author":[{"embeddable":true,"href":"https:\/\/analyse.optim.biz\/index.php?rest_route=\/wp\/v2\/users\/1"}],"replies":[{"embeddable":true,"href":"https:\/\/analyse.optim.biz\/index.php?rest_route=%2Fwp%2Fv2%2Fcomments&post=1220258"}],"version-history":[{"count":0,"href":"https:\/\/analyse.optim.biz\/index.php?rest_route=\/wp\/v2\/posts\/1220258\/revisions"}],"wp:featuredmedia":[{"embeddable":true,"href":"https:\/\/analyse.optim.biz\/index.php?rest_route=\/wp\/v2\/media\/1220259"}],"wp:attachment":[{"href":"https:\/\/analyse.optim.biz\/index.php?rest_route=%2Fwp%2Fv2%2Fmedia&parent=1220258"}],"wp:term":[{"taxonomy":"category","embeddable":true,"href":"https:\/\/analyse.optim.biz\/index.php?rest_route=%2Fwp%2Fv2%2Fcategories&post=1220258"},{"taxonomy":"post_tag","embeddable":true,"href":"https:\/\/analyse.optim.biz\/index.php?rest_route=%2Fwp%2Fv2%2Ftags&post=1220258"}],"curies":[{"name":"wp","href":"https:\/\/api.w.org\/{rel}","templated":true}]}}