{"id":1220136,"date":"2016-03-22T23:48:56","date_gmt":"2016-03-22T20:48:56","guid":{"rendered":"https:\/\/analyse.optim.biz\/?p=1220136"},"modified":"2016-03-22T23:48:56","modified_gmt":"2016-03-22T20:48:56","slug":"22-03-2016-invitata-dana-stoian","status":"publish","type":"post","link":"https:\/\/analyse.optim.biz\/?p=1220136","title":{"rendered":"22.03.2016 Invitat\u0103 Dana Stoian"},"content":{"rendered":"<article id=\"post-221119\" class=\"post-221119 post type-post status-publish format-standard has-post-thumbnail hentry category-pressalert-tv category-pressalert-live-sezonul-iii tag-dana-stoian tag-dragos-bota tag-emisiune tag-interviu tag-invitata tag-medic tag-pressalert-live\">\n<div class=\"td-post-header td-pb-padding-side\">\n<div class=\"entry-crumbs\"><span><a title class=\"entry-crumb\" href=\"https:\/\/www.pressalert.ro\/\"><span>Acas\u0103<\/span><\/a><\/span><span><a title=\"Vede\u021bi toate articolele \u00een PRESSALERT LIVE\" class=\"entry-crumb\" href=\"https:\/\/www.pressalert.ro\/category\/pressalert-tv\/\"><span>PRESSALERT LIVE<\/span><\/a><\/span><span class=\"td-bred-no-url-last\">22.03.2016 Invitat\u0103 Dana Stoian<\/span><\/div>\n<ul class=\"td-category\">\n<li class=\"entry-category\"><a href=\"https:\/\/www.pressalert.ro\/category\/pressalert-tv\/\">PRESSALERT LIVE<\/a><\/li>\n<li class=\"entry-category\"><a href=\"https:\/\/www.pressalert.ro\/category\/pressalert-tv\/pressalert-live-sezonul-iii\/\">Pressalert LIVE &#8211; Sezonul III<\/a><\/li>\n<\/ul>\n<header>\n<h1 class=\"entry-title\">22.03.2016 Invitat\u0103 Dana Stoian<\/h1>\n<div class=\"meta-info\">\n<div class=\"td-post-author-name\">\n<div class=\"td-author-by\">De<\/div>\n<p><a href=\"https:\/\/www.pressalert.ro\/author\/mirelasv\/\">Mirela Stoeac Vl\u0103du\u021bi<\/a><\/p>\n<div class=\"td-author-line\"> &#8211; <\/div>\n<\/div>\n<p><span class=\"td-post-date\"><time class=\"entry-date updated td-module-date\" datetime=\"2016-03-22T23:48:56+00:00\">mart. 22, 2016<\/time><\/span><\/p>\n<div class=\"td-post-comments\"><a href=\"https:\/\/www.pressalert.ro\/2016\/03\/22-03-2016-invitata-dana-stoian\/#respond\">0<\/a><\/div>\n<\/div>\n<\/header>\n<\/div>\n<div class=\"td-post-sharing td-post-sharing-top td-pb-padding-side\"><span class=\"td-post-share-title\">DISTRIBUI\u021aI<\/span><\/p>\n<div class=\"td-default-sharing \"><a class=\"td-social-sharing-buttons td-social-facebook\" href=\"http:\/\/www.facebook.com\/sharer.php?u=https%3A%2F%2Fwww.pressalert.ro%2F2016%2F03%2F22-03-2016-invitata-dana-stoian%2F\"><\/p>\n<div class=\"td-social-but-text\">Facebook<\/div>\n<p><\/a><a class=\"td-social-sharing-buttons td-social-twitter\" href=\"https:\/\/twitter.com\/intent\/tweet?text=22.03.2016+Invitat%C4%83+Dana+Stoian&amp;url=https%3A%2F%2Fwww.pressalert.ro%2F2016%2F03%2F22-03-2016-invitata-dana-stoian%2F&amp;via=PRESSALERT.ro\"><\/p>\n<div class=\"td-social-but-text\">Twitter<\/div>\n<p><\/a><\/div>\n<\/div>\n<footer>\n<div class=\"td-post-source-tags td-pb-padding-side\">\n<ul class=\"td-tags td-post-small-box clearfix\">\n<li><span>ETICHETE<\/span><\/li>\n<li><a href=\"https:\/\/www.pressalert.ro\/tag\/dana-stoian\/\">dana stoian<\/a><\/li>\n<li><a href=\"https:\/\/www.pressalert.ro\/tag\/dragos-bota\/\">dragos bota<\/a><\/li>\n<li><a href=\"https:\/\/www.pressalert.ro\/tag\/emisiune\/\">emisiune<\/a><\/li>\n<li><a href=\"https:\/\/www.pressalert.ro\/tag\/interviu\/\">interviu<\/a><\/li>\n<li><a href=\"https:\/\/www.pressalert.ro\/tag\/invitata\/\">invitata<\/a><\/li>\n<li><a href=\"https:\/\/www.pressalert.ro\/tag\/medic\/\">medic<\/a><\/li>\n<li><a href=\"https:\/\/www.pressalert.ro\/tag\/pressalert-live\/\">pressalert live<\/a><\/li>\n<\/ul>\n<\/div>\n<div class=\"td-post-sharing td-post-sharing-bottom td-pb-padding-side\"><span class=\"td-post-share-title\">DISTRIBUI\u021aI<\/span><\/p>\n<div class=\"td-default-sharing \"><a class=\"td-social-sharing-buttons td-social-facebook\" href=\"http:\/\/www.facebook.com\/sharer.php?u=https%3A%2F%2Fwww.pressalert.ro%2F2016%2F03%2F22-03-2016-invitata-dana-stoian%2F\"><\/p>\n<div class=\"td-social-but-text\">Facebook<\/div>\n<p><\/a><a class=\"td-social-sharing-buttons td-social-twitter\" href=\"https:\/\/twitter.com\/intent\/tweet?text=22.03.2016+Invitat%C4%83+Dana+Stoian&amp;url=https%3A%2F%2Fwww.pressalert.ro%2F2016%2F03%2F22-03-2016-invitata-dana-stoian%2F&amp;via=PRESSALERT.ro\"><\/p>\n<div class=\"td-social-but-text\">Twitter<\/div>\n<p><\/a><\/div>\n<\/div>\n<div class=\"td-block-row td-post-next-prev\">\n<div class=\"td-block-span6 td-post-prev-post\">\n<div class=\"td-post-next-prev-content\"><span>Articolul precedent<\/span><a href=\"https:\/\/www.pressalert.ro\/2016\/03\/bataie-de-joc-locatarii-de-pe-bulevardul-cetatii-nevoiti-sa-se-spele-cu-apa-murdara-de-doua-luni-de-zile-cum-ignora-colterm-sesizarile\/\">B\u0102TAIE DE JOC Locatarii de pe bulevardul Cet\u0103\u021bii, nevoi\u021bi s\u0103 se spele cu ap\u0103 murdar\u0103 de dou\u0103 luni de zile. Cum ignor\u0103 Colterm sesiz\u0103rile<\/a><\/div>\n<\/div>\n<div class=\"td-block-span6 td-post-next-post\">\n<div class=\"td-post-next-prev-content\"><span>Articolul urm\u0103tor<\/span><a href=\"https:\/\/www.pressalert.ro\/2016\/03\/paradox-dati-afara-de-acs-poli-de-baza-la-noile-echipe-care-e-acum-situatia-jucatorilor-de-care-s-debarasat-iarna-demisul-florin-marin\/\">PARADOX Da\u021bi afar\u0103 de ACS Poli, dar de baz\u0103 la noile echipe. Care e acum situa\u021bia juc\u0103torilor de care s-a debarasat \u00een iarn\u0103 demisul Florin Marin<\/a><\/div>\n<\/div>\n<\/div>\n<div class=\"author-box-wrap\"><a href=\"https:\/\/www.pressalert.ro\/author\/mirelasv\/\"><img loading=\"lazy\" decoding=\"async\" src=\"https:\/\/analyse.optim.biz\/wp-content\/uploads\/2025\/12\/2a0c782cd3352d514756c617f1763a62-1.jpg\" class=\"avatar avatar-96 photo\" height=\"96\" width=\"96\" title=\"2a0c782cd3352d514756c617f1763a62-1\"><\/a><\/p>\n<div class=\"desc\">\n<div class=\"td-author-name vcard author\"><span class=\"fn\"><a href=\"https:\/\/www.pressalert.ro\/author\/mirelasv\/\">Mirela Stoeac Vl\u0103du\u021bi<\/a><\/span><\/div>\n<div class=\"td-author-url\"><a href=\"http:\/\/www.pressalert.ro\">http:\/\/www.pressalert.ro<\/a><\/div>\n<\/div>\n<\/div>\n<p><span><\/span><span><span><\/span><\/span><span><\/span><\/footer>\n<\/article>\n<p> Source URL: https:\/\/www.pressalert.ro\/2016\/03\/22-03-2016-invitata-dana-stoian\/<\/p>\n","protected":false},"excerpt":{"rendered":"<p>Acas\u0103PRESSALERT LIVE22.03.2016 Invitat\u0103 Dana Stoian PRESSALERT LIVE Pressalert LIVE &#8211; Sezonul III 22.03.2016 Invitat\u0103 Dana Stoian De Mirela Stoeac Vl\u0103du\u021bi &#8211; mart. 22, 2016 0 DISTRIBUI\u021aI Facebook Twitter ETICHETE dana stoian dragos bota emisiune interviu invitata medic pressalert live DISTRIBUI\u021aI Facebook Twitter Articolul precedentB\u0102TAIE DE JOC Locatarii de pe bulevardul Cet\u0103\u021bii, nevoi\u021bi s\u0103 se spele [&hellip;]<\/p>\n","protected":false},"author":1,"featured_media":1220137,"comment_status":"open","ping_status":"","sticky":false,"template":"","format":"standard","meta":{"footnotes":""},"categories":[89],"tags":[176],"class_list":["post-1220136","post","type-post","status-publish","format-standard","has-post-thumbnail","hentry","category-romania","tag-pressalert-ro"],"_links":{"self":[{"href":"https:\/\/analyse.optim.biz\/index.php?rest_route=\/wp\/v2\/posts\/1220136","targetHints":{"allow":["GET"]}}],"collection":[{"href":"https:\/\/analyse.optim.biz\/index.php?rest_route=\/wp\/v2\/posts"}],"about":[{"href":"https:\/\/analyse.optim.biz\/index.php?rest_route=\/wp\/v2\/types\/post"}],"author":[{"embeddable":true,"href":"https:\/\/analyse.optim.biz\/index.php?rest_route=\/wp\/v2\/users\/1"}],"replies":[{"embeddable":true,"href":"https:\/\/analyse.optim.biz\/index.php?rest_route=%2Fwp%2Fv2%2Fcomments&post=1220136"}],"version-history":[{"count":0,"href":"https:\/\/analyse.optim.biz\/index.php?rest_route=\/wp\/v2\/posts\/1220136\/revisions"}],"wp:featuredmedia":[{"embeddable":true,"href":"https:\/\/analyse.optim.biz\/index.php?rest_route=\/wp\/v2\/media\/1220137"}],"wp:attachment":[{"href":"https:\/\/analyse.optim.biz\/index.php?rest_route=%2Fwp%2Fv2%2Fmedia&parent=1220136"}],"wp:term":[{"taxonomy":"category","embeddable":true,"href":"https:\/\/analyse.optim.biz\/index.php?rest_route=%2Fwp%2Fv2%2Fcategories&post=1220136"},{"taxonomy":"post_tag","embeddable":true,"href":"https:\/\/analyse.optim.biz\/index.php?rest_route=%2Fwp%2Fv2%2Ftags&post=1220136"}],"curies":[{"name":"wp","href":"https:\/\/api.w.org\/{rel}","templated":true}]}}