{"id":1217800,"date":"2014-08-13T12:19:18","date_gmt":"2014-08-13T09:19:18","guid":{"rendered":"https:\/\/analyse.optim.biz\/?p=1217800"},"modified":"2014-08-13T12:19:18","modified_gmt":"2014-08-13T09:19:18","slug":"hoinar-in-bucovina-ciprian-porumbescu-suceavalive","status":"publish","type":"post","link":"https:\/\/analyse.optim.biz\/?p=1217800","title":{"rendered":"Hoinar \u00een Bucovina \u2013 Ciprian Porumbescu &#8211; SuceavaLIVE"},"content":{"rendered":"<article id=\"post-43836\" class=\"clearfix post-43836 post type-post status-publish format-standard has-post-thumbnail hentry category-emisiuni category-hoinar category-slide tag-ciprian-porumbescu tag-dumitru-nimitan tag-golembiovshi tag-hoinar-in-bucovina tag-iraclie-porumbescu tag-marioara-porumbescu tag-suceava tag-suceavalive\">\n<header id=\"cb-standard-featured\">\n<div id=\"cb-fis-wrap\" class=\"cb-entry-header cb-fis cb-style-standard\"><span class=\"cb-title-fi\"><\/p>\n<h1 class=\"entry-title cb-entry-title cb-single-title\">Hoinar \u00een Bucovina \u2013 Ciprian Porumbescu<\/h1>\n<div class=\"cb-byline cb-font-header\">\n<div class=\"cb-date cb-byline-element\"><time datetime=\"2014-08-13\">13 august 2014<\/time><\/div>\n<\/div>\n<p><\/span><\/div>\n<div class=\"cb-mask\"><img decoding=\"async\" width=\"348\" height=\"512\" src=\"https:\/\/analyse.optim.biz\/wp-content\/uploads\/2025\/12\/comuna-ciprian-porumbescu-2-e1407845853801-1.png\" class=\"attachment-cb-full-full size-cb-full-full wp-post-image\" loading=\"lazy\" title=\"comuna-ciprian-porumbescu-2-e1407845853801-1\"><\/div>\n<\/header>\n<p>Balada lui Ciprian Porumbescu, simbolul ne\u00eentrecut al comunei, este cea mai autentic\u0103 melodie rom\u00e2neasc\u0103, este sincer\u0103 \u0219i \u00ee\u021bi alearg\u0103 prin vene, din vene \u00een sinapse, r\u0103scolindu-\u021bi trecutul \u0219i apoi te transpune \u00een viitor, r\u0103m\u00e2n\u00e2ndu-\u021bi \u00een inim\u0103.<\/p>\n<section class=\"cb-entry-content entry-content clearfix\">\n<p>V\u0103 invit s\u0103 hoin\u0103rim prin frumoasa comun\u0103, care ast\u0103zi \u00eei poart\u0103 numele celebrului compozitor. Din capul locului trebuie s\u0103 amintim c\u0103 numele ini\u021bial al comunei era Stupca, deoarece aici \u00ee\u0219i aveau ob\u00e2r\u0219ia multe familii de apicultori. La fel \u0219i familia lui Ciprian avea un alt nume: Golembiovschi, dar ulterior preotul ortodox Ieraclie, tat\u0103l artistului, cere schimbare \u00een Porumbescu.<\/p>\n<p>\u00cen toamna anului 1853, \u00een \u0219ipotele Sucevei se n\u0103\u015ftea muzicianul care mai bine ca nimeni altul de la noi, avea s\u0103 fie \u00eentruparea eroului romantic. Din c\u0103su\u0163a ridicat\u0103 pe o coast\u0103 \u00eemp\u0103durit\u0103 \u015fi cu acoperi\u015ful alunecat peste pridvor, din \u0218ipote \u015fi p\u00e2n\u0103 la locuin\u0163a din Stupca, unde drumul i s-a sf\u00e2r\u015fit \u00een prim\u0103vara lui 1883, se \u00eentind ani, prea pu\u0163ini ani de muzic\u0103.<\/p>\n<p>Ast\u0103zi, la Stupca i-a r\u0103mas morm\u00e2ntul \u015fi pe cruce ultimele r\u00e2nduri din \u201eC\u00e2ntecul tricolorului\u201d, ca r\u0103spuns la una din ultimele lui dorin\u0163e: \u201eIar c\u00e2nd, fra\u0163ilor, m-oi duce\/ De la voi \u015fi-o fi s\u0103 mor,\/ Pe morm\u00e2nt atunci s\u0103-mi pune\u0163i\/ M\u00e2ndrul nostru tricolor\u201d. Stupca a disp\u0103rut o dat\u0103 cu el\u2026 \u00een locul ei s-a n\u0103scut un sat care-i poart\u0103 numele: Ciprian Porumbescu.<\/p>\n<p>De atunci \u0219i p\u00e2n\u0103 ast\u0103zi, comuna a trecut prin nenum\u0103rate transform\u0103ri. \u00cen 1954, denumirea localit\u0103\u021bii se schimba din \u201eStupca\u201d \u00een \u201eCiprian Porumbescu\u201d, iar din 2002 este comun\u0103 de sine st\u0103t\u0103toare, dup\u0103 ce se rupe de satele B\u0103l\u0103ceana, Bra\u0219ca \u0219i Ili\u0219e\u0219ti.<\/p>\n<p>Aceste lucruri \u0219i nu numai, ce are special aceast\u0103 localitate, care sunt planurile de viitor ale administra\u021biei locale, via\u021ba religioas\u0103 \u0219i economic\u0103 le vom descoperi \u00een cadrul emisiunii Hoinar \u00een Bucovina.<br \/>\n<iframe loading=\"lazy\" src=\"https:\/\/www.youtube.com\/embed\/We6vyNeE3kM\" width=\"500\" height=\"315\" frameborder allowfullscreen=\"allowfullscreen\"><\/iframe><\/p>\n<\/section>\n<footer class=\"article-footer\">\n<p class=\"cb-tags\"><a href=\"https:\/\/suceavalive.ro\/tag\/ciprian-porumbescu\/\" rel=\"tag\">ciprian porumbescu<\/a><a href=\"https:\/\/suceavalive.ro\/tag\/dumitru-nimitan\/\" rel=\"tag\">dumitru nimitan<\/a><a href=\"https:\/\/suceavalive.ro\/tag\/golembiovshi\/\" rel=\"tag\">golembiovshi<\/a><a href=\"https:\/\/suceavalive.ro\/tag\/hoinar-in-bucovina\/\" rel=\"tag\">hoinar in bucovina<\/a><a href=\"https:\/\/suceavalive.ro\/tag\/iraclie-porumbescu\/\" rel=\"tag\">iraclie porumbescu<\/a><a href=\"https:\/\/suceavalive.ro\/tag\/marioara-porumbescu\/\" rel=\"tag\">marioara porumbescu<\/a><a href=\"https:\/\/suceavalive.ro\/tag\/suceava\/\" rel=\"tag\">Suceava<\/a><a href=\"https:\/\/suceavalive.ro\/tag\/suceavalive\/\" rel=\"tag\">suceavalive<\/a><\/p>\n<div class=\"cb-social-sharing cb-post-footer-block cb-beside clearfix\">\n<div class=\"cb-title-subtle\">Share On:<\/div>\n<div class=\"cb-twitter\"><a href=\"https:\/\/twitter.com\/share\" class=\"twitter-share-button\" data-dnt=\"true\" data-count=\"horizontal\">Tweet<\/a><\/div>\n<\/div>\n<div id=\"cb-previous-next-links\" class=\"cb-post-footer-block clearfix\">\n<div id=\"cb-previous-link\"><a href=\"https:\/\/suceavalive.ro\/5-artisti-suceveni-la-tabara-de-pictura-de-la-calinesti\/\" rel=\"prev\">5 arti\u0219ti suceveni la Tab\u0103ra de Pictur\u0103 de la C\u0103line\u0219ti<\/a><\/div>\n<div id=\"cb-next-link\"><a href=\"https:\/\/suceavalive.ro\/urmarit-international-identificat-si-retinut-de-politistii-suceveni\/\" rel=\"next\">Urm\u0103rit interna\u021bional, identificat \u0219i re\u021binut de poli\u021bi\u0219tii suceveni<\/a><\/div>\n<\/div>\n<div id=\"cb-author-box\" class=\"clearfix\">\n<h3 class=\"cb-block-title\">Despre autor<\/h3>\n<div class=\"cb-mask\"><a href=\"https:\/\/suceavalive.ro\/author\/tilihoi\/\"><img decoding=\"async\" src=\"https:\/\/analyse.optim.biz\/wp-content\/uploads\/2025\/12\/fa2d18728c5d81a58c6469ecd1ad7e557d4f11a4993458ce4a8238aca4504c9f-19.jpg\" class=\"avatar avatar-120 photo\" height=\"120\" width=\"120\" loading=\"lazy\" title=\"fa2d18728c5d81a58c6469ecd1ad7e557d4f11a4993458ce4a8238aca4504c9f-19\"><\/a><\/div>\n<div class=\"cb-meta\">\n<div class=\"cb-info\">\n<div class=\"cb-author-title vcard\"><a href=\"https:\/\/suceavalive.ro\/author\/tilihoi\/\"><span class=\"fn\">Cornel Tilihoi<\/span><\/a><\/div>\n<\/div>\n<\/div>\n<\/div>\n<div id=\"cb-related-posts\" class=\"cb-related-posts-block cb-post-end-block clearfix\">\n<h3 class=\"cb-block-title\">Postari asemanatoare<\/h3>\n<ul>\n<li class=\"cb-style-overlay cb-grid-entry cb-related-post no-1\">\n<div class=\"cb-mask\"><a href=\"https:\/\/suceavalive.ro\/calendarul-zilei-de-19-decembrie-2\/\"><img decoding=\"async\" width=\"360\" height=\"240\" src=\"https:\/\/analyse.optim.biz\/wp-content\/uploads\/2025\/12\/nae-lazarescu-360x240-49.jpg\" class=\"attachment-cb-360-240 size-cb-360-240 wp-post-image\" loading=\"lazy\" title=\"nae-lazarescu-360x240-49\"><\/a><\/div>\n<div class=\"cb-meta cb-article-meta\">\n<h4 class=\"h3 cb-post-title\"><a href=\"https:\/\/suceavalive.ro\/calendarul-zilei-de-19-decembrie-2\/\">Calendarul zilei de 19 decembrie<\/a><\/h4>\n<div class=\"cb-byline cb-font-header\">\n<div class=\"cb-date cb-byline-element\"><time datetime=\"2025-12-19\">19 decembrie 2025<\/time><\/div>\n<\/div>\n<\/div>\n<\/li>\n<li class=\"cb-style-overlay cb-grid-entry cb-related-post no-2\">\n<div class=\"cb-mask\"><a href=\"https:\/\/suceavalive.ro\/calendarul-zilei-de-18-decembrie-2\/\"><img decoding=\"async\" width=\"360\" height=\"240\" src=\"https:\/\/analyse.optim.biz\/wp-content\/uploads\/2025\/12\/stefan-banica-360x240-59.jpg\" class=\"attachment-cb-360-240 size-cb-360-240 wp-post-image\" loading=\"lazy\" title=\"stefan-banica-360x240-59\"><\/a><\/div>\n<div class=\"cb-meta cb-article-meta\">\n<h4 class=\"h3 cb-post-title\"><a href=\"https:\/\/suceavalive.ro\/calendarul-zilei-de-18-decembrie-2\/\">Calendarul zilei de 18 decembrie<\/a><\/h4>\n<div class=\"cb-byline cb-font-header\">\n<div class=\"cb-date cb-byline-element\"><time datetime=\"2025-12-18\">18 decembrie 2025<\/time><\/div>\n<\/div>\n<\/div>\n<\/li>\n<\/ul>\n<\/div>\n<\/footer>\n<div id=\"respond\" class=\"comment-respond\">\n<h3 id=\"reply-title\" class=\"comment-reply-title\">Lasa un raspuns <small><a rel=\"nofollow\" id=\"cancel-comment-reply-link\" href=\"https:\/\/suceavalive.ro\/hoinar-bucovina-ciprian-porumbescu\/#respond\">Anuleaza raspunsul<\/a><\/small><\/h3>\n<p class=\"comment-notes\">Adresa ta de email nu va fi publicat\u0103.<\/p>\n<\/div>\n<\/article>\n<p> Source URL: https:\/\/suceavalive.ro\/hoinar-bucovina-ciprian-porumbescu\/<\/p>\n","protected":false},"excerpt":{"rendered":"<p>Hoinar \u00een Bucovina \u2013 Ciprian Porumbescu 13 august 2014 Balada lui Ciprian Porumbescu, simbolul ne\u00eentrecut al comunei, este cea mai autentic\u0103 melodie rom\u00e2neasc\u0103, este sincer\u0103 \u0219i \u00ee\u021bi alearg\u0103 prin vene, din vene \u00een sinapse, r\u0103scolindu-\u021bi trecutul \u0219i apoi te transpune \u00een viitor, r\u0103m\u00e2n\u00e2ndu-\u021bi \u00een inim\u0103. V\u0103 invit s\u0103 hoin\u0103rim prin frumoasa comun\u0103, care ast\u0103zi \u00eei [&hellip;]<\/p>\n","protected":false},"author":1,"featured_media":1217801,"comment_status":"open","ping_status":"","sticky":false,"template":"","format":"standard","meta":{"footnotes":""},"categories":[89],"tags":[173],"class_list":["post-1217800","post","type-post","status-publish","format-standard","has-post-thumbnail","hentry","category-romania","tag-suceavalive-ro"],"_links":{"self":[{"href":"https:\/\/analyse.optim.biz\/index.php?rest_route=\/wp\/v2\/posts\/1217800","targetHints":{"allow":["GET"]}}],"collection":[{"href":"https:\/\/analyse.optim.biz\/index.php?rest_route=\/wp\/v2\/posts"}],"about":[{"href":"https:\/\/analyse.optim.biz\/index.php?rest_route=\/wp\/v2\/types\/post"}],"author":[{"embeddable":true,"href":"https:\/\/analyse.optim.biz\/index.php?rest_route=\/wp\/v2\/users\/1"}],"replies":[{"embeddable":true,"href":"https:\/\/analyse.optim.biz\/index.php?rest_route=%2Fwp%2Fv2%2Fcomments&post=1217800"}],"version-history":[{"count":0,"href":"https:\/\/analyse.optim.biz\/index.php?rest_route=\/wp\/v2\/posts\/1217800\/revisions"}],"wp:featuredmedia":[{"embeddable":true,"href":"https:\/\/analyse.optim.biz\/index.php?rest_route=\/wp\/v2\/media\/1217801"}],"wp:attachment":[{"href":"https:\/\/analyse.optim.biz\/index.php?rest_route=%2Fwp%2Fv2%2Fmedia&parent=1217800"}],"wp:term":[{"taxonomy":"category","embeddable":true,"href":"https:\/\/analyse.optim.biz\/index.php?rest_route=%2Fwp%2Fv2%2Fcategories&post=1217800"},{"taxonomy":"post_tag","embeddable":true,"href":"https:\/\/analyse.optim.biz\/index.php?rest_route=%2Fwp%2Fv2%2Ftags&post=1217800"}],"curies":[{"name":"wp","href":"https:\/\/api.w.org\/{rel}","templated":true}]}}