{"id":1217353,"date":"2023-09-12T16:51:14","date_gmt":"2023-09-12T13:51:14","guid":{"rendered":"https:\/\/analyse.optim.biz\/?p=1217353"},"modified":"2023-09-12T16:51:14","modified_gmt":"2023-09-12T13:51:14","slug":"spitalul-judetean-timisoara-va-distruge-peste-25-milioane-de-masti","status":"publish","type":"post","link":"https:\/\/analyse.optim.biz\/?p=1217353","title":{"rendered":"Spitalul Jude\u021bean Timi\u0219oara va distruge peste 2,5 milioane de m\u0103\u0219ti"},"content":{"rendered":"<article id=\"template-id-172790\" class=\"post-172790 tdb_templates type-tdb_templates status-publish post\">\n<div id=\"tdi_38\" class=\"tdc-zone\">\n<div class=\"tdc_zone tdi_39  wpb_row td-pb-row\">\n<div id=\"tdi_40\" class=\"tdc-row stretch_row_1400 td-stretch-content\">\n<div class=\"vc_row tdi_41  wpb_row td-pb-row tdc-element-style\">\n<div class=\"vc_column tdi_43  wpb_column vc_column_container tdc-column td-pb-span8\">\n<div class=\"wpb_wrapper\">\n<div class=\"td_block_wrap tdb_single_categories tdi_44 td-pb-border-top td_block_template_1 \" data-td-block-uid=\"tdi_44\">\n<div class=\"tdb-category td-fix-index\"><a class=\"tdb-entry-category\" href=\"https:\/\/voceatimisului.ro\/stiri-din-timisoara-si-timis\/\">\u0218tiri<\/a><a class=\"tdb-entry-category\" href=\"https:\/\/voceatimisului.ro\/stiri-din-timisoara-si-timis\/sanatate\/\">S\u0103n\u0103tate<\/a><\/div>\n<\/div>\n<div class=\"td_block_wrap tdb_title tdi_45 tdb-single-title td-pb-border-top td_block_template_1\" data-td-block-uid=\"tdi_45\">\n<div class=\"tdb-block-inner td-fix-index\">\n<h1 class=\"tdb-title-text\">Ca-n Rom\u00e2nia! Spitalul Jude\u021bean Timi\u0219oara va distruge peste 2,5 milioane de m\u0103\u0219ti de protec\u021bie, care i-au fost b\u0103gate pe g\u00e2t de smecherii din S\u0103n\u0103tate, dac\u0103 nu va g\u0103si cerere \u00een pia\u021b\u0103, \u00eenainte de termenul de expirare<\/h1>\n<\/div>\n<\/div>\n<div class=\"vc_row_inner tdi_48  vc_row vc_inner wpb_row td-pb-row\">\n<div class=\"vc_column_inner tdi_50  wpb_column vc_column_container tdc-inner-column td-pb-span6\">\n<div class=\"vc_column-inner\">\n<div class=\"wpb_wrapper\">\n<div class=\"td_block_wrap tdb_single_author tdi_51 td-pb-border-top td_block_template_1 tdb-post-meta\" data-td-block-uid=\"tdi_51\">\n<div class=\"tdb-block-inner td-fix-index\">\n<div class=\"tdb-author-name-wrap\"><span class=\"tdb-author-by\">Autor-<\/span><a class=\"tdb-author-name\" href=\"https:\/\/voceatimisului.ro\/author\/tibi\/\">Tiberiu Kiss<\/a><\/div>\n<\/div>\n<\/div>\n<div class=\"td_block_wrap tdb_single_date tdi_52 td-pb-border-top td_block_template_1 tdb-post-meta\" data-td-block-uid=\"tdi_52\">\n<div class=\"tdb-block-inner td-fix-index\"><time class=\"entry-date updated td-module-date\" datetime=\"2023-09-12T19:51:14+03:00\">12 septembrie 2023<\/time><\/div>\n<\/div>\n<div class=\"td_block_wrap tdb_single_comments_count tdi_53 td-pb-border-top td_block_template_1 tdb-post-meta\" data-td-block-uid=\"tdi_53\">\n<div class=\"tdb-block-inner td-fix-index\"><a href=\"https:\/\/voceatimisului.ro\/ca-n-romania-spitalul-judetean-timisoara-va-distruge-peste-25-milioane-de-masti-de-protectie-care-i-au-fost-bagate-pe-gat-de-smecherii-din-sanatate-daca-nu-va-gasi-cerere-in-piata-inainte-de-term\/#comments\"><span>2<\/span><\/a><\/div>\n<\/div>\n<div class=\"td_block_wrap tdb_single_post_views tdi_54 td-pb-border-top td_block_template_1 tdb-post-meta\" data-td-block-uid=\"tdi_54\">\n<div class=\"tdb-block-inner td-fix-index\"><span class=\"tdb-add-text\">1<\/span><span class=\"td-nr-views-157004\">2208<\/span><\/div>\n<\/div>\n<\/div>\n<\/div>\n<\/div>\n<div class=\"vc_column_inner tdi_56  wpb_column vc_column_container tdc-inner-column td-pb-span6\">\n<div class=\"vc_column-inner\">\n<div class=\"wpb_wrapper\">\n<div class=\"td_block_wrap tdb_single_post_share tdi_57  td-pb-border-top td_block_template_1\" data-td-block-uid=\"tdi_57\">\n<div id=\"tdi_57\" class=\"td-post-sharing tdb-block td-ps-bg td-ps-notext td-post-sharing-style1 \">\n<div class=\"td-post-sharing-visible\"><a class=\"td-social-sharing-button td-social-sharing-button-js td-social-network td-social-facebook\" href=\"https:\/\/www.facebook.com\/sharer.php?u=https%3A%2F%2Fvoceatimisului.ro%2Fca-n-romania-spitalul-judetean-timisoara-va-distruge-peste-25-milioane-de-masti-de-protectie-care-i-au-fost-bagate-pe-gat-de-smecherii-din-sanatate-daca-nu-va-gasi-cerere-in-piata-inainte-de-term%2F\" title=\"Facebook\" rel=\"noopener\"><\/p>\n<div class=\"td-social-but-text\">Facebook<\/div>\n<p><\/a><a class=\"td-social-sharing-button td-social-sharing-button-js td-social-network td-social-twitter\" href=\"https:\/\/twitter.com\/intent\/tweet?text=Ca-n+Rom%C3%A2nia%21+Spitalul+Jude%C8%9Bean+Timi%C8%99oara+va+distruge+peste+2%2C5+milioane+de+m%C4%83%C8%99ti+de+protec%C8%9Bie%2C+care+i-au+fost+b%C4%83gate+pe+g%C3%A2t+de+smecherii+din+S%C4%83n%C4%83tate%2C+dac%C4%83+nu+va+g%C4%83si+cerere+%C3%AEn+pia%C8%9B%C4%83%2C+%C3%AEnainte+de+termenul+de+expirare&amp;url=https%3A%2F%2Fvoceatimisului.ro%2Fca-n-romania-spitalul-judetean-timisoara-va-distruge-peste-25-milioane-de-masti-de-protectie-care-i-au-fost-bagate-pe-gat-de-smecherii-din-sanatate-daca-nu-va-gasi-cerere-in-piata-inainte-de-term%2F&amp;via=Vocea+Timisului\" title=\"Twitter\" rel=\"noopener\"><\/p>\n<div class=\"td-social-but-text\">Twitter<\/div>\n<p><\/a><a class=\"td-social-sharing-button td-social-sharing-button-js td-social-network td-social-pinterest\" href=\"https:\/\/pinterest.com\/pin\/create\/button\/?url=https:\/\/voceatimisului.ro\/ca-n-romania-spitalul-judetean-timisoara-va-distruge-peste-25-milioane-de-masti-de-protectie-care-i-au-fost-bagate-pe-gat-de-smecherii-din-sanatate-daca-nu-va-gasi-cerere-in-piata-inainte-de-term\/&amp;media=https:\/\/analyse.optim.biz\/wp-content\/uploads\/2025\/12\/spitalul-judetean-timisoara-va-distruge-peste-25-milioane-de-masti-de-protectie.jpg&amp;description=Ca-n+Rom%C3%A2nia%21+Spitalul+Jude%C8%9Bean+Timi%C8%99oara+va+distruge+peste+2%2C5+milioane+de+m%C4%83%C8%99ti+de+protec%C8%9Bie%2C+care+i-au+fost+b%C4%83gate+pe+g%C3%A2t+de+smecherii+din+S%C4%83n%C4%83tate%2C+dac%C4%83+nu+va+g%C4%83si+cerere+%C3%AEn+pia%C8%9B%C4%83%2C+%C3%AEnainte+de+termenul+de+expirare\" title=\"Pinterest\" rel=\"noopener\"><\/p>\n<div class=\"td-social-but-text\">Pinterest<\/div>\n<p><\/a><a class=\"td-social-sharing-button td-social-sharing-button-js td-social-network td-social-whatsapp\" href=\"https:\/\/api.whatsapp.com\/send?text=Ca-n+Rom%C3%A2nia%21+Spitalul+Jude%C8%9Bean+Timi%C8%99oara+va+distruge+peste+2%2C5+milioane+de+m%C4%83%C8%99ti+de+protec%C8%9Bie%2C+care+i-au+fost+b%C4%83gate+pe+g%C3%A2t+de+smecherii+din+S%C4%83n%C4%83tate%2C+dac%C4%83+nu+va+g%C4%83si+cerere+%C3%AEn+pia%C8%9B%C4%83%2C+%C3%AEnainte+de+termenul+de+expirare%20%0A%0A%20https:\/\/voceatimisului.ro\/ca-n-romania-spitalul-judetean-timisoara-va-distruge-peste-25-milioane-de-masti-de-protectie-care-i-au-fost-bagate-pe-gat-de-smecherii-din-sanatate-daca-nu-va-gasi-cerere-in-piata-inainte-de-term\/\" title=\"WhatsApp\" rel=\"noopener\"><\/p>\n<div class=\"td-social-but-text\">WhatsApp<\/div>\n<p><\/a><a class=\"td-social-sharing-button td-social-sharing-button-js td-social-network td-social-linkedin\" href=\"https:\/\/www.linkedin.com\/shareArticle?mini=true&amp;url=https:\/\/voceatimisului.ro\/ca-n-romania-spitalul-judetean-timisoara-va-distruge-peste-25-milioane-de-masti-de-protectie-care-i-au-fost-bagate-pe-gat-de-smecherii-din-sanatate-daca-nu-va-gasi-cerere-in-piata-inainte-de-term\/&amp;title=Ca-n+Rom%C3%A2nia%21+Spitalul+Jude%C8%9Bean+Timi%C8%99oara+va+distruge+peste+2%2C5+milioane+de+m%C4%83%C8%99ti+de+protec%C8%9Bie%2C+care+i-au+fost+b%C4%83gate+pe+g%C3%A2t+de+smecherii+din+S%C4%83n%C4%83tate%2C+dac%C4%83+nu+va+g%C4%83si+cerere+%C3%AEn+pia%C8%9B%C4%83%2C+%C3%AEnainte+de+termenul+de+expirare\" title=\"Linkedin\" rel=\"noopener\"><\/p>\n<div class=\"td-social-but-text\">Linkedin<\/div>\n<p><\/a><a class=\"td-social-sharing-button td-social-sharing-button-js td-social-network td-social-copy_url\" href=\"https:\/\/voceatimisului.ro\/ca-n-romania-spitalul-judetean-timisoara-va-distruge-peste-25-milioane-de-masti-de-protectie-care-i-au-fost-bagate-pe-gat-de-smecherii-din-sanatate-daca-nu-va-gasi-cerere-in-piata-inainte-de-term\/\" title=\"Copy URL\" rel=\"noopener\"><\/p>\n<div class=\"td-social-but-text\">Copy URL<\/div>\n<p><\/a><\/div>\n<\/div>\n<\/div>\n<\/div>\n<\/div>\n<\/div>\n<\/div>\n<div class=\"td_block_wrap tdb_single_featured_image tdi_58 tdb-content-horiz-left td-pb-border-top td_block_template_1\" data-td-block-uid=\"tdi_58\">\n<div class=\"tdb-block-inner td-fix-index\">\n<figure><img fetchpriority=\"high\" decoding=\"async\" width=\"696\" height=\"653\" class=\"entry-thumb\" src=\"https:\/\/analyse.optim.biz\/wp-content\/uploads\/2025\/12\/spitalul-judetean-timisoara-va-distruge-peste-25-milioane-de-masti-de-protectie-696x653-2.jpg\" alt=\"Spitalul Judetean Timisoara va distruge peste 25 milioane de masti de protectie\" title=\"Spitalul Judetean Timisoara va distruge peste 25 milioane de masti de protectie\" loading=\"eager\"><figcaption class=\"tdb-caption-text\">Spitalul Judetean Timisoara va distruge peste 25 milioane de masti de protectie<\/figcaption><\/figure>\n<\/div>\n<\/div>\n<div class=\"vc_row_inner tdi_60  vc_row vc_inner wpb_row td-pb-row\">\n<div class=\"vc_column_inner tdi_62  wpb_column vc_column_container tdc-inner-column td-pb-span4 td-is-sticky\">\n<div class=\"vc_column-inner\">\n<div class=\"wpb_wrapper\" data-sticky-enabled-on=\"W3RydWUsdHJ1ZSx0cnVlLHRydWVd\" data-sticky-offset=\"20\" data-sticky-is-width-auto=\"W2ZhbHNlLGZhbHNlLGZhbHNlLGZhbHNlXQ==\">\n<div class=\"td_block_wrap td_flex_block_1 tdi_63 td-pb-border-top td_block_template_1 td_ajax_preloading_preload td_flex_block\" data-td-block-uid=\"tdi_63\">\n<div id=\"tdi_63\" class=\"td_block_inner td-mc1-wrap\">\n<div class=\"td_module_flex td_module_flex_1 td_module_wrap td-animation-stack td-meta-info-hide td-cpt-post\">\n<div class=\"td-module-container td-category-pos-image\">\n<div class=\"td-module-meta-info\">\n<h3 class=\"entry-title td-module-title\"><a href=\"https:\/\/voceatimisului.ro\/investitii-de-500-de-milioane-de-euro-in-sanatate-prezentate-in-timpul-vizitei-ministrului-sanatatii-la-timisoara\/\" rel=\"bookmark\" title=\"Investi\u021bii de 500 de milioane de euro \u00een s\u0103n\u0103tate, prezentate \u00een timpul vizitei ministrului S\u0103n\u0103t\u0103\u021bii la Timi\u0219oara\">Investi\u021bii de 500 de milioane de euro \u00een s\u0103n\u0103tate, prezentate \u00een timpul vizitei ministrului S\u0103n\u0103t\u0103\u021bii la Timi\u0219oara<\/a><\/h3>\n<\/div>\n<\/div>\n<\/div>\n<div class=\"td_module_flex td_module_flex_1 td_module_wrap td-animation-stack td-meta-info-hide td-cpt-post\">\n<div class=\"td-module-container td-category-pos-image\">\n<div class=\"td-module-meta-info\">\n<h3 class=\"entry-title td-module-title\"><a href=\"https:\/\/voceatimisului.ro\/incompetenta-lui-fritz-lasa-timisoara-fara-spitalul-municipal\/\" rel=\"bookmark\" title=\"Incompeten\u021ba lui Fritz las\u0103 Timi\u0219oara f\u0103r\u0103 Spitalul Municipal\">Incompeten\u021ba lui Fritz las\u0103 Timi\u0219oara f\u0103r\u0103 Spitalul Municipal<\/a><\/h3>\n<\/div>\n<\/div>\n<\/div>\n<div class=\"td_module_flex td_module_flex_1 td_module_wrap td-animation-stack td-meta-info-hide td-cpt-post\">\n<div class=\"td-module-container td-category-pos-image\">\n<div class=\"td-module-meta-info\">\n<h3 class=\"entry-title td-module-title\"><a href=\"https:\/\/voceatimisului.ro\/trei-oferte-pentru-centrul-medical-de-recuperare-de-la-lovrin-investitie-de-peste-8-milioane-de-euro-cu-sprijin-european\/\" rel=\"bookmark\" title=\"Trei oferte pentru centrul medical de recuperare de la Lovrin. Investi\u021bie de peste 8 milioane de euro, cu sprijin european\">Trei oferte pentru centrul medical de recuperare de la Lovrin. Investi\u021bie de peste 8 milioane de euro, cu sprijin european<\/a><\/h3>\n<\/div>\n<\/div>\n<\/div>\n<div class=\"td_module_flex td_module_flex_1 td_module_wrap td-animation-stack td-meta-info-hide td-cpt-post\">\n<div class=\"td-module-container td-category-pos-image\">\n<div class=\"td-module-meta-info\">\n<h3 class=\"entry-title td-module-title\"><a href=\"https:\/\/voceatimisului.ro\/prof-univ-dr-mihai-ionac-a-plecat-definitiv-din-spitalul-judetean-timisoara\/\" rel=\"bookmark\" title=\"Prof. Univ. Dr. Mihai Ionac a plecat definitiv din Spitalul Jude\u021bean Timi\u0219oara\u00a0\">Prof. Univ. Dr. Mihai Ionac a plecat definitiv din Spitalul Jude\u021bean Timi\u0219oara\u00a0<\/a><\/h3>\n<\/div>\n<\/div>\n<\/div>\n<\/div>\n<\/div>\n<div class=\"tdb-author-box td_block_wrap tdb_single_author_box tdi_68 tdb-content-vert-top td-pb-border-top td_block_template_1\" data-td-block-uid=\"tdi_68\">\n<div class=\"tdb-block-inner td-fix-index\">\n<div class=\"tdb-author-info\"><a href=\"https:\/\/voceatimisului.ro\/author\/tibi\/\" class=\"tdb-author-name\">Tiberiu Kiss<\/a><\/p>\n<div class=\"tdb-author-descr\">\u00centreaga responsabilitate a comentariilor l\u0103sate de dumneavoastr\u0103 v\u0103 apar\u021bine!<br \/>\nClick <a href=\"https:\/\/voceatimisului.ro\/termeni-si-conditii\/\">aici<\/a>-citeste condi\u0163iile de utilizare ale site-ului www.voceatimisului.ro<\/div>\n<\/div>\n<\/div>\n<\/div>\n<\/div>\n<\/div>\n<\/div>\n<div class=\"vc_column_inner tdi_70  wpb_column vc_column_container tdc-inner-column td-pb-span8\">\n<div class=\"vc_column-inner\">\n<div class=\"wpb_wrapper\">\n<div class=\"td_block_wrap tdb_single_content tdi_71 td-pb-border-top td_block_template_1 td-post-content tagdiv-type\" data-td-block-uid=\"tdi_71\">\n<div class=\"tdb-block-inner td-fix-index\">\n<h5 class=\"wp-block-heading\">\u0218i, acum, str\u00e2nge\u021bi bine centurile de siguran\u021b\u0103, c\u0103 vine nucleara! \u00cenainte de toate, aten\u021bie la date, cifre \u0219i, mai presus de orice, la conexiunile transpartinice. A\u0219adar, cu siguran\u021b\u0103, nu exist\u0103 rom\u00e2n care s\u0103 nu fi auzit, m\u0103car de vreo zece ori pe zi, \u00een special \u00een pandemia de Covid-19, despre zmeul \u0219i greuceanul rom\u00e2nesc, Compania Na\u021bional\u0103 Unifarm SA, societate cu capital integral de stat \u0219i unul dintre principalii distribuitori de produse farmaceutice \u0219i para-farmaceutice din spa\u021biul carpato-danubiano-pontic. \u00cen traducere liber\u0103, \u00een special pentru cei care prefer\u0103 Discovery Channel sau National Geographic, o firm\u0103\u2026 cu management politic, \u00eempachetat\u0103 \u00eentr-una cu caracter social-sanitar, chipurile, ca parte integrant\u0103 a sistemului de ocrotire a s\u0103n\u0103t\u0103\u021bii. Practic, tot pentru iubitorii de animale, timp liber \u0219i c\u0103l\u0103torii, o pu\u0219culi\u021b\u0103 de partid!<\/h5>\n<p>Nici nu mai conteaz\u0103 c\u0103, \u00een acte, obiectul de activitate principal al Unifarm SA \u00eel constituie asigurarea re\u021belei sanitare de stat cu medicamente, produse tehnico-medicale, aparatur\u0103 \u0219i echipamente sanitare, seruri \u0219i vaccinuri, reactivi \u0219i alte produse din produc\u021bia intern\u0103 proprie \u0219i din import. Sau c\u0103, \u00een colaborare cu Ministerul S\u0103n\u0103t\u0103\u021bii, compania na\u021bional\u0103 ar trebui s\u0103 asigure toate cele necesare pentru programele na\u021bionale de s\u0103n\u0103tate, organizate \u0219i finan\u021bate de Guvernul Rom\u00e2niei, \u00een baza contractului de asisten\u021b\u0103 pentru s\u0103n\u0103tate public\u0103. <strong>Important de re\u021binut e c\u0103, \u00een plin\u0103 pandemie cu Covid-19, sub umbrela Unifarm SA, statul rom\u00e2n a fost jefuit ca la drumul mare, prin achizi\u021bionarea de materiale sanitare f\u0103r\u0103 licita\u021bie, \u00een numele st\u0103rii de urgen\u021b\u0103<\/strong>. O \u0219tiu bine at\u00e2t procurorii Direc\u021biei Na\u021bionale Anticorup\u021bie, c\u00e2t \u0219i cei din conducerea Cur\u021bii de Conturi a Rom\u00e2niei.<\/p>\n<p>E foarte adev\u0103rat c\u0103, la un moment dat, prin vara lui 2020, tot statul rom\u00e2n l-a dat exemplu negativ pe directorul CN Unifarm SA, Adrian Eugen Ionel, numit \u00een func\u021bie de tehnocratul Vlad Voiculescu \u0219i, ulterior, \u021binut \u00een bra\u021be de PSD \u0219i PNL. L-a ar\u0103tat pe transpartinicul Ionel cu degetul, p\u00e2n\u0103 l-a arestat pentru o preten\u021bie de mit\u0103, \u00een valoare de 760.000 euro, pe direc\u021bia unui furnizor de m\u0103\u0219ti chirurgicale. <strong>Ulterior, \u00een 2022, l-a condamnat la 6,8 ani de \u00eenchisoare pentru mit\u0103 \u0219i abuz \u00een serviciu ca mai apoi, dup\u0103 fix un an de zile, aceea\u0219i entitate statal\u0103 s\u0103-l pun\u0103 pe liber: un an cu am\u00e2narea pedepsei, cu un termen de supraveghere de doi ani<\/strong>! C\u0103 balul \u0219i dezm\u0103\u021bul au continuat la Unifarm SA, chiar \u0219i dup\u0103 descinderile DNA din vara lui 2020, o dovede\u0219te cu v\u00e2rf \u0219i \u00eendesat Spitalul Clinic Jude\u021bean de Urgen\u021b\u0103 \u201dPius Br\u00eenzeu\u201d Timi\u0219oara. La pachet cu alte zeci de unit\u0103\u021bi sanitare din Rom\u00e2nia, care au experimentat aceea\u0219i poveste halucinant\u0103! A\u0219a c\u0103 tabla adun\u0103rii nu face dec\u00e2t s\u0103 creioneze, \u00een mod clar, jaful din banul public, indiferent de guvernare, pe perioada pandemiei de Covid-19.<\/p>\n<p><strong>Pe scurt, la data de 23 iunie 2022, la ceva vreme dup\u0103 \u00eencetarea st\u0103rii de urgen\u021b\u0103, ISU \u201dBanat\u201d Timi\u0219 a donat Spitalului Jude\u021bean Timi\u0219oara, \u00een baza avizului de \u00eenso\u021bire a m\u0103rfii (seria TM 10.051) fix 3.900.000 de \u201dm\u0103\u0219ti faciale de uz medical \u00een 4 straturi clasa I de protec\u021bie Tip II\u201d<\/strong>. Le-a dat f\u0103r\u0103 ca unitatea sanitar\u0103 s\u0103 le fi cerut, solicitat sau pretins! \u0218i, a\u0219a cum rezult\u0103 din documente, valoarea per produs a fost stabilit\u0103 la 0.76 bani, \u00een timp ce totalul s-a oprit la cifra de 2.964.000 RON.\u00a0 Adic\u0103, vreo 600.000 euro! Cert e c\u0103, p\u00e2n\u0103 la data de 8 septembrie 2023, balan\u021ba SCJUT arat\u0103 c\u0103 cea mai mare unitate sanitar\u0103 din vestul Rom\u00e2niei a consumat 916.000 de buc\u0103\u021bi din cele 3,9 milioane de m\u0103\u0219ti, puse la dispozi\u021bie cu m\u0103rinimie de c\u0103tre ISU Banat, f\u0103r\u0103 niciun soi de preten\u021bie financiar\u0103. Deci, dup\u0103 14 luni de la dona\u021bie, stocul de m\u0103\u0219ti al Spitalului Jude\u021bean Timi\u0219oara este de circa 3 milioane de buc\u0103\u021bi.<\/p>\n<p><strong>Tempus fugit<\/strong><\/p>\n<p>Una peste alta, azi, problema major\u0103 a SCJUT nu este neap\u0103rat stocul enorm de m\u0103\u0219ti de protec\u021bie. Sau c\u0103 sute de baxuri, a\u0219a cum rezult\u0103 din probele video, ata\u0219ate la finalul materialului, sunt depozitate, la modul cel mai impropriu, prin toat\u0103 unitatea sanitar\u0103: <strong>de la intrarea principal\u0103 \u0219i p\u00e2n\u0103 \u00een amfiteatru<\/strong>! Din podea \u0219i p\u00e2n\u0103-n tavan! <strong>Nu, chestiunea major\u0103 e c\u0103, \u00een aprilie 2024, toate materiale sanitare expir\u0103<\/strong>! \u0218i nu numai c\u0103 milioane de m\u0103\u0219ti vor ie\u0219i din termenul de valabilitate \u0219i vor fi inutilizabile \u00een circa 6 luni de zile, dar vor mai trebui \u0219i transportate \u0219i distruse, \u00een regim special, opera\u021biune care va costa Spitalul Jude\u021bean Timi\u0219oara o c\u0103ru\u021b\u0103 de bani! <strong>C\u0103ci e greu de crezut c\u0103, dac\u0103 \u00een decurs de 14 luni, SCJUT a reu\u0219it s\u0103 consume un pic peste 900.000 de buc\u0103\u021bi, \u00een urm\u0103toarea jum\u0103tate de an, va epuiza mai mult de 300.000 de m\u0103\u0219ti<\/strong>.<\/p>\n<p>A\u0219a se face c\u0103 peste 2,5 milioane de m\u0103\u0219ti de la SCJUT, care se vor reg\u0103si \u00eenc\u0103rcate \u00een gestiunea spitalului cu o valoare de circa 2.000.000 RON, vor ajunge la incineratorul de de\u0219euri medicale, pe bani, \u00een ciuda eforturilor disperate ale conducerii de a le plasa c\u0103tre alte unit\u0103\u021bi sanitare de profil sau institu\u021bii publice. \u201d<strong>Pur \u0219i simplu, c\u00e2nd am fost director, m-am trezit cu ele. S-au livrat prin Direc\u021bia de S\u0103n\u0103tate Public\u0103 Timi\u0219 de c\u0103tre ISU, \u00een cadrul unui protocol la nivel na\u021bional, semnat cu Ministerul S\u0103n\u0103t\u0103\u021bii. Nu le-a cerut nimeni! \u0218tiam c\u0103 sunt multe, dar c\u0103 s\u0103 fac, dac\u0103 mi le-au adus \u00een curtea spitalului!? Am \u00eencercat, pe rela\u021bii personale, dar nimeni nu a vrut m\u0103\u0219ti. Am sunat chiar \u0219i la gr\u0103dini\u021be \u0219i \u0219coli. Nici m\u0103car copii r\u0103ci\u021bi nu aveau\u2026<\/strong>\u201d, a spus fostul manager al SCJUT, conf. dr. Sorin Barac.<\/p>\n<p>\u00cen acest moment, e c\u00e2t se poate de limpede c\u0103 toat\u0103 situa\u021bia delicat\u0103, a cump\u0103r\u0103turilor haotice \u0219i f\u0103r\u0103 num\u0103r, a r\u0103mas pe umerii actualei conduceri a Spitalului Jude\u021bean Timi\u0219oara. Totu\u0219i, directorul stabilimentului, prof. dr. Dorel S\u0103ndesc este optimist \u0219i sus\u021bine c\u0103 va g\u0103si o solu\u021bie decent\u0103, astfel \u00eenc\u00e2t banii publici s\u0103 nu fie arunca\u021bi pe fereastr\u0103: \u201d<strong>Cunosc situa\u021bia. Recunosc c\u0103 nu este una confortabil\u0103. M\u0103 voi ocupa personal, o s\u0103 sun la toate spitalele \u0219i institu\u021biile publice mari \u0219i o s\u0103 v\u0103d dac\u0103 cineva are nevoie de m\u0103\u0219ti. Am convingerea c\u0103, \u00een final, va fi bine. E clar c\u0103 noi, ca unitate sanitar\u0103, nu putem s\u0103 le epuiz\u0103m pe toate, \u00eenainte de termenul de expirare. Asta e situa\u021bia, azi. Vedem cum o rezolv\u0103m\u2026<\/strong>\u201d<\/p>\n<p>Partea frumoas\u0103 e c\u0103, a\u0219a cum rezult\u0103 din informa\u021bii, tabloul Spitalului Clinic Jude\u021bean de Urgen\u021b\u0103 Timi\u0219oara nu este unul singular, at\u00e2ta vreme c\u00e2t la nivelul fiec\u0103rui jude\u021b de pe teritoriul Rom\u00e2niei, achizi\u021biile de la CN Unifarm SA, realizate f\u0103r\u0103 licita\u021bie, sub masca st\u0103rii de urgen\u021b\u0103, au fost b\u0103gate pe g\u00e2t spitalelor publice, dincolo de cerin\u021be \u0219i necesit\u0103\u021bi. Tot prin ISU \u0219i prin DSP-uri, gra\u021bie protocolului semnat cu Ministerul S\u0103n\u0103t\u0103\u021bii, pe mandatul medicului Alexandru Rafila. A\u0219a c\u0103 r\u0103m\u00e2ne de v\u0103zut, av\u00e2nd \u00een vedere c\u0103 tot lotul de m\u0103\u0219ti medicale de protec\u021bie are aceea\u0219i dat\u0103 de expirare \u2013 aprilie 2024, c\u00e2t va mai pl\u0103ti statul rom\u00e2n ca s\u0103 incinereze controlat\u2026 ceea ce deja a pl\u0103tit. Tot controlat!<\/p>\n<figure class=\"wp-block-embed is-type-video is-provider-youtube wp-block-embed-youtube wp-embed-aspect-16-9 \">\n<div class=\"wp-block-embed__wrapper\"><span class=\"flying-press-youtube\" data-src=\"https:\/\/www.youtube.com\/embed\/bSHJDZ-iwpQ?feature=oembed&amp;autoplay=1\"><img decoding=\"async\" src=\"https:\/\/analyse.optim.biz\/wp-content\/uploads\/2025\/12\/55ace8550ff4d07ba8dfd3c107338f0a.jpg\" width=\"1280\" height=\"720\" alt=\"Spitalul Jude\u021bean Timi\u0219oara va distruge peste 2,5 milioane de m\u0103\u0219ti de protec\u021bie\" loading=\"lazy\" title=\"55ace8550ff4d07ba8dfd3c107338f0a\"><\/span><\/div>\n<\/figure>\n<figure class=\"wp-block-gallery has-nested-images columns-default is-cropped wp-block-gallery-1 is-layout-flex wp-block-gallery-is-layout-flex\">\n<figure class=\"wp-block-image size-large\"><a href=\"https:\/\/voceatimisului.ro\/wp-content\/uploads\/2023\/09\/Spitalul-Judetean-Timisoara-va-distruge-peste-25-milioane-de-masti-de-protectie5.jpg\"><img decoding=\"async\" width=\"737\" height=\"1024\" data-id=\"157014\" src=\"https:\/\/analyse.optim.biz\/wp-content\/uploads\/2025\/12\/spitalul-judetean-timisoara-va-distruge-peste-25-milioane-de-masti-de-protectie5-737x1024-1.jpg\" alt=\"Ca-n Rom\u00e2nia! Spitalul Jude\u021bean Timi\u0219oara va distruge peste 2,5 milioane de m\u0103\u0219ti de protec\u021bie, care i-au fost b\u0103gate pe g\u00e2t de smecherii din S\u0103n\u0103tate, dac\u0103 nu va g\u0103si cerere \u00een pia\u021b\u0103, \u00eenainte de termenul de expirare\" class=\"wp-image-157014\" loading=\"lazy\" title=\"spitalul-judetean-timisoara-va-distruge-peste-25-milioane-de-masti-de-protectie5-737x1024-1\"><\/a><\/figure>\n<figure class=\"wp-block-image size-large\"><a href=\"https:\/\/voceatimisului.ro\/wp-content\/uploads\/2023\/09\/Spitalul-Judetean-Timisoara-va-distruge-peste-25-milioane-de-masti-de-protectie4.jpg\"><img decoding=\"async\" width=\"679\" height=\"1024\" data-id=\"157013\" src=\"https:\/\/analyse.optim.biz\/wp-content\/uploads\/2025\/12\/spitalul-judetean-timisoara-va-distruge-peste-25-milioane-de-masti-de-protectie4-679x1024-1.jpg\" alt=\"Ca-n Rom\u00e2nia! Spitalul Jude\u021bean Timi\u0219oara va distruge peste 2,5 milioane de m\u0103\u0219ti de protec\u021bie, care i-au fost b\u0103gate pe g\u00e2t de smecherii din S\u0103n\u0103tate, dac\u0103 nu va g\u0103si cerere \u00een pia\u021b\u0103, \u00eenainte de termenul de expirare\" class=\"wp-image-157013\" loading=\"lazy\" title=\"spitalul-judetean-timisoara-va-distruge-peste-25-milioane-de-masti-de-protectie4-679x1024-1\"><\/a><\/figure>\n<figure class=\"wp-block-image size-large\"><a href=\"https:\/\/voceatimisului.ro\/wp-content\/uploads\/2023\/09\/Spitalul-Judetean-Timisoara-va-distruge-peste-25-milioane-de-masti-de-protectie3.png\"><img decoding=\"async\" loading=\"lazy\" width=\"472\" height=\"1024\" data-id=\"157012\" src=\"https:\/\/analyse.optim.biz\/wp-content\/uploads\/2025\/12\/spitalul-judetean-timisoara-va-distruge-peste-25-milioane-de-masti-de-protectie3-472x1024-1.png\" alt=\"Ca-n Rom\u00e2nia! Spitalul Jude\u021bean Timi\u0219oara va distruge peste 2,5 milioane de m\u0103\u0219ti de protec\u021bie, care i-au fost b\u0103gate pe g\u00e2t de smecherii din S\u0103n\u0103tate, dac\u0103 nu va g\u0103si cerere \u00een pia\u021b\u0103, \u00eenainte de termenul de expirare\" class=\"wp-image-157012\" title=\"spitalul-judetean-timisoara-va-distruge-peste-25-milioane-de-masti-de-protectie3-472x1024-1\"><\/a><\/figure>\n<figure class=\"wp-block-image size-large\"><a href=\"https:\/\/voceatimisului.ro\/wp-content\/uploads\/2023\/09\/Spitalul-Judetean-Timisoara-va-distruge-peste-25-milioane-de-masti-de-protectie2.png\"><img decoding=\"async\" loading=\"lazy\" width=\"472\" height=\"1024\" data-id=\"157011\" src=\"https:\/\/analyse.optim.biz\/wp-content\/uploads\/2025\/12\/spitalul-judetean-timisoara-va-distruge-peste-25-milioane-de-masti-de-protectie2-472x1024-1.png\" alt=\"Ca-n Rom\u00e2nia! Spitalul Jude\u021bean Timi\u0219oara va distruge peste 2,5 milioane de m\u0103\u0219ti de protec\u021bie, care i-au fost b\u0103gate pe g\u00e2t de smecherii din S\u0103n\u0103tate, dac\u0103 nu va g\u0103si cerere \u00een pia\u021b\u0103, \u00eenainte de termenul de expirare\" class=\"wp-image-157011\" title=\"spitalul-judetean-timisoara-va-distruge-peste-25-milioane-de-masti-de-protectie2-472x1024-1\"><\/a><\/figure>\n<figure class=\"wp-block-image size-large\"><a href=\"https:\/\/voceatimisului.ro\/wp-content\/uploads\/2023\/09\/Spitalul-Judetean-Timisoara-va-distruge-peste-25-milioane-de-masti-de-protectie1.jpg\"><img decoding=\"async\" loading=\"lazy\" width=\"768\" height=\"1024\" data-id=\"157010\" src=\"https:\/\/analyse.optim.biz\/wp-content\/uploads\/2025\/12\/spitalul-judetean-timisoara-va-distruge-peste-25-milioane-de-masti-de-protectie1-768x1024-1.jpg\" alt=\"Ca-n Rom\u00e2nia! Spitalul Jude\u021bean Timi\u0219oara va distruge peste 2,5 milioane de m\u0103\u0219ti de protec\u021bie, care i-au fost b\u0103gate pe g\u00e2t de smecherii din S\u0103n\u0103tate, dac\u0103 nu va g\u0103si cerere \u00een pia\u021b\u0103, \u00eenainte de termenul de expirare\" class=\"wp-image-157010\" title=\"spitalul-judetean-timisoara-va-distruge-peste-25-milioane-de-masti-de-protectie1-768x1024-1\"><\/a><\/figure>\n<figure class=\"wp-block-image size-large\"><a href=\"https:\/\/voceatimisului.ro\/wp-content\/uploads\/2023\/09\/Spitalul-Judetean-Timisoara-va-distruge-peste-25-milioane-de-masti-de-protectie6.jpg\"><img decoding=\"async\" loading=\"lazy\" width=\"1024\" height=\"728\" data-id=\"157009\" src=\"https:\/\/analyse.optim.biz\/wp-content\/uploads\/2025\/12\/spitalul-judetean-timisoara-va-distruge-peste-25-milioane-de-masti-de-protectie6-1024x728-1.jpg\" alt=\"Ca-n Rom\u00e2nia! Spitalul Jude\u021bean Timi\u0219oara va distruge peste 2,5 milioane de m\u0103\u0219ti de protec\u021bie, care i-au fost b\u0103gate pe g\u00e2t de smecherii din S\u0103n\u0103tate, dac\u0103 nu va g\u0103si cerere \u00een pia\u021b\u0103, \u00eenainte de termenul de expirare\" class=\"wp-image-157009\" title=\"spitalul-judetean-timisoara-va-distruge-peste-25-milioane-de-masti-de-protectie6-1024x728-1\"><\/a><\/figure>\n<figure class=\"wp-block-image size-large\"><a href=\"https:\/\/voceatimisului.ro\/wp-content\/uploads\/2023\/09\/Spitalul-Judetean-Timisoara-va-distruge-peste-25-milioane-de-masti-de-protectie7.jpg\"><img decoding=\"async\" loading=\"lazy\" width=\"1024\" height=\"704\" data-id=\"157008\" src=\"https:\/\/analyse.optim.biz\/wp-content\/uploads\/2025\/12\/spitalul-judetean-timisoara-va-distruge-peste-25-milioane-de-masti-de-protectie7-1024x704-1.jpg\" alt=\"Ca-n Rom\u00e2nia! Spitalul Jude\u021bean Timi\u0219oara va distruge peste 2,5 milioane de m\u0103\u0219ti de protec\u021bie, care i-au fost b\u0103gate pe g\u00e2t de smecherii din S\u0103n\u0103tate, dac\u0103 nu va g\u0103si cerere \u00een pia\u021b\u0103, \u00eenainte de termenul de expirare\" class=\"wp-image-157008\" title=\"spitalul-judetean-timisoara-va-distruge-peste-25-milioane-de-masti-de-protectie7-1024x704-1\"><\/a><\/figure>\n<\/figure>\n<\/div>\n<\/div>\n<div class=\"td_block_wrap tdb_single_tags tdi_74 td-pb-border-top td_block_template_1\" data-td-block-uid=\"tdi_74\">\n<div class=\"tdb-block-inner td-fix-index\">\n<ul class=\"tdb-tags\">\n<li><span>Tags<\/span><\/li>\n<li><a href=\"https:\/\/voceatimisului.ro\/tag\/alexandru-rafila\/\">alexandru rafila<\/a><\/li>\n<li><a href=\"https:\/\/voceatimisului.ro\/tag\/covid-19\/\">covid 19<\/a><\/li>\n<li><a href=\"https:\/\/voceatimisului.ro\/tag\/dorel-sandesc\/\">Dorel S\u0103ndesc<\/a><\/li>\n<li><a href=\"https:\/\/voceatimisului.ro\/tag\/sorin-barac\/\">sorin barac<\/a><\/li>\n<li><a href=\"https:\/\/voceatimisului.ro\/tag\/spitalul-clinic-judetean-de-urgenta-din-timisoara\/\">Spitalul Clinic Jude\u0163ean de Urgen\u0163\u0103 din Timi\u015foara<\/a><\/li>\n<\/ul>\n<\/div>\n<\/div>\n<div class=\"td_block_wrap tdb_single_post_share tdi_75  td-pb-border-top td_block_template_1\" data-td-block-uid=\"tdi_75\">\n<div id=\"tdi_75\" class=\"td-post-sharing tdb-block td-ps-bg td-ps-notext td-post-sharing-style1 \">\n<div class=\"td-post-sharing-visible\"><a class=\"td-social-sharing-button td-social-sharing-button-js td-social-network td-social-facebook\" href=\"https:\/\/www.facebook.com\/sharer.php?u=https%3A%2F%2Fvoceatimisului.ro%2Fca-n-romania-spitalul-judetean-timisoara-va-distruge-peste-25-milioane-de-masti-de-protectie-care-i-au-fost-bagate-pe-gat-de-smecherii-din-sanatate-daca-nu-va-gasi-cerere-in-piata-inainte-de-term%2F\" title=\"Facebook\" rel=\"noopener\"><\/p>\n<div class=\"td-social-but-text\">Facebook<\/div>\n<p><\/a><a class=\"td-social-sharing-button td-social-sharing-button-js td-social-network td-social-twitter\" href=\"https:\/\/twitter.com\/intent\/tweet?text=Ca-n+Rom%C3%A2nia%21+Spitalul+Jude%C8%9Bean+Timi%C8%99oara+va+distruge+peste+2%2C5+milioane+de+m%C4%83%C8%99ti+de+protec%C8%9Bie%2C+care+i-au+fost+b%C4%83gate+pe+g%C3%A2t+de+smecherii+din+S%C4%83n%C4%83tate%2C+dac%C4%83+nu+va+g%C4%83si+cerere+%C3%AEn+pia%C8%9B%C4%83%2C+%C3%AEnainte+de+termenul+de+expirare&amp;url=https%3A%2F%2Fvoceatimisului.ro%2Fca-n-romania-spitalul-judetean-timisoara-va-distruge-peste-25-milioane-de-masti-de-protectie-care-i-au-fost-bagate-pe-gat-de-smecherii-din-sanatate-daca-nu-va-gasi-cerere-in-piata-inainte-de-term%2F&amp;via=Vocea+Timisului\" title=\"Twitter\" rel=\"noopener\"><\/p>\n<div class=\"td-social-but-text\">Twitter<\/div>\n<p><\/a><a class=\"td-social-sharing-button td-social-sharing-button-js td-social-network td-social-pinterest\" href=\"https:\/\/pinterest.com\/pin\/create\/button\/?url=https:\/\/voceatimisului.ro\/ca-n-romania-spitalul-judetean-timisoara-va-distruge-peste-25-milioane-de-masti-de-protectie-care-i-au-fost-bagate-pe-gat-de-smecherii-din-sanatate-daca-nu-va-gasi-cerere-in-piata-inainte-de-term\/&amp;media=https:\/\/analyse.optim.biz\/wp-content\/uploads\/2025\/12\/spitalul-judetean-timisoara-va-distruge-peste-25-milioane-de-masti-de-protectie.jpg&amp;description=Ca-n+Rom%C3%A2nia%21+Spitalul+Jude%C8%9Bean+Timi%C8%99oara+va+distruge+peste+2%2C5+milioane+de+m%C4%83%C8%99ti+de+protec%C8%9Bie%2C+care+i-au+fost+b%C4%83gate+pe+g%C3%A2t+de+smecherii+din+S%C4%83n%C4%83tate%2C+dac%C4%83+nu+va+g%C4%83si+cerere+%C3%AEn+pia%C8%9B%C4%83%2C+%C3%AEnainte+de+termenul+de+expirare\" title=\"Pinterest\" rel=\"noopener\"><\/p>\n<div class=\"td-social-but-text\">Pinterest<\/div>\n<p><\/a><a class=\"td-social-sharing-button td-social-sharing-button-js td-social-network td-social-whatsapp\" href=\"https:\/\/api.whatsapp.com\/send?text=Ca-n+Rom%C3%A2nia%21+Spitalul+Jude%C8%9Bean+Timi%C8%99oara+va+distruge+peste+2%2C5+milioane+de+m%C4%83%C8%99ti+de+protec%C8%9Bie%2C+care+i-au+fost+b%C4%83gate+pe+g%C3%A2t+de+smecherii+din+S%C4%83n%C4%83tate%2C+dac%C4%83+nu+va+g%C4%83si+cerere+%C3%AEn+pia%C8%9B%C4%83%2C+%C3%AEnainte+de+termenul+de+expirare%20%0A%0A%20https:\/\/voceatimisului.ro\/ca-n-romania-spitalul-judetean-timisoara-va-distruge-peste-25-milioane-de-masti-de-protectie-care-i-au-fost-bagate-pe-gat-de-smecherii-din-sanatate-daca-nu-va-gasi-cerere-in-piata-inainte-de-term\/\" title=\"WhatsApp\" rel=\"noopener\"><\/p>\n<div class=\"td-social-but-text\">WhatsApp<\/div>\n<p><\/a><a class=\"td-social-sharing-button td-social-sharing-button-js td-social-network td-social-linkedin\" href=\"https:\/\/www.linkedin.com\/shareArticle?mini=true&amp;url=https:\/\/voceatimisului.ro\/ca-n-romania-spitalul-judetean-timisoara-va-distruge-peste-25-milioane-de-masti-de-protectie-care-i-au-fost-bagate-pe-gat-de-smecherii-din-sanatate-daca-nu-va-gasi-cerere-in-piata-inainte-de-term\/&amp;title=Ca-n+Rom%C3%A2nia%21+Spitalul+Jude%C8%9Bean+Timi%C8%99oara+va+distruge+peste+2%2C5+milioane+de+m%C4%83%C8%99ti+de+protec%C8%9Bie%2C+care+i-au+fost+b%C4%83gate+pe+g%C3%A2t+de+smecherii+din+S%C4%83n%C4%83tate%2C+dac%C4%83+nu+va+g%C4%83si+cerere+%C3%AEn+pia%C8%9B%C4%83%2C+%C3%AEnainte+de+termenul+de+expirare\" title=\"Linkedin\" rel=\"noopener\"><\/p>\n<div class=\"td-social-but-text\">Linkedin<\/div>\n<p><\/a><a class=\"td-social-sharing-button td-social-sharing-button-js td-social-network td-social-copy_url\" href=\"https:\/\/voceatimisului.ro\/ca-n-romania-spitalul-judetean-timisoara-va-distruge-peste-25-milioane-de-masti-de-protectie-care-i-au-fost-bagate-pe-gat-de-smecherii-din-sanatate-daca-nu-va-gasi-cerere-in-piata-inainte-de-term\/\" title=\"Copy URL\" rel=\"noopener\"><\/p>\n<div class=\"td-social-but-text\">Copy URL<\/div>\n<p><\/a><\/div>\n<\/div>\n<\/div>\n<div class=\"td_block_wrap tdb_single_next_prev tdi_76 td-animation-stack td-next-prev-img-on td-pb-border-top td_block_template_1\" data-td-block-uid=\"tdi_76\">\n<div class=\"tdb-block-inner td-fix-index\">\n<div class=\"tdb-next-post tdb-next-post-bg tdb-post-prev\"><span>Articolul precedent<\/span><\/p>\n<div class=\"td-module-container\">\n<div class=\"td-image-container\"><a class=\"td-image-wrap\" href=\"https:\/\/voceatimisului.ro\/b-d-la-munte-si-la-mare-chestorul-alin-petecel-l-a-asistat-pe-seful-politiei-lugoj-in-instruirea-legala-pentru-permisul-de-arma-personala-facuta-pe-muntele-athos-si-pe-plajele-greciei\/\"><img loading=\"lazy\" decoding=\"async\" class=\"td-next-prev-image td-fix-index td-lazy-img\" title=\"B.D. la munte \u0219i la mare. Chestorul Alin Petecel l-a asistat pe \u0219eful Poli\u021biei Lugoj \u00een instruirea legal\u0103 pentru permisul de arm\u0103 personal\u0103, f\u0103cut\u0103 pe Muntele Athos \u0219i pe plajele Greciei\" width=\"696\" height=\"369\" src=\"https:\/\/analyse.optim.biz\/wp-content\/uploads\/2025\/12\/cristian-girbovan-si-alin-petecel-jpg-696x369-1.webp\"><\/a><\/div>\n<div class=\"next-prev-title\"><a href=\"https:\/\/voceatimisului.ro\/b-d-la-munte-si-la-mare-chestorul-alin-petecel-l-a-asistat-pe-seful-politiei-lugoj-in-instruirea-legala-pentru-permisul-de-arma-personala-facuta-pe-muntele-athos-si-pe-plajele-greciei\/\">B.D. la munte \u0219i la mare. Chestorul Alin Petecel l-a asistat pe \u0219eful Poli\u021biei Lugoj \u00een instruirea legal\u0103 pentru permisul de arm\u0103 personal\u0103, f\u0103cut\u0103 pe Muntele Athos \u0219i pe plajele Greciei<\/a><\/div>\n<\/div>\n<\/div>\n<div class=\"tdb-next-post tdb-next-post-bg tdb-post-next\"><span>Articolul urm\u0103tor<\/span><\/p>\n<div class=\"td-module-container\">\n<div class=\"td-image-container\"><a class=\"td-image-wrap\" href=\"https:\/\/voceatimisului.ro\/efectul-sandesc-ministerul-sanatatii-repune-pe-linia-de-plutire-spitalele-publice-si-obliga-managerii-sa-i-initieze-in-tainele-muncii-de-la-stat-pe-medicii-cu-program-de-lucru-preferential-si-fara-pa\/\"><img loading=\"lazy\" decoding=\"async\" class=\"td-next-prev-image td-fix-index td-lazy-img\" title=\"Efectul S\u0103ndesc! Ministerul S\u0103n\u0103t\u0103\u021bii repune pe linia de plutire spitalele publice \u0219i oblig\u0103 managerii s\u0103-i ini\u021bieze \u00een tainele muncii de la stat pe medicii cu program de lucru preferen\u021bial \u0219i f\u0103r\u0103 pacien\u021bi\" width=\"696\" height=\"928\" src=\"https:\/\/analyse.optim.biz\/wp-content\/uploads\/2025\/12\/dorel-sandesc-jpg-696x928-2.webp\"><\/a><\/div>\n<div class=\"next-prev-title\"><a href=\"https:\/\/voceatimisului.ro\/efectul-sandesc-ministerul-sanatatii-repune-pe-linia-de-plutire-spitalele-publice-si-obliga-managerii-sa-i-initieze-in-tainele-muncii-de-la-stat-pe-medicii-cu-program-de-lucru-preferential-si-fara-pa\/\">Efectul S\u0103ndesc! Ministerul S\u0103n\u0103t\u0103\u021bii repune pe linia de plutire spitalele publice \u0219i oblig\u0103 managerii s\u0103-i ini\u021bieze \u00een tainele muncii de la stat pe medicii cu program de lucru preferen\u021bial \u0219i f\u0103r\u0103 pacien\u021bi<\/a><\/div>\n<\/div>\n<\/div>\n<\/div>\n<\/div>\n<\/div>\n<\/div>\n<\/div>\n<\/div>\n<div class=\"vc_row_inner tdi_86  vc_row vc_inner wpb_row td-pb-row\">\n<div class=\"vc_column_inner tdi_88  wpb_column vc_column_container tdc-inner-column td-pb-span4 td-is-sticky\">\n<div class=\"vc_column-inner\">\n<div class=\"wpb_wrapper\" data-sticky-enabled-on=\"W3RydWUsdHJ1ZSx0cnVlLHRydWVd\" data-sticky-offset=\"20\" data-sticky-is-width-auto=\"W2ZhbHNlLGZhbHNlLGZhbHNlLGZhbHNlXQ==\">\n<div class=\"td_block_wrap tdb_single_related tdi_89 td_with_ajax_pagination td-pb-border-top td_block_template_1 tdb-single-related-posts\" data-td-block-uid=\"tdi_89\">\n<div id=\"tdi_89\" class=\"td_block_inner tdb-block-inner td-fix-index\">\n<div class=\"tdb_module_related td_module_wrap td-animation-stack td-meta-info-hide\">\n<div class=\"td-module-container td-category-pos-image\">\n<div class=\"td-module-meta-info\">\n<h3 class=\"entry-title td-module-title\"><a href=\"https:\/\/voceatimisului.ro\/ca-la-piata-in-lipsa-materialelor-sanitare-sectiile-spitalului-judetean-timisoara-se-imprumuta-intre-ele-pe-caiet-ca-sa-rezolve-urgentele-medicale-si-sa-salveze-vietile-pacientilor\/\" rel=\"bookmark\" title=\"Ca la pia\u021b\u0103! \u00cen lipsa materialelor sanitare, sec\u021biile Spitalului Jude\u021bean Timi\u0219oara se \u00eemprumut\u0103 \u00eentre ele, pe caiet, ca s\u0103 rezolve urgen\u021bele medicale \u0219i s\u0103 salveze vie\u021bile pacien\u021bilor\">Ca la pia\u021b\u0103! \u00cen lipsa materialelor sanitare, sec\u021biile Spitalului Jude\u021bean Timi\u0219oara se \u00eemprumut\u0103 \u00eentre ele, pe caiet, ca s\u0103 rezolve urgen\u021bele medicale \u0219i s\u0103&#8230;<\/a><\/h3>\n<\/div>\n<\/div>\n<\/div>\n<div class=\"tdb_module_related td_module_wrap td-animation-stack td-meta-info-hide\">\n<div class=\"td-module-container td-category-pos-image\">\n<div class=\"td-module-meta-info\">\n<h3 class=\"entry-title td-module-title\"><a href=\"https:\/\/voceatimisului.ro\/de-vis-medicii-din-spitalele-de-stat-ale-ministrului-rafila-fac-cheta-interna-ca-sa-cumpere-prezervative-chiurete-baterii-si-hartie-de-ecograf-necesare-consulturilor-pentru-pacienti\/\" rel=\"bookmark\" title=\"De vis! Medicii din spitalele de stat ale ministrului Rafila fac chet\u0103 intern\u0103 ca s\u0103 cumpere prezervative, chiurete, baterii \u0219i h\u00e2rtie de ecograf, necesare consulturilor pentru pacien\u021bi\">De vis! Medicii din spitalele de stat ale ministrului Rafila fac chet\u0103 intern\u0103 ca s\u0103 cumpere prezervative, chiurete, baterii \u0219i h\u00e2rtie de ecograf, necesare&#8230;<\/a><\/h3>\n<\/div>\n<\/div>\n<\/div>\n<div class=\"tdb_module_related td_module_wrap td-animation-stack td-meta-info-hide\">\n<div class=\"td-module-container td-category-pos-image\">\n<div class=\"td-module-meta-info\">\n<h3 class=\"entry-title td-module-title\"><a href=\"https:\/\/voceatimisului.ro\/ultima-moda-la-spitalul-judetean-timisoara-pacientii-ministrului-sanatatii-alexandru-rafila-sunt-trimisi-la-tomberon-direct-din-unitatea-de-primiri-urgente\/\" rel=\"bookmark\" title=\"Ultima mod\u0103! La Spitalul Jude\u021bean Timi\u0219oara, pacien\u021bii ministrului s\u0103n\u0103t\u0103\u021bii Alexandru Rafila sunt trimi\u0219i\u2026 la tomberon, direct din Unitatea de Primiri Urgen\u021be\">Ultima mod\u0103! La Spitalul Jude\u021bean Timi\u0219oara, pacien\u021bii ministrului s\u0103n\u0103t\u0103\u021bii Alexandru Rafila sunt trimi\u0219i\u2026 la tomberon, direct din Unitatea de Primiri Urgen\u021be<\/a><\/h3>\n<\/div>\n<\/div>\n<\/div>\n<\/div>\n<\/div>\n<\/div>\n<\/div>\n<\/div>\n<div class=\"vc_column_inner tdi_91  wpb_column vc_column_container tdc-inner-column td-pb-span8\">\n<div class=\"vc_column-inner\">\n<div class=\"wpb_wrapper\">\n<div class=\"td_block_wrap tdb_single_comments tdi_92 tdb-comm-layout2 td-pb-border-top td_block_template_2\" data-td-block-uid=\"tdi_92\">\n<div class=\"tdb-block-inner td-fix-index\">\n<div class=\"comments\" id=\"comments\">\n<div class=\"td-comments-title-wrap td_block_template_2\">\n<h4 class=\"td-comments-title td-block-title\"><span>2 COMENTARII<\/span><\/h4>\n<\/div>\n<ol class=\"comment-list\">\n<li class=\"comment \" id=\"comment-27147\">\n<article>\n<footer><cite>Mai mergi pe la scoala!<\/cite><a class=\"comment-link\" href=\"https:\/\/voceatimisului.ro\/ca-n-romania-spitalul-judetean-timisoara-va-distruge-peste-25-milioane-de-masti-de-protectie-care-i-au-fost-bagate-pe-gat-de-smecherii-din-sanatate-daca-nu-va-gasi-cerere-in-piata-inainte-de-term\/#comment-27147\"><time><br \/>\n\t\t\t\t\t\t    22 septembrie 2023\t\t\t\t\t\t    La\t\t\t\t\t\t    12:38 AM<\/time><\/a><\/footer>\n<div class=\"comment-content\">\n<p>Pana sa presupui tu toate astea despre domnul profesor dr Dorel Sandesc, zic sa te re\u00eentorci la scoala si sa-ti corectezi textul. \u201eHot\u0103r\u00ee!\u201d<\/p>\n<\/div>\n<div class=\"comment-meta\" id=\"comment-27147\"><a rel=\"nofollow\" class=\"comment-reply-link\" href=\"https:\/\/voceatimisului.ro\/ca-n-romania-spitalul-judetean-timisoara-va-distruge-peste-25-milioane-de-masti-de-protectie-care-i-au-fost-bagate-pe-gat-de-smecherii-din-sanatate-daca-nu-va-gasi-cerere-in-piata-inainte-de-term\/#comment-27147\" data-commentid=\"27147\" data-postid=\"157004\" data-belowelement=\"comment-27147\" data-respondelement=\"respond\" data-replyto=\"R\u0103spunde-i lui Mai mergi pe la scoala!\" aria-label=\"R\u0103spunde-i lui Mai mergi pe la scoala!\">R\u0103spunde\u021bi<\/a><\/div>\n<\/article>\n<\/li>\n<li class=\"comment \" id=\"comment-27142\">\n<article>\n<footer><cite>Helmuth<\/cite><a class=\"comment-link\" href=\"https:\/\/voceatimisului.ro\/ca-n-romania-spitalul-judetean-timisoara-va-distruge-peste-25-milioane-de-masti-de-protectie-care-i-au-fost-bagate-pe-gat-de-smecherii-din-sanatate-daca-nu-va-gasi-cerere-in-piata-inainte-de-term\/#comment-27142\"><time><br \/>\n\t\t\t\t\t\t    19 septembrie 2023\t\t\t\t\t\t    La\t\t\t\t\t\t    5:20 PM<\/time><\/a><\/footer>\n<div class=\"comment-content\">\n<p>Poate  cumpara  Sandesc mastile, pe firma lui din Italia ..El oricum poarta (masti pe fata )si poate le distribuie in Ghana sau Ciad dup\u0103 cum va hotara seful  lui suprem Arafat, asta dup\u0103 ce mai devalizeaza ceva din conturile spitalului at\u00e2t el c\u00e2t \u0219i prin avocata Galanton pe care o plateste fara sa fac\u0103 nimic, probabil fac parte la contractul de 20.000 lei \/luna.. Asa au devalizat mai to\u021bi cretinii ..zis medici Spitalul Judetean Timisoara<\/p>\n<\/div>\n<div class=\"comment-meta\" id=\"comment-27142\"><a rel=\"nofollow\" class=\"comment-reply-link\" href=\"https:\/\/voceatimisului.ro\/ca-n-romania-spitalul-judetean-timisoara-va-distruge-peste-25-milioane-de-masti-de-protectie-care-i-au-fost-bagate-pe-gat-de-smecherii-din-sanatate-daca-nu-va-gasi-cerere-in-piata-inainte-de-term\/#comment-27142\" data-commentid=\"27142\" data-postid=\"157004\" data-belowelement=\"comment-27142\" data-respondelement=\"respond\" data-replyto=\"R\u0103spunde-i lui Helmuth\" aria-label=\"R\u0103spunde-i lui Helmuth\">R\u0103spunde\u021bi<\/a><\/div>\n<\/article>\n<\/li>\n<\/ol>\n<div id=\"respond\" class=\"comment-respond\">\n<h3 id=\"reply-title\" class=\"comment-reply-title\">L\u0102SA\u021aI UN MESAJ <small><a rel=\"nofollow\" id=\"cancel-comment-reply-link\" href=\"https:\/\/voceatimisului.ro\/ca-n-romania-spitalul-judetean-timisoara-va-distruge-peste-25-milioane-de-masti-de-protectie-care-i-au-fost-bagate-pe-gat-de-smecherii-din-sanatate-daca-nu-va-gasi-cerere-in-piata-inainte-de-term\/#respond\">Renun\u021ba\u021bi la r\u0103spuns<\/a><\/small><\/h3>\n<div class=\"comment-form-input-wrap td-form-comment\">\n<div class=\"td-warning-comment\">V\u0103 rug\u0103m s\u0103 introduce\u021bi comentariul dvs.!<\/div>\n<\/div>\n<div class=\"comment-form-input-wrap td-form-author\">\n<div class=\"td-warning-author\">Introduce\u021bi aici numele dvs.<\/div>\n<\/div>\n<div class=\"comment-form-input-wrap td-form-email\">\n<div class=\"td-warning-email-error\">A\u021bi introdus o adres\u0103 de e-mail incorect\u0103!<\/div>\n<div class=\"td-warning-email\">V\u0103 rug\u0103m s\u0103 introduce\u021bi adresa dvs. de e-mail aici<\/div>\n<\/div>\n<\/div>\n<\/div>\n<\/div>\n<\/div>\n<\/div>\n<\/div>\n<\/div>\n<\/div>\n<\/div>\n<\/div>\n<div class=\"vc_column tdi_94  wpb_column vc_column_container tdc-column td-pb-span4 td-is-sticky\">\n<div class=\"wpb_wrapper\" data-sticky-enabled-on=\"W3RydWUsdHJ1ZSx0cnVlLHRydWVd\" data-sticky-offset=\"20\" data-sticky-is-width-auto=\"W2ZhbHNlLGZhbHNlLGZhbHNlLGZhbHNlXQ==\">\n<div class=\"vc_row_inner tdi_96  vc_row vc_inner wpb_row td-pb-row\">\n<div class=\"vc_column_inner tdi_98  wpb_column vc_column_container tdc-inner-column td-pb-span12\">\n<div class=\"vc_column-inner\">\n<div class=\"wpb_wrapper\">\n<div class=\"td_block_wrap td_block_title tdi_99 td-pb-border-top td_block_template_11 td-fix-index\" data-td-block-uid=\"tdi_99\">\n<div class=\"td-block-title-wrap\">\n<h4 class=\"td-block-title\"><span class=\"td-pulldown-size\">ANUN\u021aURI \u0218I PUBLICITATE<\/span><\/h4>\n<\/div>\n<\/div>\n<\/div>\n<\/div>\n<\/div>\n<\/div>\n<div class=\"wpb_wrapper td_block_wrap vc_widget_sidebar tdi_101 \">\n<aside id=\"block-10\" class=\"td_block_template_1 widget block-10 widget_block widget_media_image\">\n<figure class=\"wp-block-image size-full\"><a href=\"https:\/\/adpghiroda.ro\/index.html\" target=\"_blank\" rel=\" noreferrer noopener\"><img decoding=\"async\" loading=\"eager\" width=\"960\" height=\"960\" src=\"https:\/\/analyse.optim.biz\/wp-content\/uploads\/2025\/12\/adp-ghiroda2-155-1.jpg\" class=\"wp-image-171492\" title=\"adp-ghiroda2-155-1\"><\/a><\/figure>\n<\/aside>\n<aside id=\"block-11\" class=\"td_block_template_1 widget block-11 widget_block widget_media_image\">\n<figure class=\"wp-block-image size-full\"><a href=\"https:\/\/adpghiroda.ro\/index.html\" target=\"_blank\" rel=\" noreferrer noopener\"><img decoding=\"async\" loading=\"eager\" width=\"960\" height=\"960\" src=\"https:\/\/analyse.optim.biz\/wp-content\/uploads\/2025\/12\/adp-ghiroda1-145-1.jpg\" class=\"wp-image-171491\" title=\"adp-ghiroda1-145-1\"><\/a><\/figure>\n<\/aside>\n<aside id=\"block-17\" class=\"td_block_template_1 widget block-17 widget_block widget_media_image\">\n<figure class=\"wp-block-image size-large is-resized\"><a href=\"https:\/\/verde.events\/\" target=\"_blank\" rel=\" noreferrer noopener\"><img decoding=\"async\" loading=\"lazy\" width=\"1024\" height=\"683\" src=\"https:\/\/analyse.optim.biz\/wp-content\/uploads\/2025\/12\/verde-events-24-1024x683-150-1.jpg\" alt=\"Verde Events\" class=\"wp-image-174395\" title=\"verde-events-24-1024x683-150-1\"><\/a><figcaption class=\"wp-element-caption\"><strong><em>O experien\u021b\u0103 unic\u0103 pentru orice tip de eveniment<\/em><\/strong><\/figcaption><\/figure>\n<\/aside>\n<\/div>\n<div class=\"td_block_wrap td_flex_block_1 tdi_107 td-pb-border-top td_block_template_1 td_ajax_preloading_preload td_flex_block\" data-td-block-uid=\"tdi_107\">\n<div id=\"tdi_107\" class=\"td_block_inner td-mc1-wrap\">\n<div class=\"td_module_flex td_module_flex_1 td_module_wrap td-animation-stack td-meta-info-hide td-cpt-post\">\n<div class=\"td-module-container td-category-pos-image\">\n<div class=\"td-module-meta-info\">\n<h3 class=\"entry-title td-module-title\"><a href=\"https:\/\/voceatimisului.ro\/liga-sanitara-umf-timisoara-deschide-portile-raiului-pentru-sectiile-clinicile-private-cu-cheia-sfantului-rafila-de-la-ministerul-sanatatii\/\" rel=\"bookmark\" title=\"Liga sanitar\u0103! UMF Timi\u0219oara deschide por\u021bile raiului pentru sec\u021biile clinicile private, cu cheia Sf\u00e2ntului Rafila de la Ministerul S\u0103n\u0103t\u0103\u021bii\">Liga sanitar\u0103! UMF Timi\u0219oara deschide por\u021bile raiului pentru sec\u021biile clinicile private, cu cheia Sf\u00e2ntului Rafila de la Ministerul S\u0103n\u0103t\u0103\u021bii<\/a><\/h3>\n<\/div>\n<\/div>\n<\/div>\n<div class=\"td_module_flex td_module_flex_1 td_module_wrap td-animation-stack td-meta-info-hide td-cpt-post\">\n<div class=\"td-module-container td-category-pos-image\">\n<div class=\"td-module-meta-info\">\n<h3 class=\"entry-title td-module-title\"><a href=\"https:\/\/voceatimisului.ro\/prof-dr-dorel-sandesc-titularizat-ca-manager-al-spitalului-judetean-timisoara\/\" rel=\"bookmark\" title=\"Prof. dr. Dorel S\u0103ndesc, titularizat ca manager al Spitalului Jude\u021bean Timi\u0219oara\">Prof. dr. Dorel S\u0103ndesc, titularizat ca manager al Spitalului Jude\u021bean Timi\u0219oara<\/a><\/h3>\n<\/div>\n<\/div>\n<\/div>\n<div class=\"td_module_flex td_module_flex_1 td_module_wrap td-animation-stack td-meta-info-hide td-cpt-post\">\n<div class=\"td-module-container td-category-pos-image\">\n<div class=\"td-module-meta-info\">\n<h3 class=\"entry-title td-module-title\"><a href=\"https:\/\/voceatimisului.ro\/evaluare-impersonala-spitalul-judetean-timisoara-a-notat-cu-foarte-bine-si-excelent-aproape-100-de-medici-care-au-externat-cate-un-pacient-pe-an-si-cel-mult-doi-pe-luna\/\" rel=\"bookmark\" title=\"Evaluare (im)personal\u0103! Spitalul Jude\u021bean Timi\u0219oara a notat cu foarte bine \u0219i excelent aproape 100 de medici care au externat c\u00e2te un pacient pe an \u0219i cel mult doi pe lun\u0103\">Evaluare (im)personal\u0103! Spitalul Jude\u021bean Timi\u0219oara a notat cu foarte bine \u0219i excelent aproape 100 de medici care au externat c\u00e2te un pacient pe an&#8230;<\/a><\/h3>\n<\/div>\n<\/div>\n<\/div>\n<div class=\"td_module_flex td_module_flex_1 td_module_wrap td-animation-stack td-meta-info-hide td-cpt-post\">\n<div class=\"td-module-container td-category-pos-image\">\n<div class=\"td-module-meta-info\">\n<h3 class=\"entry-title td-module-title\"><a href=\"https:\/\/voceatimisului.ro\/fantomele-lui-sandesc-doi-din-zece-medici-ai-spitalului-judetean-timisoara-nu-isi-justifica-salariile-fiind-pasuiti-dupa-principiile-asistatilor-sociali\/\" rel=\"bookmark\" title=\"Fantomele lui S\u0103ndesc! Doi din zece medici ai Spitalului Jude\u021bean Timi\u0219oara nu \u00ee\u0219i justific\u0103 salariile, fiind p\u0103sui\u021bi dup\u0103 principiile asista\u021bilor sociali\">Fantomele lui S\u0103ndesc! Doi din zece medici ai Spitalului Jude\u021bean Timi\u0219oara nu \u00ee\u0219i justific\u0103 salariile, fiind p\u0103sui\u021bi dup\u0103 principiile asista\u021bilor sociali<\/a><\/h3>\n<\/div>\n<\/div>\n<\/div>\n<div class=\"td_module_flex td_module_flex_1 td_module_wrap td-animation-stack td-meta-info-hide td-cpt-post\">\n<div class=\"td-module-container td-category-pos-image\">\n<div class=\"td-module-meta-info\">\n<h3 class=\"entry-title td-module-title\"><a href=\"https:\/\/voceatimisului.ro\/ministrul-sanatatii-a-decis-schimbarea-managerului-de-la-spitalul-judetean-timisoara\/\" rel=\"bookmark\" title=\"Ministrul S\u0103n\u0103t\u0103\u021bii a decis schimbarea managerului de la Spitalul Jude\u021bean Timi\u0219oara\">Ministrul S\u0103n\u0103t\u0103\u021bii a decis schimbarea managerului de la Spitalul Jude\u021bean Timi\u0219oara<\/a><\/h3>\n<\/div>\n<\/div>\n<\/div>\n<\/div>\n<\/div>\n<\/div>\n<\/div>\n<\/div>\n<\/div>\n<\/div>\n<\/div>\n<p><span class=\"td-page-meta\"><\/span><span class=\"td-page-meta\"><span class=\"td-page-meta\"><\/span><\/span><span class=\"td-page-meta\"><\/span><\/article>\n<p> Source URL: https:\/\/voceatimisului.ro\/ca-n-romania-spitalul-judetean-timisoara-va-distruge-peste-25-milioane-de-masti-de-protectie-care-i-au-fost-bagate-pe-gat-de-smecherii-din-sanatate-daca-nu-va-gasi-cerere-in-piata-inainte-de-term\/<\/p>\n","protected":false},"excerpt":{"rendered":"<p>\u0218tiriS\u0103n\u0103tate Ca-n Rom\u00e2nia! Spitalul Jude\u021bean Timi\u0219oara va distruge peste 2,5 milioane de m\u0103\u0219ti de protec\u021bie, care i-au fost b\u0103gate pe g\u00e2t de smecherii din S\u0103n\u0103tate, dac\u0103 nu va g\u0103si cerere \u00een pia\u021b\u0103, \u00eenainte de termenul de expirare Autor-Tiberiu Kiss 12 septembrie 2023 2 12208 Facebook Twitter Pinterest WhatsApp Linkedin Copy URL Spitalul Judetean Timisoara va [&hellip;]<\/p>\n","protected":false},"author":1,"featured_media":1217354,"comment_status":"open","ping_status":"","sticky":false,"template":"","format":"standard","meta":{"footnotes":""},"categories":[89],"tags":[199],"class_list":["post-1217353","post","type-post","status-publish","format-standard","has-post-thumbnail","hentry","category-romania","tag-voceatimisului-ro"],"_links":{"self":[{"href":"https:\/\/analyse.optim.biz\/index.php?rest_route=\/wp\/v2\/posts\/1217353","targetHints":{"allow":["GET"]}}],"collection":[{"href":"https:\/\/analyse.optim.biz\/index.php?rest_route=\/wp\/v2\/posts"}],"about":[{"href":"https:\/\/analyse.optim.biz\/index.php?rest_route=\/wp\/v2\/types\/post"}],"author":[{"embeddable":true,"href":"https:\/\/analyse.optim.biz\/index.php?rest_route=\/wp\/v2\/users\/1"}],"replies":[{"embeddable":true,"href":"https:\/\/analyse.optim.biz\/index.php?rest_route=%2Fwp%2Fv2%2Fcomments&post=1217353"}],"version-history":[{"count":0,"href":"https:\/\/analyse.optim.biz\/index.php?rest_route=\/wp\/v2\/posts\/1217353\/revisions"}],"wp:featuredmedia":[{"embeddable":true,"href":"https:\/\/analyse.optim.biz\/index.php?rest_route=\/wp\/v2\/media\/1217354"}],"wp:attachment":[{"href":"https:\/\/analyse.optim.biz\/index.php?rest_route=%2Fwp%2Fv2%2Fmedia&parent=1217353"}],"wp:term":[{"taxonomy":"category","embeddable":true,"href":"https:\/\/analyse.optim.biz\/index.php?rest_route=%2Fwp%2Fv2%2Fcategories&post=1217353"},{"taxonomy":"post_tag","embeddable":true,"href":"https:\/\/analyse.optim.biz\/index.php?rest_route=%2Fwp%2Fv2%2Ftags&post=1217353"}],"curies":[{"name":"wp","href":"https:\/\/api.w.org\/{rel}","templated":true}]}}