{"id":1217336,"date":"2023-09-15T03:59:40","date_gmt":"2023-09-15T00:59:40","guid":{"rendered":"https:\/\/analyse.optim.biz\/?p=1217336"},"modified":"2023-09-15T03:59:40","modified_gmt":"2023-09-15T00:59:40","slug":"ministerul-sanatatii-repune-pe-linia-de-plutire-spitalele-publice","status":"publish","type":"post","link":"https:\/\/analyse.optim.biz\/?p=1217336","title":{"rendered":"Ministerul S\u0103n\u0103t\u0103\u021bii repune pe linia de plutire spitalele publice"},"content":{"rendered":"<article id=\"template-id-172790\" class=\"post-172790 tdb_templates type-tdb_templates status-publish post\">\n<div id=\"tdi_38\" class=\"tdc-zone\">\n<div class=\"tdc_zone tdi_39  wpb_row td-pb-row\">\n<div id=\"tdi_40\" class=\"tdc-row stretch_row_1400 td-stretch-content\">\n<div class=\"vc_row tdi_41  wpb_row td-pb-row tdc-element-style\">\n<div class=\"vc_column tdi_43  wpb_column vc_column_container tdc-column td-pb-span8\">\n<div class=\"wpb_wrapper\">\n<div class=\"td_block_wrap tdb_single_categories tdi_44 td-pb-border-top td_block_template_1 \" data-td-block-uid=\"tdi_44\">\n<div class=\"tdb-category td-fix-index\"><a class=\"tdb-entry-category\" href=\"https:\/\/voceatimisului.ro\/stiri-din-timisoara-si-timis\/\">\u0218tiri<\/a><a class=\"tdb-entry-category\" href=\"https:\/\/voceatimisului.ro\/stiri-din-timisoara-si-timis\/sanatate\/\">S\u0103n\u0103tate<\/a><\/div>\n<\/div>\n<div class=\"td_block_wrap tdb_title tdi_45 tdb-single-title td-pb-border-top td_block_template_1\" data-td-block-uid=\"tdi_45\">\n<div class=\"tdb-block-inner td-fix-index\">\n<h1 class=\"tdb-title-text\">Efectul S\u0103ndesc! Ministerul S\u0103n\u0103t\u0103\u021bii repune pe linia de plutire spitalele publice \u0219i oblig\u0103 managerii s\u0103-i ini\u021bieze \u00een tainele muncii de la stat pe medicii cu program de lucru preferen\u021bial \u0219i f\u0103r\u0103 pacien\u021bi<\/h1>\n<\/div>\n<\/div>\n<div class=\"vc_row_inner tdi_48  vc_row vc_inner wpb_row td-pb-row\">\n<div class=\"vc_column_inner tdi_50  wpb_column vc_column_container tdc-inner-column td-pb-span6\">\n<div class=\"vc_column-inner\">\n<div class=\"wpb_wrapper\">\n<div class=\"td_block_wrap tdb_single_author tdi_51 td-pb-border-top td_block_template_1 tdb-post-meta\" data-td-block-uid=\"tdi_51\">\n<div class=\"tdb-block-inner td-fix-index\">\n<div class=\"tdb-author-name-wrap\"><span class=\"tdb-author-by\">Autor-<\/span><a class=\"tdb-author-name\" href=\"https:\/\/voceatimisului.ro\/author\/tibi\/\">Tiberiu Kiss<\/a><\/div>\n<\/div>\n<\/div>\n<div class=\"td_block_wrap tdb_single_date tdi_52 td-pb-border-top td_block_template_1 tdb-post-meta\" data-td-block-uid=\"tdi_52\">\n<div class=\"tdb-block-inner td-fix-index\"><time class=\"entry-date updated td-module-date\" datetime=\"2023-09-15T06:59:40+03:00\">15 septembrie 2023<\/time><\/div>\n<\/div>\n<div class=\"td_block_wrap tdb_single_comments_count tdi_53 td-pb-border-top td_block_template_1 tdb-post-meta\" data-td-block-uid=\"tdi_53\">\n<div class=\"tdb-block-inner td-fix-index\"><a href=\"https:\/\/voceatimisului.ro\/efectul-sandesc-ministerul-sanatatii-repune-pe-linia-de-plutire-spitalele-publice-si-obliga-managerii-sa-i-initieze-in-tainele-muncii-de-la-stat-pe-medicii-cu-program-de-lucru-preferential-si-fara-pa\/#respond\"><span>0<\/span><\/a><\/div>\n<\/div>\n<div class=\"td_block_wrap tdb_single_post_views tdi_54 td-pb-border-top td_block_template_1 tdb-post-meta\" data-td-block-uid=\"tdi_54\">\n<div class=\"tdb-block-inner td-fix-index\"><span class=\"tdb-add-text\">1<\/span><span class=\"td-nr-views-157020\">6222<\/span><\/div>\n<\/div>\n<\/div>\n<\/div>\n<\/div>\n<div class=\"vc_column_inner tdi_56  wpb_column vc_column_container tdc-inner-column td-pb-span6\">\n<div class=\"vc_column-inner\">\n<div class=\"wpb_wrapper\">\n<div class=\"td_block_wrap tdb_single_post_share tdi_57  td-pb-border-top td_block_template_1\" data-td-block-uid=\"tdi_57\">\n<div id=\"tdi_57\" class=\"td-post-sharing tdb-block td-ps-bg td-ps-notext td-post-sharing-style1 \">\n<div class=\"td-post-sharing-visible\"><a class=\"td-social-sharing-button td-social-sharing-button-js td-social-network td-social-facebook\" href=\"https:\/\/www.facebook.com\/sharer.php?u=https%3A%2F%2Fvoceatimisului.ro%2Fefectul-sandesc-ministerul-sanatatii-repune-pe-linia-de-plutire-spitalele-publice-si-obliga-managerii-sa-i-initieze-in-tainele-muncii-de-la-stat-pe-medicii-cu-program-de-lucru-preferential-si-fara-pa%2F\" title=\"Facebook\" rel=\"noopener\"><\/p>\n<div class=\"td-social-but-text\">Facebook<\/div>\n<p><\/a><a class=\"td-social-sharing-button td-social-sharing-button-js td-social-network td-social-twitter\" href=\"https:\/\/twitter.com\/intent\/tweet?text=Efectul+S%C4%83ndesc%21+Ministerul+S%C4%83n%C4%83t%C4%83%C8%9Bii+repune+pe+linia+de+plutire+spitalele+publice+%C8%99i+oblig%C4%83+managerii+s%C4%83-i+ini%C8%9Bieze+%C3%AEn+tainele+muncii+de+la+stat+pe+medicii+cu+program+de+lucru+preferen%C8%9Bial+%C8%99i+f%C4%83r%C4%83+pacien%C8%9Bi&amp;url=https%3A%2F%2Fvoceatimisului.ro%2Fefectul-sandesc-ministerul-sanatatii-repune-pe-linia-de-plutire-spitalele-publice-si-obliga-managerii-sa-i-initieze-in-tainele-muncii-de-la-stat-pe-medicii-cu-program-de-lucru-preferential-si-fara-pa%2F&amp;via=Vocea+Timisului\" title=\"Twitter\" rel=\"noopener\"><\/p>\n<div class=\"td-social-but-text\">Twitter<\/div>\n<p><\/a><a class=\"td-social-sharing-button td-social-sharing-button-js td-social-network td-social-pinterest\" href=\"https:\/\/pinterest.com\/pin\/create\/button\/?url=https:\/\/voceatimisului.ro\/efectul-sandesc-ministerul-sanatatii-repune-pe-linia-de-plutire-spitalele-publice-si-obliga-managerii-sa-i-initieze-in-tainele-muncii-de-la-stat-pe-medicii-cu-program-de-lucru-preferential-si-fara-pa\/&amp;media=https:\/\/analyse.optim.biz\/wp-content\/uploads\/2025\/12\/dorel-sandesc-jpg.webp&amp;description=Efectul+S%C4%83ndesc%21+Ministerul+S%C4%83n%C4%83t%C4%83%C8%9Bii+repune+pe+linia+de+plutire+spitalele+publice+%C8%99i+oblig%C4%83+managerii+s%C4%83-i+ini%C8%9Bieze+%C3%AEn+tainele+muncii+de+la+stat+pe+medicii+cu+program+de+lucru+preferen%C8%9Bial+%C8%99i+f%C4%83r%C4%83+pacien%C8%9Bi\" title=\"Pinterest\" rel=\"noopener\"><\/p>\n<div class=\"td-social-but-text\">Pinterest<\/div>\n<p><\/a><a class=\"td-social-sharing-button td-social-sharing-button-js td-social-network td-social-whatsapp\" href=\"https:\/\/api.whatsapp.com\/send?text=Efectul+S%C4%83ndesc%21+Ministerul+S%C4%83n%C4%83t%C4%83%C8%9Bii+repune+pe+linia+de+plutire+spitalele+publice+%C8%99i+oblig%C4%83+managerii+s%C4%83-i+ini%C8%9Bieze+%C3%AEn+tainele+muncii+de+la+stat+pe+medicii+cu+program+de+lucru+preferen%C8%9Bial+%C8%99i+f%C4%83r%C4%83+pacien%C8%9Bi%20%0A%0A%20https:\/\/voceatimisului.ro\/efectul-sandesc-ministerul-sanatatii-repune-pe-linia-de-plutire-spitalele-publice-si-obliga-managerii-sa-i-initieze-in-tainele-muncii-de-la-stat-pe-medicii-cu-program-de-lucru-preferential-si-fara-pa\/\" title=\"WhatsApp\" rel=\"noopener\"><\/p>\n<div class=\"td-social-but-text\">WhatsApp<\/div>\n<p><\/a><a class=\"td-social-sharing-button td-social-sharing-button-js td-social-network td-social-linkedin\" href=\"https:\/\/www.linkedin.com\/shareArticle?mini=true&amp;url=https:\/\/voceatimisului.ro\/efectul-sandesc-ministerul-sanatatii-repune-pe-linia-de-plutire-spitalele-publice-si-obliga-managerii-sa-i-initieze-in-tainele-muncii-de-la-stat-pe-medicii-cu-program-de-lucru-preferential-si-fara-pa\/&amp;title=Efectul+S%C4%83ndesc%21+Ministerul+S%C4%83n%C4%83t%C4%83%C8%9Bii+repune+pe+linia+de+plutire+spitalele+publice+%C8%99i+oblig%C4%83+managerii+s%C4%83-i+ini%C8%9Bieze+%C3%AEn+tainele+muncii+de+la+stat+pe+medicii+cu+program+de+lucru+preferen%C8%9Bial+%C8%99i+f%C4%83r%C4%83+pacien%C8%9Bi\" title=\"Linkedin\" rel=\"noopener\"><\/p>\n<div class=\"td-social-but-text\">Linkedin<\/div>\n<p><\/a><a class=\"td-social-sharing-button td-social-sharing-button-js td-social-network td-social-copy_url\" href=\"https:\/\/voceatimisului.ro\/efectul-sandesc-ministerul-sanatatii-repune-pe-linia-de-plutire-spitalele-publice-si-obliga-managerii-sa-i-initieze-in-tainele-muncii-de-la-stat-pe-medicii-cu-program-de-lucru-preferential-si-fara-pa\/\" title=\"Copy URL\" rel=\"noopener\"><\/p>\n<div class=\"td-social-but-text\">Copy URL<\/div>\n<p><\/a><\/div>\n<\/div>\n<\/div>\n<\/div>\n<\/div>\n<\/div>\n<\/div>\n<div class=\"td_block_wrap tdb_single_featured_image tdi_58 tdb-content-horiz-left td-pb-border-top td_block_template_1\" data-td-block-uid=\"tdi_58\">\n<div class=\"tdb-block-inner td-fix-index\">\n<figure><img fetchpriority=\"high\" decoding=\"async\" width=\"696\" height=\"928\" class=\"entry-thumb\" src=\"https:\/\/analyse.optim.biz\/wp-content\/uploads\/2025\/12\/dorel-sandesc-jpg-696x928-1.webp\" alt=\"Dorel Sandesc jpg\" title=\"Dorel Sandesc jpg\" loading=\"eager\"><figcaption class=\"tdb-caption-text\">Dorel Sandesc jpg<\/figcaption><\/figure>\n<\/div>\n<\/div>\n<div class=\"vc_row_inner tdi_60  vc_row vc_inner wpb_row td-pb-row\">\n<div class=\"vc_column_inner tdi_62  wpb_column vc_column_container tdc-inner-column td-pb-span4 td-is-sticky\">\n<div class=\"vc_column-inner\">\n<div class=\"wpb_wrapper\" data-sticky-enabled-on=\"W3RydWUsdHJ1ZSx0cnVlLHRydWVd\" data-sticky-offset=\"20\" data-sticky-is-width-auto=\"W2ZhbHNlLGZhbHNlLGZhbHNlLGZhbHNlXQ==\">\n<div class=\"td_block_wrap td_flex_block_1 tdi_63 td-pb-border-top td_block_template_1 td_ajax_preloading_preload td_flex_block\" data-td-block-uid=\"tdi_63\">\n<div id=\"tdi_63\" class=\"td_block_inner td-mc1-wrap\">\n<div class=\"td_module_flex td_module_flex_1 td_module_wrap td-animation-stack td-meta-info-hide td-cpt-post\">\n<div class=\"td-module-container td-category-pos-image\">\n<div class=\"td-module-meta-info\">\n<h3 class=\"entry-title td-module-title\"><a href=\"https:\/\/voceatimisului.ro\/investitii-de-500-de-milioane-de-euro-in-sanatate-prezentate-in-timpul-vizitei-ministrului-sanatatii-la-timisoara\/\" rel=\"bookmark\" title=\"Investi\u021bii de 500 de milioane de euro \u00een s\u0103n\u0103tate, prezentate \u00een timpul vizitei ministrului S\u0103n\u0103t\u0103\u021bii la Timi\u0219oara\">Investi\u021bii de 500 de milioane de euro \u00een s\u0103n\u0103tate, prezentate \u00een timpul vizitei ministrului S\u0103n\u0103t\u0103\u021bii la Timi\u0219oara<\/a><\/h3>\n<\/div>\n<\/div>\n<\/div>\n<div class=\"td_module_flex td_module_flex_1 td_module_wrap td-animation-stack td-meta-info-hide td-cpt-post\">\n<div class=\"td-module-container td-category-pos-image\">\n<div class=\"td-module-meta-info\">\n<h3 class=\"entry-title td-module-title\"><a href=\"https:\/\/voceatimisului.ro\/incompetenta-lui-fritz-lasa-timisoara-fara-spitalul-municipal\/\" rel=\"bookmark\" title=\"Incompeten\u021ba lui Fritz las\u0103 Timi\u0219oara f\u0103r\u0103 Spitalul Municipal\">Incompeten\u021ba lui Fritz las\u0103 Timi\u0219oara f\u0103r\u0103 Spitalul Municipal<\/a><\/h3>\n<\/div>\n<\/div>\n<\/div>\n<div class=\"td_module_flex td_module_flex_1 td_module_wrap td-animation-stack td-meta-info-hide td-cpt-post\">\n<div class=\"td-module-container td-category-pos-image\">\n<div class=\"td-module-meta-info\">\n<h3 class=\"entry-title td-module-title\"><a href=\"https:\/\/voceatimisului.ro\/trei-oferte-pentru-centrul-medical-de-recuperare-de-la-lovrin-investitie-de-peste-8-milioane-de-euro-cu-sprijin-european\/\" rel=\"bookmark\" title=\"Trei oferte pentru centrul medical de recuperare de la Lovrin. Investi\u021bie de peste 8 milioane de euro, cu sprijin european\">Trei oferte pentru centrul medical de recuperare de la Lovrin. Investi\u021bie de peste 8 milioane de euro, cu sprijin european<\/a><\/h3>\n<\/div>\n<\/div>\n<\/div>\n<div class=\"td_module_flex td_module_flex_1 td_module_wrap td-animation-stack td-meta-info-hide td-cpt-post\">\n<div class=\"td-module-container td-category-pos-image\">\n<div class=\"td-module-meta-info\">\n<h3 class=\"entry-title td-module-title\"><a href=\"https:\/\/voceatimisului.ro\/prof-univ-dr-mihai-ionac-a-plecat-definitiv-din-spitalul-judetean-timisoara\/\" rel=\"bookmark\" title=\"Prof. Univ. Dr. Mihai Ionac a plecat definitiv din Spitalul Jude\u021bean Timi\u0219oara\u00a0\">Prof. Univ. Dr. Mihai Ionac a plecat definitiv din Spitalul Jude\u021bean Timi\u0219oara\u00a0<\/a><\/h3>\n<\/div>\n<\/div>\n<\/div>\n<\/div>\n<\/div>\n<div class=\"tdb-author-box td_block_wrap tdb_single_author_box tdi_68 tdb-content-vert-top td-pb-border-top td_block_template_1\" data-td-block-uid=\"tdi_68\">\n<div class=\"tdb-block-inner td-fix-index\">\n<div class=\"tdb-author-info\"><a href=\"https:\/\/voceatimisului.ro\/author\/tibi\/\" class=\"tdb-author-name\">Tiberiu Kiss<\/a><\/p>\n<div class=\"tdb-author-descr\">\u00centreaga responsabilitate a comentariilor l\u0103sate de dumneavoastr\u0103 v\u0103 apar\u021bine!<br \/>\nClick <a href=\"https:\/\/voceatimisului.ro\/termeni-si-conditii\/\">aici<\/a>-citeste condi\u0163iile de utilizare ale site-ului www.voceatimisului.ro<\/div>\n<\/div>\n<\/div>\n<\/div>\n<\/div>\n<\/div>\n<\/div>\n<div class=\"vc_column_inner tdi_70  wpb_column vc_column_container tdc-inner-column td-pb-span8\">\n<div class=\"vc_column-inner\">\n<div class=\"wpb_wrapper\">\n<div class=\"td_block_wrap tdb_single_content tdi_71 td-pb-border-top td_block_template_1 td-post-content tagdiv-type\" data-td-block-uid=\"tdi_71\">\n<div class=\"tdb-block-inner td-fix-index\">\n<h5 class=\"wp-block-heading\" id=\"h-zilele-trecute-la-sugestia-prof-dr-dorel-sandesc-\u0219i-la-presiunea-organizata-a-managerilor-de-unita\u021bi-sanitare-de-stat-ministerul-sanata\u021bii-a-cedat-\u0219i-a-facut-un-prim-pas-in-direc\u021bia-spitalelor-publice-unul-mic-dar-important-fara-de-care-in-mod-cert-sistemul-medical-romanesc-s-ar-fi-stins-sub-povara-datoriilor-lipsurilor-incropelilor-\u0219i-trocurilor-interne-cu-materiale-de-unica-folosin\u021ba-evident-mai-e-mult-pana-departe-in-special-pe-direc\u021bia-de-a-scoate-interesele-private-din-spitalele-de-stat-jocuri-de-culise-\u0219i-complicita\u021bi-meschine-care-au-adus-cel-pu\u021bin-in-ultimii-ani-a\u0219a-cum-rezulta-din-analize-o-cre\u0219tere-pe-internari-de-63-in-favoarea-clinicilor-particulare-pe-toate-ramurile-medicale-cu-alte-cuvinte-o-stare-comatoasa-\u0219i-o-moarte-lenta-a-spitalelor-de-stat-subfinan\u021bate-pe-principii-anticoncuren\u021biale\">Zilele trecute, la sugestia prof. dr. Dorel S\u0103ndesc \u0219i la presiunea organizat\u0103 a managerilor de unit\u0103\u021bi sanitare de stat, Ministerul S\u0103n\u0103t\u0103\u021bii a cedat \u0219i a f\u0103cut un prim pas \u00een direc\u021bia spitalelor publice. Unul mic, dar important, f\u0103r\u0103 de care, \u00een mod cert, sistemul medical rom\u00e2nesc s-ar fi stins sub povara datoriilor, lipsurilor, \u00eencropelilor \u0219i trocurilor interne cu materiale de unic\u0103 folosin\u021b\u0103! Evident, mai e mult p\u00e2n\u0103 departe, \u00een special pe direc\u021bia de a scoate interesele private din spitalele de stat, jocuri de culise \u0219i complicit\u0103\u021bi meschine care au adus, cel pu\u021bin \u00een ultimii ani, a\u0219a cum rezult\u0103 din analize, o cre\u0219tere pe intern\u0103ri de 63% \u00een favoarea clinicilor particulare, pe toate ramurile medicale. Cu alte cuvinte, o stare comatoas\u0103 \u0219i o moarte lent\u0103 a spitalelor de stat, subfinan\u021bate\u2026 pe principii anticoncuren\u021biale!<\/h5>\n<p>F\u0103r\u0103 niciun dubiu, interven\u021bia \u00een extremis a Ministerului S\u0103n\u0103t\u0103\u021bii de acum dou\u0103 zile, \u00een baza unei Ordonan\u021be de Urgen\u021b\u0103, a dat o gur\u0103 de oxigen spitalelor de stat \u0219i a prevenit o criz\u0103 major\u0103 a sistemului sanitar. Practic, un colaps pe linie! E c\u00e2t se poate de limpede c\u0103, datorit\u0103 unor mici reglaje legislative, toate f\u0103cute \u00een interesul marilor juc\u0103tori de pe pia\u021ba medical\u0103 privat\u0103, de la \u00eenceputul anului \u00een curs, criza \u00een spitalele publice s-a ad\u00e2ncit, mai mult ca niciodat\u0103. <a href=\"https:\/\/voceatimisului.ro\/ca-la-piata-in-lipsa-materialelor-sanitare-sectiile-spitalului-judetean-timisoara-se-imprumuta-intre-ele-pe-caiet-ca-sa-rezolve-urgentele-medicale-si-sa-salveze-vietile-pacientilor\/\"><strong>\u0218i, odat\u0103 cu penuria de fonduri, a\u0219a cum a semnalat \u0219i voceatimisului.ro, s-au resim\u021bit \u0219i lipsurile \u00een farmaciile unit\u0103\u021bilor sanitare de stat, p\u00e2n\u0103 dincolo de paroxism<\/strong>!<\/a> De vin\u0103 \u2013 \u00een anul 2023, s-a decis ca finan\u021barea serviciilor medicale din spitalele publice s\u0103 fie asigurate \u00een func\u021bie de realiz\u0103rile efective, prin raportarea \u00een sistemul DRG, spre deosebire de 2022, c\u00e2nd pl\u0103\u021bile s-au efectuat, p\u00e2n\u0103 la valoarea de contract cu CNAS.<\/p>\n<p>A\u0219a se face c\u0103 o mic\u0103 schimbare din pix, cel pu\u021bin la nivelul anului 2023, a f\u0103cut imposibil\u0103 asigurarea unei finan\u021b\u0103ri adecvate pentru unit\u0103\u021bile sanitare de stat, principalele cauze ale acestei situa\u021bii fiind <strong>neadaptarea TCP (Tariful pe Caz Ponderat) la realitatea economic\u0103<\/strong>, marcat\u0103 de infla\u021bie semnificativ\u0103, ceea ce a determinat o finan\u021bare mult sub costurile reale \u0219i <strong>sc\u0103derea semnificativ\u0103 a adresabilit\u0103\u021bii \u0219i implicit a num\u0103rului de intern\u0103ri dup\u0103 pandemia Covid-19<\/strong>, fenomen persistent, confirmat la nivel (inter)na\u021bional. De aici \u0219i propunerile de urgen\u021b\u0103 ale managerilor de unit\u0103\u021bi medicale de stat, semnalate \u00een scris de prof. dr. Dorel S\u0103ndesc de la Spitalul Jude\u021bean Timi\u0219oara, de a se reveni urgent, la normalitate \u0219i la cre\u0219terea valorilor de decontare pentru serviciile sanitare, aliniate la realit\u0103\u021bile zilei.<\/p>\n<p>Una peste alta, a\u0219a cum rezult\u0103 dintr-o analiz\u0103 a Spitalului Jude\u021bean Timi\u0219oara, confirmat\u0103 \u0219i de celelalte unit\u0103\u021bi medicale din re\u021beaua sanitar\u0103 de stat, <strong>realitatea zilei se rezum\u0103 la un singur cuv\u00e2nt \u2013 infla\u021bie, urmat\u0103 de evolu\u021bia dramatic\u0103 a costurilor<\/strong>: cre\u0219terea costurilor cu uilit\u0103\u021bi \u00een perioada 2019 \u2013 2023 cu 119% pentru \u00eenc\u0103lzit \u0219i iluminat \u0219i cu 22,69% pentru ap\u0103, canal \u0219i salubritate<a>;<\/a> cre\u0219teri \u0219i de peste 500% la medicamente (Efedrin\u0103, Amikozit, Miostin, Linezolid etc) \u0219i explozii de pre\u021buri la materialele sanitare, inclusiv la cele de baz\u0103\/critice, cu 300% (sonde, canule, m\u0103\u0219ti, bonete, m\u0103nu\u0219i etc). Cu toate aceste cre\u0219teri pe linie, cuprinse \u00eentre 100%-500%, tarfiul pe caz ponderat (TCP) a crescut pentru spitalele de stat cu numai 15%!!!<\/p>\n<p><strong>Jum\u0103tate de m\u0103sur\u0103<\/strong><\/p>\n<p>Cam asta ar fi, pe scurt, motiva\u021bia pentru care, cu cifrele \u0219i analizele pe mas\u0103, la presiunea managerilor de spitale publice, coordona\u021bi de dr. Dorel S\u0103ndesc de la Timi\u0219oara, acum dou\u0103 zile, Ministerul S\u0103n\u0103t\u0103\u021bii a acceptat s\u0103 schimbe regula jocului \u00een sistemul medical de stat. A\u0219a se face c\u0103 printr-o OUG a reconfirmat, cu o jum\u0103tate de gur\u0103, caracterul excep\u021bional al dezastrului din unit\u0103\u021bile publice. \u00cen aceste condi\u021bii, pentru a evita riscul de blocare a activit\u0103\u021bii medicale \u00een unit\u0103\u021bile sanitare publice, Guvernul Rom\u00e2niei a decretat c\u0103 decontarea lunar\u0103 se face ca p\u00e2n\u0103-n anul 2022. <strong>Adic\u0103, la nivelul valorii aferente indicatorilor realiza\u021bi \u00een limita valorii de contract, dac\u0103 se acoper\u0103 contravaloarea cheltuielilor efectiv realizate<\/strong>. Mai mult, c\u0103 decontarea serviciilor c\u0103tre spitalele de stat se efectueaz\u0103 dup\u0103 \u00eencheierea lunii \u00een care serviciile au fost acordate, dac\u0103 a fost dep\u0103\u0219it nivelul contractat.<\/p>\n<p>A\u0219a c\u0103 acum, m\u0103car spitaliz\u0103rile de zi, \u00een special prin ambulatoriile unit\u0103\u021bilor sanitare de stat, ar trebui s\u0103 zb\u00e2rn\u00e2ie. La pachet cu toate serviciile de radiologie \u0219i imagistic\u0103! Nu de alta, dar acum, statul a dat drumul la bani pentru orice manager de spital public care-\u0219i dore\u0219te, dac\u0103 nu profit pentru insitu\u021bia pe care o conduce, m\u0103car s\u0103 fie pe zero, la final de an! <a href=\"https:\/\/voceatimisului.ro\/liga-sanitara-umf-timisoara-deschide-portile-raiului-pentru-sectiile-clinicile-private-cu-cheia-sfantului-rafila-de-la-ministerul-sanatatii\/\"><strong>Indirect, asta \u00eenseamn\u0103 c\u0103, pentru a scoate fondurile din buzunarul statului, spitalele publice sunt obligate s\u0103-\u0219i stimuleze medicii ca s\u0103 presteze servicii sanitare la locul de munc\u0103 al angajatorului principal<\/strong>.<\/a> Ca s\u0103-\u0219i asigure existen\u021ba \u0219i func\u021bionarea de zi cu zi! A\u0219adar, cade \u00een sarcina exclusiv\u0103 a managerilor de spitale s\u0103 vegheze c\u0103 to\u021bi angaja\u021bii sistemului sanitar public muncesc \u00een folosul angajatorului \u0219i, mai mult dec\u00e2t orice, \u00ee\u0219i scot m\u0103car salariile, consult\u00e2nd \u0219i extern\u00e2nd pacien\u021bi! Ceea ce, \u00een traducere, \u00eenseamn\u0103 bani pentru servicii medicale, decontate de CNAS!<\/p>\n<p><a href=\"https:\/\/voceatimisului.ro\/fantomele-lui-sandesc-doi-din-zece-medici-ai-spitalului-judetean-timisoara-nu-isi-justifica-salariile-fiind-pasuiti-dupa-principiile-asistatilor-sociali\/\"><strong>Asta, \u00een condi\u021biile \u00een care este de notorietate faptul c\u0103, a\u0219a cum a demonstrat voceatimisului.ro, cel pu\u021bin \u00een cazul Spitalului Jude\u021bean Timi\u0219oara \u0219i Spitalului Municipal mai bine de un sfert dintre medicii angaja\u021bi\u2026 freac\u0103 menta<\/strong>!<\/a> Mai exact, au c\u00e2te un pacient externat pe an sau maxim c\u00e2te unul pe lun\u0103! Al\u021bii c\u00e2te maxim 3-5-7 externa\u021bi la 30 de zile, de nu-\u0219i justific\u0103, nici prezen\u021ba pe holurile spitalului \u0219i nici salariile! \u0218i, evident, c\u0103 productivitatea cadrelor medicale \u2013 \u00een regimul public de s\u0103n\u0103tate, c\u0103 la privat rup nori \u0219i viteza sunetului! \u2013 depinde de respectarea programului de lucru, de implicare la capul bolnavului \u0219i, bine\u00een\u021beles, \u00een primul r\u00e2nd de vizitarea locului de munc\u0103 al angajatorului! Asta e o alt\u0103 problem\u0103 major\u0103 cu care se confrunt\u0103, cel pu\u021bin, Spitalul Jude\u021bean Timi\u0219oara. <strong>E scris\u0103 negru pe alb \u00een ultimul raport de audit al Camerei de Conturi Timi\u0219 \u2013 <u>modul de lucru defectuos al serviciului RUNOS, la \u00eentocmirea formal\u0103 a condicilor de prezen\u021b\u0103<\/u><\/strong>!<\/p>\n<p>Pe scurt, din verific\u0103rile efectuate \u00een SCJUT, la data de 20 martie \u0219i 21 aprilie 2023, auditorii Camerei de Conturi Timi\u0219 au constatat c\u0103 subalternii prof. dr. Dorel S\u0103ndesc nu respect\u0103 programul de lucru. Astfel, \u00een cadrul ambulatoriului de specialitate, au fost identificate un num\u0103r de 3 specialit\u0103\u021bi la care medicii respectivi nu se aflau \u00een cabinet, conform orarului afi\u0219at pe u\u0219\u0103. De asemenea, din ancheta de pe teren, s-a constatat c\u0103 la nivelul sec\u021biei de Ortopedie I, nu se respect\u0103 programul de lucru de c\u0103tre \u00eentregul personal \u0219i c\u0103 se procedeaz\u0103 la semnarea fictiv\u0103 a condicii de prezen\u021b\u0103. Ba mai mult c\u0103, \u00een condic\u0103, la data examin\u0103rii \u00eenscrisului, existau semn\u0103turi \u0219i pentru zilele \u0219i s\u0103pt\u0103m\u00e2nile urm\u0103toare! Marea majoritate, executate cu acela\u0219i pix \u0219i \u00eendem\u00e2nare caligrafic\u0103! Concluzia Camerei de Conturi Timi\u0219 a fost unanim\u0103 \u2013 <strong>chiulul \u0219i nemunca afecteaz\u0103 situa\u021bia financiar\u0103 a Spitalului Jude\u021bean Timi\u0219<\/strong>!<\/p>\n<p><strong>Cutia Pandorei<\/strong><\/p>\n<p>Acum r\u0103m\u00e2ne de v\u0103zut dac\u0103, odat\u0103 salvat de la \u00eenec, ini\u021biatorul OUG, prof. dr. Dorel S\u0103ndesc, va \u021bine cont de c\u00e2teva lucruri esen\u021biale. \u00cen primul r\u00e2nd, c\u0103 fiecare act medical \u0219i externare a unui pacient aduc bani \u00een visteria SCJUT, chiar \u0219i dincolo de contractul cu CNAS. Lun\u0103 de lun\u0103! E de urm\u0103rit \u0219i dac\u0103, \u00een baza recomand\u0103rilor Camerei de Conturi Timi\u0219, managerul S\u0103ndesc va pune medicii la lucru, \u00een Ambulatoriu, la sediul angajatorului principal, ca s\u0103 mai taie din elanul clinicilor private \u0219i s\u0103 aduc\u0103 bani la stat! De v\u0103zut \u0219i dac\u0103 managerul SCJUT va reu\u0219i s\u0103 \u00eenchirieze infrastructura\/m\u00e2na de lucru a spitalului de stat, \u00een regim de privat, tocmai pentru a spori veniturile entit\u0103\u021bii publice, a\u0219a cum se procedeaz\u0103 \u00een Europa! \u0218i, mai mult dec\u00e2t orice, dac\u0103 va avea for\u021ba necesar\u0103 de a duce la \u00eendeplinire m\u0103sura cea mai important\u0103, l\u0103sat\u0103 de auditorii publici: <strong><u>achizi\u021bionarea unei aplica\u021bii software ce permite generarea automat\u0103 a rapoartelor de pontaj \u0219i autentificarea angaja\u021bilor pe baza cartelelor de acces, pentru cunoa\u0219terea, \u00een timp real, a prezen\u021bei \u0219i timpilor totali de munc\u0103<\/u><\/strong>!<\/p>\n<p>A\u0219a c\u0103, p\u00e2n\u0103 la Ziua Z, ast\u0103zi, chiar dac\u0103 Statul Rom\u00e2n, prin Ministerul S\u0103n\u0103t\u0103\u021bii, a corectat o mare nedreptate pentru spitalele publice, este c\u00e2t se poate de clar c\u0103 \u0219ansa de reu\u0219it\u0103 a unei reforme de sistem trebuie s\u0103 vin\u0103, \u00een primul r\u00e2nd, din interior! P\u00e2n\u0103 atunci, r\u0103m\u00e2n doar vorbe me\u0219te\u0219ugite formul\u0103rile de genul \u2013 componenta de resurse umane este unul dintre elementele fundamentale ale unui sistem sanitar performant! Asta, \u00een timp ce realitatea, cel pu\u021bin pentru unit\u0103\u021bile sanitare din subordinea statului roman e cu totul alta, pe cifre: 374 spitale publice versus 311 spitale private, aflate \u00een contract cu CNAS! Deci o concuren\u021b\u0103 acerb\u0103, cu toate armele pe mas\u0103! <strong>\u0218i cea mai pervers\u0103 dintre arme \u2013 \u00een propor\u021bie de 95%, medicii de la stat sunt aceia\u0219i cu cei din privat<\/strong>!<\/p>\n<p>Deci, at\u00e2ta timp c\u00e2t niciun ministru al s\u0103n\u0103t\u0103\u021bii sau vreun om politic nu-\u0219i asum\u0103 s\u0103 rup\u0103 pisica \u00een dou\u0103, adic\u0103 s\u0103 separare apele dintre stat \u0219i privat, sistemul public va r\u0103m\u00e2ne \u00een aceea\u0219i pozi\u021bie de patruped-ierbivor: <strong>vac\u0103 de muls \u0219i captiv<\/strong>!<\/p>\n<figure class=\"wp-block-gallery has-nested-images columns-default is-cropped wp-block-gallery-1 is-layout-flex wp-block-gallery-is-layout-flex\">\n<figure class=\"wp-block-image size-large\"><a href=\"https:\/\/voceatimisului.ro\/wp-content\/uploads\/2023\/09\/Ministerul-Sanatatii1.jpg\"><img decoding=\"async\" width=\"505\" height=\"1024\" data-id=\"157023\" src=\"https:\/\/analyse.optim.biz\/wp-content\/uploads\/2025\/12\/ministerul-sanatatii1-505x1024-1.jpg\" alt=\"Efectul S\u0103ndesc! Ministerul S\u0103n\u0103t\u0103\u021bii repune pe linia de plutire spitalele publice \u0219i oblig\u0103 managerii s\u0103-i ini\u021bieze \u00een tainele muncii de la stat pe medicii cu program de lucru preferen\u021bial \u0219i f\u0103r\u0103 pacien\u021bi\" class=\"wp-image-157023\" loading=\"lazy\" title=\"ministerul-sanatatii1-505x1024-1\"><\/a><\/figure>\n<figure class=\"wp-block-image size-large\"><a href=\"https:\/\/voceatimisului.ro\/wp-content\/uploads\/2023\/09\/Ministerul-Sanatatii2.jpg\"><img decoding=\"async\" width=\"504\" height=\"1024\" data-id=\"157024\" src=\"https:\/\/analyse.optim.biz\/wp-content\/uploads\/2025\/12\/ministerul-sanatatii2-504x1024-1.jpg\" alt=\"Efectul S\u0103ndesc! Ministerul S\u0103n\u0103t\u0103\u021bii repune pe linia de plutire spitalele publice \u0219i oblig\u0103 managerii s\u0103-i ini\u021bieze \u00een tainele muncii de la stat pe medicii cu program de lucru preferen\u021bial \u0219i f\u0103r\u0103 pacien\u021bi\" class=\"wp-image-157024\" loading=\"lazy\" title=\"ministerul-sanatatii2-504x1024-1\"><\/a><\/figure>\n<figure class=\"wp-block-image size-large\"><a href=\"https:\/\/voceatimisului.ro\/wp-content\/uploads\/2023\/09\/Ministerul-Sanatatii3.jpg\"><img decoding=\"async\" width=\"574\" height=\"1024\" data-id=\"157025\" src=\"https:\/\/analyse.optim.biz\/wp-content\/uploads\/2025\/12\/ministerul-sanatatii3-574x1024-1.jpg\" alt=\"Efectul S\u0103ndesc! Ministerul S\u0103n\u0103t\u0103\u021bii repune pe linia de plutire spitalele publice \u0219i oblig\u0103 managerii s\u0103-i ini\u021bieze \u00een tainele muncii de la stat pe medicii cu program de lucru preferen\u021bial \u0219i f\u0103r\u0103 pacien\u021bi\" class=\"wp-image-157025\" loading=\"lazy\" title=\"ministerul-sanatatii3-574x1024-1\"><\/a><\/figure>\n<figure class=\"wp-block-image size-large\"><a href=\"https:\/\/voceatimisului.ro\/wp-content\/uploads\/2023\/09\/Ministerul-Sanatatii4.jpg\"><img decoding=\"async\" loading=\"lazy\" width=\"566\" height=\"1024\" data-id=\"157026\" src=\"https:\/\/analyse.optim.biz\/wp-content\/uploads\/2025\/12\/ministerul-sanatatii4-566x1024-1.jpg\" alt=\"Efectul S\u0103ndesc! Ministerul S\u0103n\u0103t\u0103\u021bii repune pe linia de plutire spitalele publice \u0219i oblig\u0103 managerii s\u0103-i ini\u021bieze \u00een tainele muncii de la stat pe medicii cu program de lucru preferen\u021bial \u0219i f\u0103r\u0103 pacien\u021bi\" class=\"wp-image-157026\" title=\"ministerul-sanatatii4-566x1024-1\"><\/a><\/figure>\n<figure class=\"wp-block-image size-large\"><a href=\"https:\/\/voceatimisului.ro\/wp-content\/uploads\/2023\/09\/Ministerul-Sanatatii5.jpg\"><img decoding=\"async\" loading=\"lazy\" width=\"461\" height=\"1024\" data-id=\"157027\" src=\"https:\/\/analyse.optim.biz\/wp-content\/uploads\/2025\/12\/ministerul-sanatatii5-461x1024-1.jpg\" alt=\"Efectul S\u0103ndesc! Ministerul S\u0103n\u0103t\u0103\u021bii repune pe linia de plutire spitalele publice \u0219i oblig\u0103 managerii s\u0103-i ini\u021bieze \u00een tainele muncii de la stat pe medicii cu program de lucru preferen\u021bial \u0219i f\u0103r\u0103 pacien\u021bi\" class=\"wp-image-157027\" title=\"ministerul-sanatatii5-461x1024-1\"><\/a><\/figure>\n<figure class=\"wp-block-image size-large\"><a href=\"https:\/\/voceatimisului.ro\/wp-content\/uploads\/2023\/09\/Ministerul-Sanatatii6.jpg\"><img decoding=\"async\" loading=\"lazy\" width=\"488\" height=\"1024\" data-id=\"157028\" src=\"https:\/\/analyse.optim.biz\/wp-content\/uploads\/2025\/12\/ministerul-sanatatii6-488x1024-1.jpg\" alt=\"Efectul S\u0103ndesc! Ministerul S\u0103n\u0103t\u0103\u021bii repune pe linia de plutire spitalele publice \u0219i oblig\u0103 managerii s\u0103-i ini\u021bieze \u00een tainele muncii de la stat pe medicii cu program de lucru preferen\u021bial \u0219i f\u0103r\u0103 pacien\u021bi\" class=\"wp-image-157028\" title=\"ministerul-sanatatii6-488x1024-1\"><\/a><\/figure>\n<figure class=\"wp-block-image size-large\"><a href=\"https:\/\/voceatimisului.ro\/wp-content\/uploads\/2023\/09\/Ministerul-Sanatatii7.jpg\"><img decoding=\"async\" loading=\"lazy\" width=\"539\" height=\"1024\" data-id=\"157029\" src=\"https:\/\/analyse.optim.biz\/wp-content\/uploads\/2025\/12\/ministerul-sanatatii7-539x1024-1.jpg\" alt=\"Efectul S\u0103ndesc! Ministerul S\u0103n\u0103t\u0103\u021bii repune pe linia de plutire spitalele publice \u0219i oblig\u0103 managerii s\u0103-i ini\u021bieze \u00een tainele muncii de la stat pe medicii cu program de lucru preferen\u021bial \u0219i f\u0103r\u0103 pacien\u021bi\" class=\"wp-image-157029\" title=\"ministerul-sanatatii7-539x1024-1\"><\/a><\/figure>\n<figure class=\"wp-block-image size-large\"><a href=\"https:\/\/voceatimisului.ro\/wp-content\/uploads\/2023\/09\/Ministerul-Sanatatii8.jpg\"><img decoding=\"async\" loading=\"lazy\" width=\"505\" height=\"1024\" data-id=\"157030\" src=\"https:\/\/analyse.optim.biz\/wp-content\/uploads\/2025\/12\/ministerul-sanatatii8-505x1024-1.jpg\" alt=\"Efectul S\u0103ndesc! Ministerul S\u0103n\u0103t\u0103\u021bii repune pe linia de plutire spitalele publice \u0219i oblig\u0103 managerii s\u0103-i ini\u021bieze \u00een tainele muncii de la stat pe medicii cu program de lucru preferen\u021bial \u0219i f\u0103r\u0103 pacien\u021bi\" class=\"wp-image-157030\" title=\"ministerul-sanatatii8-505x1024-1\"><\/a><\/figure>\n<figure class=\"wp-block-image size-large\"><a href=\"https:\/\/voceatimisului.ro\/wp-content\/uploads\/2023\/09\/Ministerul-Sanatatii9.jpg\"><img decoding=\"async\" loading=\"lazy\" width=\"487\" height=\"1024\" data-id=\"157031\" src=\"https:\/\/analyse.optim.biz\/wp-content\/uploads\/2025\/12\/ministerul-sanatatii9-487x1024-1.jpg\" alt=\"Efectul S\u0103ndesc! Ministerul S\u0103n\u0103t\u0103\u021bii repune pe linia de plutire spitalele publice \u0219i oblig\u0103 managerii s\u0103-i ini\u021bieze \u00een tainele muncii de la stat pe medicii cu program de lucru preferen\u021bial \u0219i f\u0103r\u0103 pacien\u021bi\" class=\"wp-image-157031\" title=\"ministerul-sanatatii9-487x1024-1\"><\/a><\/figure>\n<\/figure>\n<\/div>\n<\/div>\n<div class=\"td_block_wrap tdb_single_tags tdi_74 td-pb-border-top td_block_template_1\" data-td-block-uid=\"tdi_74\">\n<div class=\"tdb-block-inner td-fix-index\">\n<ul class=\"tdb-tags\">\n<li><span>Tags<\/span><\/li>\n<li><a href=\"https:\/\/voceatimisului.ro\/tag\/alexandru-rafila\/\">alexandru rafila<\/a><\/li>\n<li><a href=\"https:\/\/voceatimisului.ro\/tag\/dorel-sandesc\/\">Dorel S\u0103ndesc<\/a><\/li>\n<li><a href=\"https:\/\/voceatimisului.ro\/tag\/ministerul-sanatatii\/\">ministerul sanatatii<\/a><\/li>\n<li><a href=\"https:\/\/voceatimisului.ro\/tag\/spitalul-clinic-judetean-de-urgenta-din-timisoara\/\">Spitalul Clinic Jude\u0163ean de Urgen\u0163\u0103 din Timi\u015foara<\/a><\/li>\n<\/ul>\n<\/div>\n<\/div>\n<div class=\"td_block_wrap tdb_single_post_share tdi_75  td-pb-border-top td_block_template_1\" data-td-block-uid=\"tdi_75\">\n<div id=\"tdi_75\" class=\"td-post-sharing tdb-block td-ps-bg td-ps-notext td-post-sharing-style1 \">\n<div class=\"td-post-sharing-visible\"><a class=\"td-social-sharing-button td-social-sharing-button-js td-social-network td-social-facebook\" href=\"https:\/\/www.facebook.com\/sharer.php?u=https%3A%2F%2Fvoceatimisului.ro%2Fefectul-sandesc-ministerul-sanatatii-repune-pe-linia-de-plutire-spitalele-publice-si-obliga-managerii-sa-i-initieze-in-tainele-muncii-de-la-stat-pe-medicii-cu-program-de-lucru-preferential-si-fara-pa%2F\" title=\"Facebook\" rel=\"noopener\"><\/p>\n<div class=\"td-social-but-text\">Facebook<\/div>\n<p><\/a><a class=\"td-social-sharing-button td-social-sharing-button-js td-social-network td-social-twitter\" href=\"https:\/\/twitter.com\/intent\/tweet?text=Efectul+S%C4%83ndesc%21+Ministerul+S%C4%83n%C4%83t%C4%83%C8%9Bii+repune+pe+linia+de+plutire+spitalele+publice+%C8%99i+oblig%C4%83+managerii+s%C4%83-i+ini%C8%9Bieze+%C3%AEn+tainele+muncii+de+la+stat+pe+medicii+cu+program+de+lucru+preferen%C8%9Bial+%C8%99i+f%C4%83r%C4%83+pacien%C8%9Bi&amp;url=https%3A%2F%2Fvoceatimisului.ro%2Fefectul-sandesc-ministerul-sanatatii-repune-pe-linia-de-plutire-spitalele-publice-si-obliga-managerii-sa-i-initieze-in-tainele-muncii-de-la-stat-pe-medicii-cu-program-de-lucru-preferential-si-fara-pa%2F&amp;via=Vocea+Timisului\" title=\"Twitter\" rel=\"noopener\"><\/p>\n<div class=\"td-social-but-text\">Twitter<\/div>\n<p><\/a><a class=\"td-social-sharing-button td-social-sharing-button-js td-social-network td-social-pinterest\" href=\"https:\/\/pinterest.com\/pin\/create\/button\/?url=https:\/\/voceatimisului.ro\/efectul-sandesc-ministerul-sanatatii-repune-pe-linia-de-plutire-spitalele-publice-si-obliga-managerii-sa-i-initieze-in-tainele-muncii-de-la-stat-pe-medicii-cu-program-de-lucru-preferential-si-fara-pa\/&amp;media=https:\/\/analyse.optim.biz\/wp-content\/uploads\/2025\/12\/dorel-sandesc-jpg.webp&amp;description=Efectul+S%C4%83ndesc%21+Ministerul+S%C4%83n%C4%83t%C4%83%C8%9Bii+repune+pe+linia+de+plutire+spitalele+publice+%C8%99i+oblig%C4%83+managerii+s%C4%83-i+ini%C8%9Bieze+%C3%AEn+tainele+muncii+de+la+stat+pe+medicii+cu+program+de+lucru+preferen%C8%9Bial+%C8%99i+f%C4%83r%C4%83+pacien%C8%9Bi\" title=\"Pinterest\" rel=\"noopener\"><\/p>\n<div class=\"td-social-but-text\">Pinterest<\/div>\n<p><\/a><a class=\"td-social-sharing-button td-social-sharing-button-js td-social-network td-social-whatsapp\" href=\"https:\/\/api.whatsapp.com\/send?text=Efectul+S%C4%83ndesc%21+Ministerul+S%C4%83n%C4%83t%C4%83%C8%9Bii+repune+pe+linia+de+plutire+spitalele+publice+%C8%99i+oblig%C4%83+managerii+s%C4%83-i+ini%C8%9Bieze+%C3%AEn+tainele+muncii+de+la+stat+pe+medicii+cu+program+de+lucru+preferen%C8%9Bial+%C8%99i+f%C4%83r%C4%83+pacien%C8%9Bi%20%0A%0A%20https:\/\/voceatimisului.ro\/efectul-sandesc-ministerul-sanatatii-repune-pe-linia-de-plutire-spitalele-publice-si-obliga-managerii-sa-i-initieze-in-tainele-muncii-de-la-stat-pe-medicii-cu-program-de-lucru-preferential-si-fara-pa\/\" title=\"WhatsApp\" rel=\"noopener\"><\/p>\n<div class=\"td-social-but-text\">WhatsApp<\/div>\n<p><\/a><a class=\"td-social-sharing-button td-social-sharing-button-js td-social-network td-social-linkedin\" href=\"https:\/\/www.linkedin.com\/shareArticle?mini=true&amp;url=https:\/\/voceatimisului.ro\/efectul-sandesc-ministerul-sanatatii-repune-pe-linia-de-plutire-spitalele-publice-si-obliga-managerii-sa-i-initieze-in-tainele-muncii-de-la-stat-pe-medicii-cu-program-de-lucru-preferential-si-fara-pa\/&amp;title=Efectul+S%C4%83ndesc%21+Ministerul+S%C4%83n%C4%83t%C4%83%C8%9Bii+repune+pe+linia+de+plutire+spitalele+publice+%C8%99i+oblig%C4%83+managerii+s%C4%83-i+ini%C8%9Bieze+%C3%AEn+tainele+muncii+de+la+stat+pe+medicii+cu+program+de+lucru+preferen%C8%9Bial+%C8%99i+f%C4%83r%C4%83+pacien%C8%9Bi\" title=\"Linkedin\" rel=\"noopener\"><\/p>\n<div class=\"td-social-but-text\">Linkedin<\/div>\n<p><\/a><a class=\"td-social-sharing-button td-social-sharing-button-js td-social-network td-social-copy_url\" href=\"https:\/\/voceatimisului.ro\/efectul-sandesc-ministerul-sanatatii-repune-pe-linia-de-plutire-spitalele-publice-si-obliga-managerii-sa-i-initieze-in-tainele-muncii-de-la-stat-pe-medicii-cu-program-de-lucru-preferential-si-fara-pa\/\" title=\"Copy URL\" rel=\"noopener\"><\/p>\n<div class=\"td-social-but-text\">Copy URL<\/div>\n<p><\/a><\/div>\n<\/div>\n<\/div>\n<div class=\"td_block_wrap tdb_single_next_prev tdi_76 td-animation-stack td-next-prev-img-on td-pb-border-top td_block_template_1\" data-td-block-uid=\"tdi_76\">\n<div class=\"tdb-block-inner td-fix-index\">\n<div class=\"tdb-next-post tdb-next-post-bg tdb-post-prev\"><span>Articolul precedent<\/span><\/p>\n<div class=\"td-module-container\">\n<div class=\"td-image-container\"><a class=\"td-image-wrap\" href=\"https:\/\/voceatimisului.ro\/ca-n-romania-spitalul-judetean-timisoara-va-distruge-peste-25-milioane-de-masti-de-protectie-care-i-au-fost-bagate-pe-gat-de-smecherii-din-sanatate-daca-nu-va-gasi-cerere-in-piata-inainte-de-term\/\"><img loading=\"lazy\" decoding=\"async\" class=\"td-next-prev-image td-fix-index td-lazy-img\" title=\"Ca-n Rom\u00e2nia! Spitalul Jude\u021bean Timi\u0219oara va distruge peste 2,5 milioane de m\u0103\u0219ti de protec\u021bie, care i-au fost b\u0103gate pe g\u00e2t de smecherii din S\u0103n\u0103tate, dac\u0103 nu va g\u0103si cerere \u00een pia\u021b\u0103, \u00eenainte de termenul de expirare\" width=\"696\" height=\"653\" src=\"https:\/\/analyse.optim.biz\/wp-content\/uploads\/2025\/12\/spitalul-judetean-timisoara-va-distruge-peste-25-milioane-de-masti-de-protectie-696x653-1.jpg\"><\/a><\/div>\n<div class=\"next-prev-title\"><a href=\"https:\/\/voceatimisului.ro\/ca-n-romania-spitalul-judetean-timisoara-va-distruge-peste-25-milioane-de-masti-de-protectie-care-i-au-fost-bagate-pe-gat-de-smecherii-din-sanatate-daca-nu-va-gasi-cerere-in-piata-inainte-de-term\/\">Ca-n Rom\u00e2nia! Spitalul Jude\u021bean Timi\u0219oara va distruge peste 2,5 milioane de m\u0103\u0219ti de protec\u021bie, care i-au fost b\u0103gate pe g\u00e2t de smecherii din S\u0103n\u0103tate, dac\u0103 nu va g\u0103si cerere \u00een pia\u021b\u0103, \u00eenainte de termenul de expirare<\/a><\/div>\n<\/div>\n<\/div>\n<div class=\"tdb-next-post tdb-next-post-bg tdb-post-next\"><span>Articolul urm\u0103tor<\/span><\/p>\n<div class=\"td-module-container\">\n<div class=\"td-image-container\"><a class=\"td-image-wrap\" href=\"https:\/\/voceatimisului.ro\/razboi-in-rai-mondena-denisa-tirziu-fosta-iubita-a-agentului-sef-raoul-iacob-de-la-biroul-de-investigatii-criminale-a-fost-atacata-in-trafic-de-membrii-clanului-tiganesc-tutelat-de-celebrul-domi\/\"><img loading=\"lazy\" decoding=\"async\" class=\"td-next-prev-image td-fix-index td-lazy-img\" title=\"R\u0103zboi \u00een Rai! Mondena Denisa T\u00eerziu, fosta iubit\u0103 a agentului-\u0219ef Raoul Iacob de la Biroul de Investiga\u021bii Criminale, a fost atacat\u0103, \u00een trafic, de membrii clanului \u021big\u0103nesc, tutelat de celebrul Domide Novacovici\" width=\"696\" height=\"869\" src=\"https:\/\/analyse.optim.biz\/wp-content\/uploads\/2025\/12\/raoul-iacob-de-la-biroul-de-investigatii-criminale01-jpg-696x869-1.webp\"><\/a><\/div>\n<div class=\"next-prev-title\"><a href=\"https:\/\/voceatimisului.ro\/razboi-in-rai-mondena-denisa-tirziu-fosta-iubita-a-agentului-sef-raoul-iacob-de-la-biroul-de-investigatii-criminale-a-fost-atacata-in-trafic-de-membrii-clanului-tiganesc-tutelat-de-celebrul-domi\/\">R\u0103zboi \u00een Rai! Mondena Denisa T\u00eerziu, fosta iubit\u0103 a agentului-\u0219ef Raoul Iacob de la Biroul de Investiga\u021bii Criminale, a fost atacat\u0103, \u00een trafic, de membrii clanului \u021big\u0103nesc, tutelat de celebrul Domide Novacovici<\/a><\/div>\n<\/div>\n<\/div>\n<\/div>\n<\/div>\n<\/div>\n<\/div>\n<\/div>\n<\/div>\n<div class=\"vc_row_inner tdi_86  vc_row vc_inner wpb_row td-pb-row\">\n<div class=\"vc_column_inner tdi_88  wpb_column vc_column_container tdc-inner-column td-pb-span4 td-is-sticky\">\n<div class=\"vc_column-inner\">\n<div class=\"wpb_wrapper\" data-sticky-enabled-on=\"W3RydWUsdHJ1ZSx0cnVlLHRydWVd\" data-sticky-offset=\"20\" data-sticky-is-width-auto=\"W2ZhbHNlLGZhbHNlLGZhbHNlLGZhbHNlXQ==\">\n<div class=\"td_block_wrap tdb_single_related tdi_89 td_with_ajax_pagination td-pb-border-top td_block_template_1 tdb-single-related-posts\" data-td-block-uid=\"tdi_89\">\n<div id=\"tdi_89\" class=\"td_block_inner tdb-block-inner td-fix-index\">\n<div class=\"tdb_module_related td_module_wrap td-animation-stack td-meta-info-hide\">\n<div class=\"td-module-container td-category-pos-image\">\n<div class=\"td-module-meta-info\">\n<h3 class=\"entry-title td-module-title\"><a href=\"https:\/\/voceatimisului.ro\/ca-la-piata-in-lipsa-materialelor-sanitare-sectiile-spitalului-judetean-timisoara-se-imprumuta-intre-ele-pe-caiet-ca-sa-rezolve-urgentele-medicale-si-sa-salveze-vietile-pacientilor\/\" rel=\"bookmark\" title=\"Ca la pia\u021b\u0103! \u00cen lipsa materialelor sanitare, sec\u021biile Spitalului Jude\u021bean Timi\u0219oara se \u00eemprumut\u0103 \u00eentre ele, pe caiet, ca s\u0103 rezolve urgen\u021bele medicale \u0219i s\u0103 salveze vie\u021bile pacien\u021bilor\">Ca la pia\u021b\u0103! \u00cen lipsa materialelor sanitare, sec\u021biile Spitalului Jude\u021bean Timi\u0219oara se \u00eemprumut\u0103 \u00eentre ele, pe caiet, ca s\u0103 rezolve urgen\u021bele medicale \u0219i s\u0103&#8230;<\/a><\/h3>\n<\/div>\n<\/div>\n<\/div>\n<div class=\"tdb_module_related td_module_wrap td-animation-stack td-meta-info-hide\">\n<div class=\"td-module-container td-category-pos-image\">\n<div class=\"td-module-meta-info\">\n<h3 class=\"entry-title td-module-title\"><a href=\"https:\/\/voceatimisului.ro\/de-vis-medicii-din-spitalele-de-stat-ale-ministrului-rafila-fac-cheta-interna-ca-sa-cumpere-prezervative-chiurete-baterii-si-hartie-de-ecograf-necesare-consulturilor-pentru-pacienti\/\" rel=\"bookmark\" title=\"De vis! Medicii din spitalele de stat ale ministrului Rafila fac chet\u0103 intern\u0103 ca s\u0103 cumpere prezervative, chiurete, baterii \u0219i h\u00e2rtie de ecograf, necesare consulturilor pentru pacien\u021bi\">De vis! Medicii din spitalele de stat ale ministrului Rafila fac chet\u0103 intern\u0103 ca s\u0103 cumpere prezervative, chiurete, baterii \u0219i h\u00e2rtie de ecograf, necesare&#8230;<\/a><\/h3>\n<\/div>\n<\/div>\n<\/div>\n<div class=\"tdb_module_related td_module_wrap td-animation-stack td-meta-info-hide\">\n<div class=\"td-module-container td-category-pos-image\">\n<div class=\"td-module-meta-info\">\n<h3 class=\"entry-title td-module-title\"><a href=\"https:\/\/voceatimisului.ro\/ultima-moda-la-spitalul-judetean-timisoara-pacientii-ministrului-sanatatii-alexandru-rafila-sunt-trimisi-la-tomberon-direct-din-unitatea-de-primiri-urgente\/\" rel=\"bookmark\" title=\"Ultima mod\u0103! La Spitalul Jude\u021bean Timi\u0219oara, pacien\u021bii ministrului s\u0103n\u0103t\u0103\u021bii Alexandru Rafila sunt trimi\u0219i\u2026 la tomberon, direct din Unitatea de Primiri Urgen\u021be\">Ultima mod\u0103! La Spitalul Jude\u021bean Timi\u0219oara, pacien\u021bii ministrului s\u0103n\u0103t\u0103\u021bii Alexandru Rafila sunt trimi\u0219i\u2026 la tomberon, direct din Unitatea de Primiri Urgen\u021be<\/a><\/h3>\n<\/div>\n<\/div>\n<\/div>\n<\/div>\n<\/div>\n<\/div>\n<\/div>\n<\/div>\n<div class=\"vc_column_inner tdi_91  wpb_column vc_column_container tdc-inner-column td-pb-span8\">\n<div class=\"vc_column-inner\">\n<div class=\"wpb_wrapper\">\n<div class=\"td_block_wrap tdb_single_comments tdi_92 tdb-comm-layout2 td-pb-border-top td_block_template_2\" data-td-block-uid=\"tdi_92\">\n<div class=\"tdb-block-inner td-fix-index\">\n<div class=\"comments\" id=\"comments\">\n<div id=\"respond\" class=\"comment-respond\">\n<h3 id=\"reply-title\" class=\"comment-reply-title\">L\u0102SA\u021aI UN MESAJ <small><a rel=\"nofollow\" id=\"cancel-comment-reply-link\" href=\"https:\/\/voceatimisului.ro\/efectul-sandesc-ministerul-sanatatii-repune-pe-linia-de-plutire-spitalele-publice-si-obliga-managerii-sa-i-initieze-in-tainele-muncii-de-la-stat-pe-medicii-cu-program-de-lucru-preferential-si-fara-pa\/#respond\">Renun\u021ba\u021bi la r\u0103spuns<\/a><\/small><\/h3>\n<div class=\"comment-form-input-wrap td-form-comment\">\n<div class=\"td-warning-comment\">V\u0103 rug\u0103m s\u0103 introduce\u021bi comentariul dvs.!<\/div>\n<\/div>\n<div class=\"comment-form-input-wrap td-form-author\">\n<div class=\"td-warning-author\">Introduce\u021bi aici numele dvs.<\/div>\n<\/div>\n<div class=\"comment-form-input-wrap td-form-email\">\n<div class=\"td-warning-email-error\">A\u021bi introdus o adres\u0103 de e-mail incorect\u0103!<\/div>\n<div class=\"td-warning-email\">V\u0103 rug\u0103m s\u0103 introduce\u021bi adresa dvs. de e-mail aici<\/div>\n<\/div>\n<\/div>\n<\/div>\n<\/div>\n<\/div>\n<\/div>\n<\/div>\n<\/div>\n<\/div>\n<\/div>\n<\/div>\n<div class=\"vc_column tdi_94  wpb_column vc_column_container tdc-column td-pb-span4 td-is-sticky\">\n<div class=\"wpb_wrapper\" data-sticky-enabled-on=\"W3RydWUsdHJ1ZSx0cnVlLHRydWVd\" data-sticky-offset=\"20\" data-sticky-is-width-auto=\"W2ZhbHNlLGZhbHNlLGZhbHNlLGZhbHNlXQ==\">\n<div class=\"vc_row_inner tdi_96  vc_row vc_inner wpb_row td-pb-row\">\n<div class=\"vc_column_inner tdi_98  wpb_column vc_column_container tdc-inner-column td-pb-span12\">\n<div class=\"vc_column-inner\">\n<div class=\"wpb_wrapper\">\n<div class=\"td_block_wrap td_block_title tdi_99 td-pb-border-top td_block_template_11 td-fix-index\" data-td-block-uid=\"tdi_99\">\n<div class=\"td-block-title-wrap\">\n<h4 class=\"td-block-title\"><span class=\"td-pulldown-size\">ANUN\u021aURI \u0218I PUBLICITATE<\/span><\/h4>\n<\/div>\n<\/div>\n<\/div>\n<\/div>\n<\/div>\n<\/div>\n<div class=\"wpb_wrapper td_block_wrap vc_widget_sidebar tdi_101 \">\n<aside id=\"block-10\" class=\"td_block_template_1 widget block-10 widget_block widget_media_image\">\n<figure class=\"wp-block-image size-full\"><a href=\"https:\/\/adpghiroda.ro\/index.html\" target=\"_blank\" rel=\" noreferrer noopener\"><img decoding=\"async\" loading=\"eager\" width=\"960\" height=\"960\" src=\"https:\/\/analyse.optim.biz\/wp-content\/uploads\/2025\/12\/adp-ghiroda2-154-1.jpg\" class=\"wp-image-171492\" title=\"adp-ghiroda2-154-1\"><\/a><\/figure>\n<\/aside>\n<aside id=\"block-11\" class=\"td_block_template_1 widget block-11 widget_block widget_media_image\">\n<figure class=\"wp-block-image size-full\"><a href=\"https:\/\/adpghiroda.ro\/index.html\" target=\"_blank\" rel=\" noreferrer noopener\"><img decoding=\"async\" loading=\"eager\" width=\"960\" height=\"960\" src=\"https:\/\/analyse.optim.biz\/wp-content\/uploads\/2025\/12\/adp-ghiroda1-145.jpg\" class=\"wp-image-171491\" title=\"adp-ghiroda1-145\"><\/a><\/figure>\n<\/aside>\n<aside id=\"block-17\" class=\"td_block_template_1 widget block-17 widget_block widget_media_image\">\n<figure class=\"wp-block-image size-large is-resized\"><a href=\"https:\/\/verde.events\/\" target=\"_blank\" rel=\" noreferrer noopener\"><img decoding=\"async\" loading=\"lazy\" width=\"1024\" height=\"683\" src=\"https:\/\/analyse.optim.biz\/wp-content\/uploads\/2025\/12\/verde-events-24-1024x683-150.jpg\" alt=\"Verde Events\" class=\"wp-image-174395\" title=\"verde-events-24-1024x683-150\"><\/a><figcaption class=\"wp-element-caption\"><strong><em>O experien\u021b\u0103 unic\u0103 pentru orice tip de eveniment<\/em><\/strong><\/figcaption><\/figure>\n<\/aside>\n<\/div>\n<div class=\"td_block_wrap td_flex_block_1 tdi_107 td-pb-border-top td_block_template_1 td_ajax_preloading_preload td_flex_block\" data-td-block-uid=\"tdi_107\">\n<div id=\"tdi_107\" class=\"td_block_inner td-mc1-wrap\">\n<div class=\"td_module_flex td_module_flex_1 td_module_wrap td-animation-stack td-meta-info-hide td-cpt-post\">\n<div class=\"td-module-container td-category-pos-image\">\n<div class=\"td-module-meta-info\">\n<h3 class=\"entry-title td-module-title\"><a href=\"https:\/\/voceatimisului.ro\/liga-sanitara-umf-timisoara-deschide-portile-raiului-pentru-sectiile-clinicile-private-cu-cheia-sfantului-rafila-de-la-ministerul-sanatatii\/\" rel=\"bookmark\" title=\"Liga sanitar\u0103! UMF Timi\u0219oara deschide por\u021bile raiului pentru sec\u021biile clinicile private, cu cheia Sf\u00e2ntului Rafila de la Ministerul S\u0103n\u0103t\u0103\u021bii\">Liga sanitar\u0103! UMF Timi\u0219oara deschide por\u021bile raiului pentru sec\u021biile clinicile private, cu cheia Sf\u00e2ntului Rafila de la Ministerul S\u0103n\u0103t\u0103\u021bii<\/a><\/h3>\n<\/div>\n<\/div>\n<\/div>\n<div class=\"td_module_flex td_module_flex_1 td_module_wrap td-animation-stack td-meta-info-hide td-cpt-post\">\n<div class=\"td-module-container td-category-pos-image\">\n<div class=\"td-module-meta-info\">\n<h3 class=\"entry-title td-module-title\"><a href=\"https:\/\/voceatimisului.ro\/prof-dr-dorel-sandesc-titularizat-ca-manager-al-spitalului-judetean-timisoara\/\" rel=\"bookmark\" title=\"Prof. dr. Dorel S\u0103ndesc, titularizat ca manager al Spitalului Jude\u021bean Timi\u0219oara\">Prof. dr. Dorel S\u0103ndesc, titularizat ca manager al Spitalului Jude\u021bean Timi\u0219oara<\/a><\/h3>\n<\/div>\n<\/div>\n<\/div>\n<div class=\"td_module_flex td_module_flex_1 td_module_wrap td-animation-stack td-meta-info-hide td-cpt-post\">\n<div class=\"td-module-container td-category-pos-image\">\n<div class=\"td-module-meta-info\">\n<h3 class=\"entry-title td-module-title\"><a href=\"https:\/\/voceatimisului.ro\/evaluare-impersonala-spitalul-judetean-timisoara-a-notat-cu-foarte-bine-si-excelent-aproape-100-de-medici-care-au-externat-cate-un-pacient-pe-an-si-cel-mult-doi-pe-luna\/\" rel=\"bookmark\" title=\"Evaluare (im)personal\u0103! Spitalul Jude\u021bean Timi\u0219oara a notat cu foarte bine \u0219i excelent aproape 100 de medici care au externat c\u00e2te un pacient pe an \u0219i cel mult doi pe lun\u0103\">Evaluare (im)personal\u0103! Spitalul Jude\u021bean Timi\u0219oara a notat cu foarte bine \u0219i excelent aproape 100 de medici care au externat c\u00e2te un pacient pe an&#8230;<\/a><\/h3>\n<\/div>\n<\/div>\n<\/div>\n<div class=\"td_module_flex td_module_flex_1 td_module_wrap td-animation-stack td-meta-info-hide td-cpt-post\">\n<div class=\"td-module-container td-category-pos-image\">\n<div class=\"td-module-meta-info\">\n<h3 class=\"entry-title td-module-title\"><a href=\"https:\/\/voceatimisului.ro\/fantomele-lui-sandesc-doi-din-zece-medici-ai-spitalului-judetean-timisoara-nu-isi-justifica-salariile-fiind-pasuiti-dupa-principiile-asistatilor-sociali\/\" rel=\"bookmark\" title=\"Fantomele lui S\u0103ndesc! Doi din zece medici ai Spitalului Jude\u021bean Timi\u0219oara nu \u00ee\u0219i justific\u0103 salariile, fiind p\u0103sui\u021bi dup\u0103 principiile asista\u021bilor sociali\">Fantomele lui S\u0103ndesc! Doi din zece medici ai Spitalului Jude\u021bean Timi\u0219oara nu \u00ee\u0219i justific\u0103 salariile, fiind p\u0103sui\u021bi dup\u0103 principiile asista\u021bilor sociali<\/a><\/h3>\n<\/div>\n<\/div>\n<\/div>\n<div class=\"td_module_flex td_module_flex_1 td_module_wrap td-animation-stack td-meta-info-hide td-cpt-post\">\n<div class=\"td-module-container td-category-pos-image\">\n<div class=\"td-module-meta-info\">\n<h3 class=\"entry-title td-module-title\"><a href=\"https:\/\/voceatimisului.ro\/ministrul-sanatatii-a-decis-schimbarea-managerului-de-la-spitalul-judetean-timisoara\/\" rel=\"bookmark\" title=\"Ministrul S\u0103n\u0103t\u0103\u021bii a decis schimbarea managerului de la Spitalul Jude\u021bean Timi\u0219oara\">Ministrul S\u0103n\u0103t\u0103\u021bii a decis schimbarea managerului de la Spitalul Jude\u021bean Timi\u0219oara<\/a><\/h3>\n<\/div>\n<\/div>\n<\/div>\n<\/div>\n<\/div>\n<\/div>\n<\/div>\n<\/div>\n<\/div>\n<\/div>\n<\/div>\n<p><span class=\"td-page-meta\"><\/span><span class=\"td-page-meta\"><span class=\"td-page-meta\"><\/span><\/span><span class=\"td-page-meta\"><\/span><\/article>\n<p> Source URL: https:\/\/voceatimisului.ro\/efectul-sandesc-ministerul-sanatatii-repune-pe-linia-de-plutire-spitalele-publice-si-obliga-managerii-sa-i-initieze-in-tainele-muncii-de-la-stat-pe-medicii-cu-program-de-lucru-preferential-si-fara-pa\/<\/p>\n","protected":false},"excerpt":{"rendered":"<p>\u0218tiriS\u0103n\u0103tate Efectul S\u0103ndesc! Ministerul S\u0103n\u0103t\u0103\u021bii repune pe linia de plutire spitalele publice \u0219i oblig\u0103 managerii s\u0103-i ini\u021bieze \u00een tainele muncii de la stat pe medicii cu program de lucru preferen\u021bial \u0219i f\u0103r\u0103 pacien\u021bi Autor-Tiberiu Kiss 15 septembrie 2023 0 16222 Facebook Twitter Pinterest WhatsApp Linkedin Copy URL Dorel Sandesc jpg Investi\u021bii de 500 de milioane [&hellip;]<\/p>\n","protected":false},"author":1,"featured_media":1217337,"comment_status":"open","ping_status":"","sticky":false,"template":"","format":"standard","meta":{"footnotes":""},"categories":[89],"tags":[199],"class_list":["post-1217336","post","type-post","status-publish","format-standard","has-post-thumbnail","hentry","category-romania","tag-voceatimisului-ro"],"_links":{"self":[{"href":"https:\/\/analyse.optim.biz\/index.php?rest_route=\/wp\/v2\/posts\/1217336","targetHints":{"allow":["GET"]}}],"collection":[{"href":"https:\/\/analyse.optim.biz\/index.php?rest_route=\/wp\/v2\/posts"}],"about":[{"href":"https:\/\/analyse.optim.biz\/index.php?rest_route=\/wp\/v2\/types\/post"}],"author":[{"embeddable":true,"href":"https:\/\/analyse.optim.biz\/index.php?rest_route=\/wp\/v2\/users\/1"}],"replies":[{"embeddable":true,"href":"https:\/\/analyse.optim.biz\/index.php?rest_route=%2Fwp%2Fv2%2Fcomments&post=1217336"}],"version-history":[{"count":0,"href":"https:\/\/analyse.optim.biz\/index.php?rest_route=\/wp\/v2\/posts\/1217336\/revisions"}],"wp:featuredmedia":[{"embeddable":true,"href":"https:\/\/analyse.optim.biz\/index.php?rest_route=\/wp\/v2\/media\/1217337"}],"wp:attachment":[{"href":"https:\/\/analyse.optim.biz\/index.php?rest_route=%2Fwp%2Fv2%2Fmedia&parent=1217336"}],"wp:term":[{"taxonomy":"category","embeddable":true,"href":"https:\/\/analyse.optim.biz\/index.php?rest_route=%2Fwp%2Fv2%2Fcategories&post=1217336"},{"taxonomy":"post_tag","embeddable":true,"href":"https:\/\/analyse.optim.biz\/index.php?rest_route=%2Fwp%2Fv2%2Ftags&post=1217336"}],"curies":[{"name":"wp","href":"https:\/\/api.w.org\/{rel}","templated":true}]}}