{"id":1217304,"date":"2023-09-29T16:07:31","date_gmt":"2023-09-29T13:07:31","guid":{"rendered":"https:\/\/analyse.optim.biz\/?p=1217304"},"modified":"2023-09-29T16:07:31","modified_gmt":"2023-09-29T13:07:31","slug":"la-umf-timisoara-a-inceput-in-forta-preluarea-puterii","status":"publish","type":"post","link":"https:\/\/analyse.optim.biz\/?p=1217304","title":{"rendered":"La UMF Timi\u0219oara a \u00eenceput, \u00een for\u021b\u0103, preluarea puterii"},"content":{"rendered":"<article id=\"template-id-172790\" class=\"post-172790 tdb_templates type-tdb_templates status-publish post\">\n<div id=\"tdi_38\" class=\"tdc-zone\">\n<div class=\"tdc_zone tdi_39  wpb_row td-pb-row\">\n<div id=\"tdi_40\" class=\"tdc-row stretch_row_1400 td-stretch-content\">\n<div class=\"vc_row tdi_41  wpb_row td-pb-row tdc-element-style\">\n<div class=\"vc_column tdi_43  wpb_column vc_column_container tdc-column td-pb-span8\">\n<div class=\"wpb_wrapper\">\n<div class=\"td_block_wrap tdb_single_categories tdi_44 td-pb-border-top td_block_template_1 \" data-td-block-uid=\"tdi_44\">\n<div class=\"tdb-category td-fix-index\"><a class=\"tdb-entry-category\" href=\"https:\/\/voceatimisului.ro\/stiri-din-timisoara-si-timis\/\">\u0218tiri<\/a><a class=\"tdb-entry-category\" href=\"https:\/\/voceatimisului.ro\/stiri-din-timisoara-si-timis\/sanatate\/\">S\u0103n\u0103tate<\/a><\/div>\n<\/div>\n<div class=\"td_block_wrap tdb_title tdi_45 tdb-single-title td-pb-border-top td_block_template_1\" data-td-block-uid=\"tdi_45\">\n<div class=\"tdb-block-inner td-fix-index\">\n<h1 class=\"tdb-title-text\">M\u0103cel didactic! La UMF Timi\u0219oara a \u00eenceput, \u00een for\u021b\u0103, preluarea puterii \u0219i acapararea sinecurilor academice, departe de modelul revolu\u021biilor de catifea<\/h1>\n<\/div>\n<\/div>\n<div class=\"vc_row_inner tdi_48  vc_row vc_inner wpb_row td-pb-row\">\n<div class=\"vc_column_inner tdi_50  wpb_column vc_column_container tdc-inner-column td-pb-span6\">\n<div class=\"vc_column-inner\">\n<div class=\"wpb_wrapper\">\n<div class=\"td_block_wrap tdb_single_author tdi_51 td-pb-border-top td_block_template_1 tdb-post-meta\" data-td-block-uid=\"tdi_51\">\n<div class=\"tdb-block-inner td-fix-index\">\n<div class=\"tdb-author-name-wrap\"><span class=\"tdb-author-by\">Autor-<\/span><a class=\"tdb-author-name\" href=\"https:\/\/voceatimisului.ro\/author\/tibi\/\">Tiberiu Kiss<\/a><\/div>\n<\/div>\n<\/div>\n<div class=\"td_block_wrap tdb_single_date tdi_52 td-pb-border-top td_block_template_1 tdb-post-meta\" data-td-block-uid=\"tdi_52\">\n<div class=\"tdb-block-inner td-fix-index\"><time class=\"entry-date updated td-module-date\" datetime=\"2023-09-29T19:07:31+03:00\">29 septembrie 2023<\/time><\/div>\n<\/div>\n<div class=\"td_block_wrap tdb_single_comments_count tdi_53 td-pb-border-top td_block_template_1 tdb-post-meta\" data-td-block-uid=\"tdi_53\">\n<div class=\"tdb-block-inner td-fix-index\"><a href=\"https:\/\/voceatimisului.ro\/macel-didactic-la-umf-timisoara-a-inceput-in-forta-preluarea-puterii-si-acapararea-sinecurilor-academice-departe-de-modelul-revolutiilor-de-catifea\/#comments\"><span>2<\/span><\/a><\/div>\n<\/div>\n<div class=\"td_block_wrap tdb_single_post_views tdi_54 td-pb-border-top td_block_template_1 tdb-post-meta\" data-td-block-uid=\"tdi_54\">\n<div class=\"tdb-block-inner td-fix-index\"><span class=\"tdb-add-text\">1<\/span><span class=\"td-nr-views-157077\">5565<\/span><\/div>\n<\/div>\n<\/div>\n<\/div>\n<\/div>\n<div class=\"vc_column_inner tdi_56  wpb_column vc_column_container tdc-inner-column td-pb-span6\">\n<div class=\"vc_column-inner\">\n<div class=\"wpb_wrapper\">\n<div class=\"td_block_wrap tdb_single_post_share tdi_57  td-pb-border-top td_block_template_1\" data-td-block-uid=\"tdi_57\">\n<div id=\"tdi_57\" class=\"td-post-sharing tdb-block td-ps-bg td-ps-notext td-post-sharing-style1 \">\n<div class=\"td-post-sharing-visible\"><a class=\"td-social-sharing-button td-social-sharing-button-js td-social-network td-social-facebook\" href=\"https:\/\/www.facebook.com\/sharer.php?u=https%3A%2F%2Fvoceatimisului.ro%2Fmacel-didactic-la-umf-timisoara-a-inceput-in-forta-preluarea-puterii-si-acapararea-sinecurilor-academice-departe-de-modelul-revolutiilor-de-catifea%2F\" title=\"Facebook\" rel=\"noopener\"><\/p>\n<div class=\"td-social-but-text\">Facebook<\/div>\n<p><\/a><a class=\"td-social-sharing-button td-social-sharing-button-js td-social-network td-social-twitter\" href=\"https:\/\/twitter.com\/intent\/tweet?text=M%C4%83cel+didactic%21+La+UMF+Timi%C8%99oara+a+%C3%AEnceput%2C+%C3%AEn+for%C8%9B%C4%83%2C+preluarea+puterii+%C8%99i+acapararea+sinecurilor+academice%2C+departe+de+modelul+revolu%C8%9Biilor+de+catifea&amp;url=https%3A%2F%2Fvoceatimisului.ro%2Fmacel-didactic-la-umf-timisoara-a-inceput-in-forta-preluarea-puterii-si-acapararea-sinecurilor-academice-departe-de-modelul-revolutiilor-de-catifea%2F&amp;via=Vocea+Timisului\" title=\"Twitter\" rel=\"noopener\"><\/p>\n<div class=\"td-social-but-text\">Twitter<\/div>\n<p><\/a><a class=\"td-social-sharing-button td-social-sharing-button-js td-social-network td-social-pinterest\" href=\"https:\/\/pinterest.com\/pin\/create\/button\/?url=https:\/\/voceatimisului.ro\/macel-didactic-la-umf-timisoara-a-inceput-in-forta-preluarea-puterii-si-acapararea-sinecurilor-academice-departe-de-modelul-revolutiilor-de-catifea\/&amp;media=https:\/\/analyse.optim.biz\/wp-content\/uploads\/2025\/12\/umf-timisoara-scaled-1.jpg&amp;description=M%C4%83cel+didactic%21+La+UMF+Timi%C8%99oara+a+%C3%AEnceput%2C+%C3%AEn+for%C8%9B%C4%83%2C+preluarea+puterii+%C8%99i+acapararea+sinecurilor+academice%2C+departe+de+modelul+revolu%C8%9Biilor+de+catifea\" title=\"Pinterest\" rel=\"noopener\"><\/p>\n<div class=\"td-social-but-text\">Pinterest<\/div>\n<p><\/a><a class=\"td-social-sharing-button td-social-sharing-button-js td-social-network td-social-whatsapp\" href=\"https:\/\/api.whatsapp.com\/send?text=M%C4%83cel+didactic%21+La+UMF+Timi%C8%99oara+a+%C3%AEnceput%2C+%C3%AEn+for%C8%9B%C4%83%2C+preluarea+puterii+%C8%99i+acapararea+sinecurilor+academice%2C+departe+de+modelul+revolu%C8%9Biilor+de+catifea%20%0A%0A%20https:\/\/voceatimisului.ro\/macel-didactic-la-umf-timisoara-a-inceput-in-forta-preluarea-puterii-si-acapararea-sinecurilor-academice-departe-de-modelul-revolutiilor-de-catifea\/\" title=\"WhatsApp\" rel=\"noopener\"><\/p>\n<div class=\"td-social-but-text\">WhatsApp<\/div>\n<p><\/a><a class=\"td-social-sharing-button td-social-sharing-button-js td-social-network td-social-linkedin\" href=\"https:\/\/www.linkedin.com\/shareArticle?mini=true&amp;url=https:\/\/voceatimisului.ro\/macel-didactic-la-umf-timisoara-a-inceput-in-forta-preluarea-puterii-si-acapararea-sinecurilor-academice-departe-de-modelul-revolutiilor-de-catifea\/&amp;title=M%C4%83cel+didactic%21+La+UMF+Timi%C8%99oara+a+%C3%AEnceput%2C+%C3%AEn+for%C8%9B%C4%83%2C+preluarea+puterii+%C8%99i+acapararea+sinecurilor+academice%2C+departe+de+modelul+revolu%C8%9Biilor+de+catifea\" title=\"Linkedin\" rel=\"noopener\"><\/p>\n<div class=\"td-social-but-text\">Linkedin<\/div>\n<p><\/a><a class=\"td-social-sharing-button td-social-sharing-button-js td-social-network td-social-copy_url\" href=\"https:\/\/voceatimisului.ro\/macel-didactic-la-umf-timisoara-a-inceput-in-forta-preluarea-puterii-si-acapararea-sinecurilor-academice-departe-de-modelul-revolutiilor-de-catifea\/\" title=\"Copy URL\" rel=\"noopener\"><\/p>\n<div class=\"td-social-but-text\">Copy URL<\/div>\n<p><\/a><\/div>\n<\/div>\n<\/div>\n<\/div>\n<\/div>\n<\/div>\n<\/div>\n<div class=\"td_block_wrap tdb_single_featured_image tdi_58 tdb-content-horiz-left td-pb-border-top td_block_template_1\" data-td-block-uid=\"tdi_58\">\n<div class=\"tdb-block-inner td-fix-index\">\n<figure><img fetchpriority=\"high\" decoding=\"async\" width=\"696\" height=\"696\" class=\"entry-thumb\" src=\"https:\/\/analyse.optim.biz\/wp-content\/uploads\/2025\/12\/umf-timisoara-696x696-1.jpg\" alt=\"UMF Timisoara scaled\" title=\"UMF Timisoara scaled\" loading=\"eager\"><figcaption class=\"tdb-caption-text\">UMF Timisoara scaled<\/figcaption><\/figure>\n<\/div>\n<\/div>\n<div class=\"vc_row_inner tdi_60  vc_row vc_inner wpb_row td-pb-row\">\n<div class=\"vc_column_inner tdi_62  wpb_column vc_column_container tdc-inner-column td-pb-span4 td-is-sticky\">\n<div class=\"vc_column-inner\">\n<div class=\"wpb_wrapper\" data-sticky-enabled-on=\"W3RydWUsdHJ1ZSx0cnVlLHRydWVd\" data-sticky-offset=\"20\" data-sticky-is-width-auto=\"W2ZhbHNlLGZhbHNlLGZhbHNlLGZhbHNlXQ==\">\n<div class=\"td_block_wrap td_flex_block_1 tdi_63 td-pb-border-top td_block_template_1 td_ajax_preloading_preload td_flex_block\" data-td-block-uid=\"tdi_63\">\n<div id=\"tdi_63\" class=\"td_block_inner td-mc1-wrap\">\n<div class=\"td_module_flex td_module_flex_1 td_module_wrap td-animation-stack td-meta-info-hide td-cpt-post\">\n<div class=\"td-module-container td-category-pos-image\">\n<div class=\"td-module-meta-info\">\n<h3 class=\"entry-title td-module-title\"><a href=\"https:\/\/voceatimisului.ro\/liga-sanitara-umf-timisoara-deschide-portile-raiului-pentru-sectiile-clinicile-private-cu-cheia-sfantului-rafila-de-la-ministerul-sanatatii\/\" rel=\"bookmark\" title=\"Liga sanitar\u0103! UMF Timi\u0219oara deschide por\u021bile raiului pentru sec\u021biile clinicile private, cu cheia Sf\u00e2ntului Rafila de la Ministerul S\u0103n\u0103t\u0103\u021bii\">Liga sanitar\u0103! UMF Timi\u0219oara deschide por\u021bile raiului pentru sec\u021biile clinicile private, cu cheia Sf\u00e2ntului Rafila de la Ministerul S\u0103n\u0103t\u0103\u021bii<\/a><\/h3>\n<\/div>\n<\/div>\n<\/div>\n<div class=\"td_module_flex td_module_flex_1 td_module_wrap td-animation-stack td-meta-info-hide td-cpt-post\">\n<div class=\"td-module-container td-category-pos-image\">\n<div class=\"td-module-meta-info\">\n<h3 class=\"entry-title td-module-title\"><a href=\"https:\/\/voceatimisului.ro\/somn-de-voie-medicul-florica-birsasteanu-a-demisionat-din-fruntea-sectiei-de-radiologie-dupa-ce-umft-si-spitalul-judetean-timisoara-s-au-prins-la-trei-luni-de-la-numire-ca-l-au-inscaunat-si-miruit\/\" rel=\"bookmark\" title=\"Somn de voie! Medicul Floric\u0103 B\u00eers\u0103\u0219teanu a demisionat din fruntea Sec\u021biei de Radiologie dup\u0103 ce UMFT \u0219i Spitalul Jude\u021bean Timi\u0219oara s-au prins, la trei luni de la numire, c\u0103 l-au \u00eensc\u0103unat \u0219i miruit ilegal\">Somn de voie! Medicul Floric\u0103 B\u00eers\u0103\u0219teanu a demisionat din fruntea Sec\u021biei de Radiologie dup\u0103 ce UMFT \u0219i Spitalul Jude\u021bean Timi\u0219oara s-au prins, la trei&#8230;<\/a><\/h3>\n<\/div>\n<\/div>\n<\/div>\n<div class=\"td_module_flex td_module_flex_1 td_module_wrap td-animation-stack td-meta-info-hide td-cpt-post\">\n<div class=\"td-module-container td-category-pos-image\">\n<div class=\"td-module-meta-info\">\n<h3 class=\"entry-title td-module-title\"><a href=\"https:\/\/voceatimisului.ro\/ecouri-transfrontaliere-universitatea-de-medicina-si-farmacie-timisoara-a-cenzurat-acuzatiile-de-coruptie-care-i-au-fost-aduse-pe-pagina-oficiala-la-o-postare-care-viza-recrutarea-de-studenti-strain\/\" rel=\"bookmark\" title=\"Ecouri transfrontaliere! Universitatea de Medicin\u0103 \u0219i Farmacie Timi\u0219oara a cenzurat acuza\u021biile de corup\u021bie care i-au fost aduse pe pagina oficial\u0103, la o postare care viza recrutarea de studen\u021bi str\u0103ini din Orientul Mijlociu\">Ecouri transfrontaliere! Universitatea de Medicin\u0103 \u0219i Farmacie Timi\u0219oara a cenzurat acuza\u021biile de corup\u021bie care i-au fost aduse pe pagina oficial\u0103, la o postare care&#8230;<\/a><\/h3>\n<\/div>\n<\/div>\n<\/div>\n<div class=\"td_module_flex td_module_flex_1 td_module_wrap td-animation-stack td-meta-info-hide td-cpt-post\">\n<div class=\"td-module-container td-category-pos-image\">\n<div class=\"td-module-meta-info\">\n<h3 class=\"entry-title td-module-title\"><a href=\"https:\/\/voceatimisului.ro\/cuiul-lui-pepelea-umf-timisoara-face-salturi-mortale-ca-sa-privatizeze-sanatatea-banatenilor-chiar-sub-nasul-ministrului-alexandru-rafila\/\" rel=\"bookmark\" title=\"Cuiul lui Pepelea! UMF Timi\u0219oara face salturi mortale ca sa privatizeze s\u0103n\u0103tatea b\u0103n\u0103\u021benilor, chiar sub nasul ministrului Alexandru Rafila\">Cuiul lui Pepelea! UMF Timi\u0219oara face salturi mortale ca sa privatizeze s\u0103n\u0103tatea b\u0103n\u0103\u021benilor, chiar sub nasul ministrului Alexandru Rafila<\/a><\/h3>\n<\/div>\n<\/div>\n<\/div>\n<\/div>\n<\/div>\n<div class=\"tdb-author-box td_block_wrap tdb_single_author_box tdi_68 tdb-content-vert-top td-pb-border-top td_block_template_1\" data-td-block-uid=\"tdi_68\">\n<div class=\"tdb-block-inner td-fix-index\">\n<div class=\"tdb-author-info\"><a href=\"https:\/\/voceatimisului.ro\/author\/tibi\/\" class=\"tdb-author-name\">Tiberiu Kiss<\/a><\/p>\n<div class=\"tdb-author-descr\">\u00centreaga responsabilitate a comentariilor l\u0103sate de dumneavoastr\u0103 v\u0103 apar\u021bine!<br \/>\nClick <a href=\"https:\/\/voceatimisului.ro\/termeni-si-conditii\/\">aici<\/a>-citeste condi\u0163iile de utilizare ale site-ului www.voceatimisului.ro<\/div>\n<\/div>\n<\/div>\n<\/div>\n<\/div>\n<\/div>\n<\/div>\n<div class=\"vc_column_inner tdi_70  wpb_column vc_column_container tdc-inner-column td-pb-span8\">\n<div class=\"vc_column-inner\">\n<div class=\"wpb_wrapper\">\n<div class=\"td_block_wrap tdb_single_content tdi_71 td-pb-border-top td_block_template_1 td-post-content tagdiv-type\" data-td-block-uid=\"tdi_71\">\n<div class=\"tdb-block-inner td-fix-index\">\n<h5 class=\"wp-block-heading\" id=\"h-circ-in-toata-regula-a-demarat-spectacolul-de-toamna-la-universitatea-de-medicina-\u0219i-farmacie-victor-babe\u0219-din-timi\u0219oara-alegerea-interna-a-\u0219efilor-de-departamente-\u0219i-discipline-un-vot-care-prin-cumul-la-inceputul-anului-viitor-va-culmina-cu-re-confirmarea-rectorului-\u0219i-a-pre\u0219edintelui-de-senat-sau-poate-chiar-cu-titularizarea-unor-noi-fe\u021be-universitare-\u0219i-de-aceasta-data-in-buna-tradi\u021bie-umefistaneza-jocurile-de-culise-\u0219i-intrarile-prin-alunecare-constituie-un-deliciu-\u0219i-fac-parte-din-meniul-zilei-exista-totu\u0219i-\u0219i-un-element-de-noutate-care-nu-face-decat-sa-confirme-ca-azi-in-spa\u021biul-de-inva\u021bamant-superior-bana\u021bean-lucrurile-sunt-scapate-de-sub-control-contracandida\u021bii-pe-fa\u021ba-ceea-ce-in-istoria-a\u0219ezamantului-universitar-nu-s-a-mai-intamplat-niciodata-cel-pu\u021bin-la-nivel-de-departamente-sau-discipline\">Circ \u00een toat\u0103 regula! A demarat spectacolul de toamn\u0103 la <a href=\"https:\/\/voceatimisului.ro\/la-vremuri-noi-tot-noi-umf-timisoara-nu-renunta-la-baronii-din-sanatate-nici-in-ruptul-capului\/\">Universitatea de Medicin\u0103\u00a0\u0219i Farmacie \u201cVictor Babe\u0219\u201d din Timi\u0219oara<\/a> \u2013 alegerea intern\u0103 a \u0219efilor de departamente \u0219i discipline. Un vot care, prin cumul, la \u00eenceputul anului viitor, va culmina cu (re)confirmarea rectorului \u0219i a pre\u0219edintelui de Senat sau poate chiar cu titularizarea unor noi fe\u021be universitare! \u0218i de aceast\u0103 dat\u0103, \u00een buna tradi\u021bie umefistanez\u0103, jocurile de culise \u0219i intr\u0103rile prin alunecare constituie un deliciu \u0219i fac parte din meniul zilei. Exist\u0103 totu\u0219i \u0219i un element de noutate, care nu face dec\u00e2t s\u0103 confirme c\u0103, azi, \u00een spa\u021biul de \u00eenv\u0103\u021b\u0103m\u00e2nt superior b\u0103n\u0103\u021bean, lucrurile sunt sc\u0103pate de sub control: contracandida\u021bii! Pe fa\u021b\u0103! Ceea ce, \u00een istoria a\u0219ez\u0103m\u00e2ntului universitar, nu s-a mai \u00eent\u00e2mplat niciodat\u0103, cel pu\u021bin la nivel de departamente sau discipline!<\/h5>\n<p>Un lucru e cert! P\u00e2n\u0103 de cur\u00e2nd, a\u0219a cum rezult\u0103 dintr-o serie de probe, intrate \u00een posesia\u00a0<a href=\"http:\/\/voceatimisului.ro\/\" target=\"_blank\" rel=\"noreferrer noopener\">voceatimisului.ro<\/a>, la UMF Timi\u0219oara, concuren\u021ba pe posturi, fie ele universitare sau de re\u021bea, nu a existat. Sub nicio form\u0103! Nu c\u0103 nu s-ar fi g\u0103sit doritori, pretenden\u021bi sau oportuni\u0219ti de carier\u0103! Au fost de toate felurile, doar c\u0103 orice ie\u0219ire din linia de front, dictat\u0103 de cutumele nescrise ale institu\u021biei de \u00eenv\u0103\u021b\u0103m\u00e2nt superior, era anihilat\u0103 din fa\u0219\u0103! <strong>F\u0103r\u0103 menajamente, conform principiului \u2013 un candidat pe un loc, f\u0103r\u0103 concuren\u021b\u0103<\/strong>! A\u0219a c\u0103, mereu, pove\u0219tile despre contra-candidaturi, \u00een s\u00e2nul UMF Timi\u0219oara, au murit, \u00eenainte de a se na\u0219te! \u0218i totul a r\u0103mas la nivel de zvon sau inten\u021bie, dup\u0103 promisiuni, negocieri \u0219i trocuri prin birourile decanilor \u0219i rectorilor! Pe scurt, ceva de genul: ai r\u0103bdare, nu e timpul t\u0103u, vine \u0219i vremea ta sau, \u00een cel mai fericit caz, tura urm\u0103toare. \u00cen rest pace \u0219i prietenie \u0219i batista pe \u021bambal!<\/p>\n<p>\u00cen acest moment, dup\u0103 cum arat\u0103 o parte dintre eviden\u021be, ata\u0219ate la finalul materialului, e clar c\u0103 unele cadre universitare din UMF Timi\u0219oara \u0219i-au pierdut r\u0103bdarea. A\u0219a c\u0103, \u00een acest moment revolu\u021bia academic\u0103 e \u00een toi \u0219i Cutia Pandorei r\u0103m\u00e2ne deschis\u0103, pe toate palierele (non)clinice p\u00e2n\u0103 c\u00e2nd, conform cutumelor umefistaneze, se va a\u0219terne lini\u0219tea sau, cel mult, o victorie de etap\u0103! Azi, dincolo de orgolii sau poli\u021be personale, cel pu\u021bin o parte din medici nu mai vor s\u0103 urm\u0103reasc\u0103 meciul de pe tu\u0219\u0103. <strong>A\u0219a c\u0103, \u00eentr-un mod organizat, acum c\u0103 s-a fixat \u0219i data alegerilor (decembrie 2023), au intrat \u00een terenul de joac\u0103, direct pe creanga Departamentului XII \u2013 Obstetric\u0103 \u0219i Ginecologie, condus de prof. univ. dr. Marius Craina<\/strong>. \u00cen prim\u0103 faz\u0103, prin registratura UMF Timi\u0219oara, \u00eentr-un mod absolut asumat, \u00een urm\u0103 cu patru zile, un num\u0103r de trei cadre universitare, to\u021bi medici ginecologi \u2013 conf. dr. Cosmin C\u00eetu, \u0219ef lucr\u0103ri dr. Zoran Popa \u0219i conf. dr. Izabela Petre \u2013 au decis s\u0103 atace la v\u00e2rf!<\/p>\n<p>Nu oricum, ci \u00een scris! Sub semn\u0103tur\u0103 privat\u0103! <strong>\u0218i l-au etichetat pe dr. Marius Craina cu sloganul de\u2026 incompatibil, trimi\u021b\u00e2ndu-l direct \u00een bra\u021bele Comisiei de Etic\u0103 a UMF Timi\u0219oara<\/strong>. Acum, nici nu mai conteaz\u0103 c\u0103, \u00een urm\u0103 cu un an, medicul a mai fost acuzat, indirect, de exact aceea\u0219i stare de incompatibilitate, recte pre\u0219edinte de Senat \u2013 \u0219ef Departament Obstetric\u0103 \u0219i Ginecologie. Important e c\u0103, la data de 13 septembrie 2022, a\u0219a cum rezult\u0103 din documente, speciali\u0219tii UMF Timi\u0219oara l-au absolvit pe profesorul universitar de \u00eenc\u0103lcarea legii. Cu Legis-ul \u00een m\u00e2n\u0103 \u0219i, printre altele, cu explica\u021bia ferm\u0103 c\u0103 pre\u0219edintele de Senat nu reprezint\u0103 o func\u021bie de conducere, conform Cartei universitare.<\/p>\n<p><strong>Atac la baionet\u0103<\/strong><\/p>\n<p><a href=\"https:\/\/voceatimisului.ro\/executare-umf-timisoara-o-cooperativa-care-functioneaza-dupa-legiile-si-principiile-unei-famiglii-organizate\/\">Evident, atacul frontal \u0219i asumat la adresa dr. Marius Craina, \u00een contextul alegerilor interne de la UMF Timi\u0219oara, nu e dec\u00e2t un pretext \u0219i doar v\u00e2rful icebergului!<\/a> \u00cen fapt, prin Comisia de Etic\u0103, se for\u021beaz\u0103 m\u00e2na rectorului UMFT Octavian Cre\u021bu, de a deschide cutia cu maimu\u021be \u0219i de a reforma institu\u021bia din temelii. Mai exact, de a stabili incompatibilit\u0103\u021bile, exact pe principiul denun\u021bat de cei trei semnatari ai sesiz\u0103rii \u00eempotriva profesorului Marius Craina: <strong><u>persoanele care sunt \u00een rela\u021bie de so\u021b, afini \u0219i rude p\u00e2n\u0103 la gradul III, nu pot ocupa concomitent func\u021bii astfel \u00eenc\u00e2t unul s\u0103 se afle fa\u021b\u0103 de cel\u0103lalt \u00eentr-o pozi\u021bie de conducere, control, autoritate sau evaluare institu\u021bional\u0103, la orice nivel, \u00een aceea\u0219i universitate<\/u><\/strong>. \u0218i de aici \u00eencolo, \u00een cazul UMF Timi\u0219oara, posibilit\u0103\u021bile \u0219i ecua\u021biile sunt nesf\u00e2r\u0219ite c\u0103ci, de la rector \u00een jos, nu exist\u0103 palier care s\u0103 nu fie atins de textul legii de mai sus! O \u00eencreng\u0103tur\u0103 c\u00e2t o s\u0103pt\u0103m\u00e2n\u0103 de post!<\/p>\n<p>A\u0219adar, momentan, lucrurile sunt \u00een desf\u0103\u0219urare \u0219i \u00eentr-o dinamic\u0103 de zile mari, iar bre\u0219a, a\u0219a cum sper\u0103 reformatorii \u00een halate albe, ar trebui s\u0103 fie Departamentul XII al UMF Timi\u0219oara. P\u00e2n\u0103 \u00een acest moment, dincolo de registratura universit\u0103\u021bii, lupta se duce \u0219i pe grupurile interne de WhatsApp, a\u0219a cum rezult\u0103 din probele ata\u0219ate la finalul materialului. \u0218i primul care a rostogolit bulg\u0103rele a fost, asear\u0103, dr. Zoran Popa: \u201d<strong>Bun\u0103 seara \u00eentregului colectiv. Mul\u021bumim pentru posibilitatea de a fi fost informa\u021bi p\u00e2n\u0103 \u00een prezent legat de diferite aspecte care privesc bunul mers al departamentului, dar mai pu\u021bin de deciziile \u0219i schimb\u0103rile recente\u00a0\u00a0din cadrul structurii de conducere ale acestuia; motiv pentru care prin urmare \u021bin s\u0103 v\u0103 informez c\u0103 Prof. Univ. Dr. Craina Marius, datorit\u0103 st\u0103rii juridice de incompatibilitate continu\u0103 \u00eenc\u0103 din anul 2020 (sesizat\u0103 \u201eaparent\u201d doar recent) \u00een de\u021binerea concomitent\u0103 a mai multor func\u021bii de conducere, a fost nevoit \u00een urm\u0103 cu circa 2 s\u0103pt\u0103m\u00e2ni s\u0103-\u0219i prezinte conducerii UMFVBT demisia din pozi\u021bia de director al\u00a0\u00a0departamentului nostru. Consider c\u0103 aceast\u0103 schimbare constituie o informa\u021bie public\u0103, de care orice membru al\u00a0\u00a0colectivului trebuia s\u0103 fie informat\u2026<\/strong>\u201d.<\/p>\n<p>Imediat dup\u0103, la c\u00e2teva minute, cu mingea ridicat\u0103 la fileu, a urmat r\u0103spunsul dr. Cosmin C\u00eetu pe acela\u0219i grup intern al UMF Timi\u0219oara: \u201d<strong>R\u0103spunsul la \u00eentrebarea ta, Zoran, l-am aflat din p\u0103cate doar \u201cneoficial\u201d\u2026.Ata\u0219ez documentele primite<\/strong>\u201d. \u0218i, \u00eentr-adev\u0103r, conferen\u021biarul universitar a ata\u0219at documentele primite\u2026 pe surse, care confirm\u0103 c\u0103, \u00eentr-adev\u0103r, profesorul Marius Craina, \u00een baza modific\u0103rilor Legii Educa\u021biei, intrat\u0103 \u00een vigoare la data de 4 septembrie 2023, s-a auto-suspendat din func\u021bia de \u0219ef al Departamentului XII Obstetric\u0103 \u0219i Ginecologie, \u00een locul s\u0103u fiind numit, prin decizia rectorului UMFT, prof. univ. Lauren\u021biu Pirtea. Ce nu se spune e doar faptul c\u0103, a\u0219a cum rezult\u0103 din documente, hot\u0103r\u00e2rea a fost luat\u0103, redactat\u0103 \u0219i definitivat\u0103 \u00een diminea\u021ba aceleia\u0219i zile, adic\u0103 28 septembrie a.c. Oricum, partea cu lipsa de comunicare a deciziei, f\u0103r\u0103 niciun dubiu, \u021bine de birocra\u021bia universit\u0103\u021bii \u0219i, evident, construc\u021bia mesajelor a fost doar un pretext pentru a anun\u021ba presupusa incompatibilitate a dr. Marius Craina, \u00een contextual alegerilor interne.<\/p>\n<p>Tot capturile de ecran arat\u0103 c\u0103 la un semnal scurt, \u00een mod organizat, la alte c\u00e2teva minute, \u00een grupul de WhatsApp, ca-n hora unirii, \u00eentr-o manier\u0103 extrem de rezervat\u0103 \u0219i seac\u0103, a intervenit \u0219i al treilea semnatar al denun\u021bului administrativ \u00eempotriva \u0219efului Clinicii Bega, dr. Marius Craina, nimeni alta dec\u00e2t colega sa de la Ginecologie, conf. Izabela Petre: \u201d<strong>Cred c\u0103 acest<\/strong><strong>grup a fost creat cu scopul de a comunica, de a ne informa reciproc despre orice probleme<\/strong><strong>sau situa\u021bii ivite \u00een cadrul departamentului \u2013 lucru care p\u00e2n\u0103 \u00een prezent nu s-a \u00eent\u00e2mplat. Apreciez \u00een mod deosebit mesajele voastre de informare<\/strong>\u201d.<\/p>\n<p><strong>Bezn\u0103 \u0219i offside<\/strong><\/p>\n<p>Dup\u0103 o perioad\u0103 de timp, la circa o or\u0103, \u00een grupul intern de WhatsApp a intervenit \u0219i \u0219eful de departament care a l\u0103murit lucrurile, ata\u0219\u00e2nd la finalul post\u0103rii, \u0219i reclama\u021bia celor trei ginecologi, demers care nu a fost men\u021bionat \u0219i nici asumat, p\u00e2n\u0103 \u00een acel moment: \u201d<strong>Av\u00e2nd \u00een vedere discu\u021biile de pe grup \u0219i faptul ca unii au intrat \u00een febra (pre)campaniei alegerilor interne, consider ca este cazul sa l\u0103muresc anumite aspecte \u0219i afirma\u021bii ale unor colegi. Modific\u0103rile Legii educa\u021biei, intrata \u00een vigoare la data de 4.09.2023, la art 170 precizeaz\u0103 faptul c\u0103 pre\u0219edintele Senatului nu poate de\u021bine cumul de func\u021bii, respectiv \u0219i func\u021bia de director de Departament. Sens \u00een care, \u00een acest caz, legea prevede ca persoana are dreptul de a se suspenda dintr-una din aceste func\u021bii! Deci, septembrie 2023, nu 2020, a\u0219a cum se poveste\u0219te pe aici\u2026<\/strong>\u201d.<\/p>\n<p>Ca, \u00een final, s\u0103 puncteze c\u0103 orice posibil\u0103 stare de incompatibilitate sau conflict de interese, \u00een Romania \u2013 stat de drept, unicul organ abilitat sa decid\u0103 astfel de derapaje este ANI!\u00a0\u00a0Nimeni altcineva! <strong>\u201dPrecizez c\u0103, \u00een urm\u0103 cu un an, acest\u0103 spe\u021b\u0103 a mai fost l\u0103murit\u0103 de conducerea UMFVBT. R\u0103spunsul e ata\u0219at prezentei! C\u0103, acum, din nou, se repune pe tapet aceea\u0219i chestiune \u2013 de data asta, asumat\u0103 \u2013 e de \u00een\u021beles. Ave\u021bi, \u00een anexa, ca s\u0103 \u00een\u021belege\u021bi \u0219i mingile de la fileu, \u0219i sesizarea colegilor no\u0219tri, ca s\u0103 nu mai fie nevoie de c\u0103i neoficiale\u201d,<\/strong> a conchis dr. Marius Craina. \u0218i a stins lumina c\u0103ci, \u00een afar\u0103 de cei 4 muschetari, niciun alt cadru universitar, care apar\u021bine de Departamentul XII al UMFT, nu a scris absolut niciun cuv\u00e2nt. Nicio virgul\u0103, de\u0219i, a\u0219a cum rezult\u0103 din probele intrate \u00een posesia voveatimisului.ro, to\u021bi au citit schimbul de pase academic!<\/p>\n<p>Evident, acum, \u00een toiul circului, nu mai r\u0103m\u00e2ne dec\u00e2t un singur lucru: r\u0103spunsul Comisiei de Etic\u0103 pe care, fie c\u0103 vrea sau nu, rectorul UMFT, chirurgul Octavian Cre\u021bu, va trebui s\u0103-l gireze. \u0218i, \u00een func\u021bie de rezultatul deliber\u0103rii pe problema de presupus\u0103 incompatibilitate a prof. Marius Craina se va \u0219ti, \u00een mod cert, dac\u0103 Cutia Pandorei a fost sau deschis\u0103 \u00een UMFT \u0219i dac\u0103 marile familii din medicin\u0103 se vor vedea doar acas\u0103, \u00een spa\u021biu privat, nu \u0219i prin birourile din universitate, la plata cu ora!<\/p>\n<figure class=\"wp-block-gallery has-nested-images columns-default is-cropped wp-block-gallery-1 is-layout-flex wp-block-gallery-is-layout-flex\">\n<figure class=\"wp-block-image size-large\"><a href=\"https:\/\/voceatimisului.ro\/wp-content\/uploads\/2023\/09\/UMF-Timisoara17.jpg\"><img decoding=\"async\" width=\"473\" height=\"1024\" data-id=\"157114\" src=\"https:\/\/analyse.optim.biz\/wp-content\/uploads\/2025\/12\/umf-timisoara17-473x1024-1.jpg\" alt=\"M\u0103cel didactic! La UMF Timi\u0219oara a \u00eenceput, \u00een for\u021b\u0103, preluarea puterii \u0219i acapararea sinecurilor academice, departe de modelul revolu\u021biilor de catifea\" class=\"wp-image-157114\" loading=\"lazy\" title=\"umf-timisoara17-473x1024-1\"><\/a><\/figure>\n<figure class=\"wp-block-image size-large\"><a href=\"https:\/\/voceatimisului.ro\/wp-content\/uploads\/2023\/09\/UMF-Timisoara16.jpg\"><img decoding=\"async\" width=\"473\" height=\"1024\" data-id=\"157113\" src=\"https:\/\/analyse.optim.biz\/wp-content\/uploads\/2025\/12\/umf-timisoara16-473x1024-1.jpg\" alt=\"M\u0103cel didactic! La UMF Timi\u0219oara a \u00eenceput, \u00een for\u021b\u0103, preluarea puterii \u0219i acapararea sinecurilor academice, departe de modelul revolu\u021biilor de catifea\" class=\"wp-image-157113\" loading=\"lazy\" title=\"umf-timisoara16-473x1024-1\"><\/a><\/figure>\n<figure class=\"wp-block-image size-large\"><a href=\"https:\/\/voceatimisului.ro\/wp-content\/uploads\/2023\/09\/UMF-Timisoara15.jpg\"><img decoding=\"async\" width=\"473\" height=\"1024\" data-id=\"157112\" src=\"https:\/\/analyse.optim.biz\/wp-content\/uploads\/2025\/12\/umf-timisoara15-473x1024-1.jpg\" alt=\"M\u0103cel didactic! La UMF Timi\u0219oara a \u00eenceput, \u00een for\u021b\u0103, preluarea puterii \u0219i acapararea sinecurilor academice, departe de modelul revolu\u021biilor de catifea\" class=\"wp-image-157112\" loading=\"lazy\" title=\"umf-timisoara15-473x1024-1\"><\/a><\/figure>\n<figure class=\"wp-block-image size-large\"><a href=\"https:\/\/voceatimisului.ro\/wp-content\/uploads\/2023\/09\/UMF-Timisoara14.jpg\"><img decoding=\"async\" loading=\"lazy\" width=\"473\" height=\"1024\" data-id=\"157111\" src=\"https:\/\/analyse.optim.biz\/wp-content\/uploads\/2025\/12\/umf-timisoara14-473x1024-1.jpg\" alt=\"M\u0103cel didactic! La UMF Timi\u0219oara a \u00eenceput, \u00een for\u021b\u0103, preluarea puterii \u0219i acapararea sinecurilor academice, departe de modelul revolu\u021biilor de catifea\" class=\"wp-image-157111\" title=\"umf-timisoara14-473x1024-1\"><\/a><\/figure>\n<figure class=\"wp-block-image size-large\"><a href=\"https:\/\/voceatimisului.ro\/wp-content\/uploads\/2023\/09\/UMF-Timisoara13.jpg\"><img decoding=\"async\" loading=\"lazy\" width=\"1024\" height=\"931\" data-id=\"157110\" src=\"https:\/\/analyse.optim.biz\/wp-content\/uploads\/2025\/12\/umf-timisoara13-1024x931-1.jpg\" alt=\"M\u0103cel didactic! La UMF Timi\u0219oara a \u00eenceput, \u00een for\u021b\u0103, preluarea puterii \u0219i acapararea sinecurilor academice, departe de modelul revolu\u021biilor de catifea\" class=\"wp-image-157110\" title=\"umf-timisoara13-1024x931-1\"><\/a><\/figure>\n<figure class=\"wp-block-image size-large\"><a href=\"https:\/\/analyse.optim.biz\/wp-content\/uploads\/2025\/12\/umf-timisoara12.jpg\"><img decoding=\"async\" loading=\"lazy\" width=\"768\" height=\"1024\" data-id=\"157109\" src=\"https:\/\/analyse.optim.biz\/wp-content\/uploads\/2025\/12\/umf-timisoara12.jpg\" alt=\"M\u0103cel didactic! La UMF Timi\u0219oara a \u00eenceput, \u00een for\u021b\u0103, preluarea puterii \u0219i acapararea sinecurilor academice, departe de modelul revolu\u021biilor de catifea\" class=\"wp-image-157109\" title=\"umf-timisoara12\"><\/a><\/figure>\n<figure class=\"wp-block-image size-large\"><a href=\"https:\/\/voceatimisului.ro\/wp-content\/uploads\/2023\/09\/UMF-Timisoara11.jpg\"><img decoding=\"async\" loading=\"lazy\" width=\"779\" height=\"1024\" data-id=\"157108\" src=\"https:\/\/analyse.optim.biz\/wp-content\/uploads\/2025\/12\/umf-timisoara11-779x1024-1.jpg\" alt=\"M\u0103cel didactic! La UMF Timi\u0219oara a \u00eenceput, \u00een for\u021b\u0103, preluarea puterii \u0219i acapararea sinecurilor academice, departe de modelul revolu\u021biilor de catifea\" class=\"wp-image-157108\" title=\"umf-timisoara11-779x1024-1\"><\/a><\/figure>\n<figure class=\"wp-block-image size-large\"><a href=\"https:\/\/voceatimisului.ro\/wp-content\/uploads\/2023\/09\/UMF-Timisoara10.jpg\"><img decoding=\"async\" loading=\"lazy\" width=\"772\" height=\"1024\" data-id=\"157107\" src=\"https:\/\/analyse.optim.biz\/wp-content\/uploads\/2025\/12\/umf-timisoara10-772x1024-1.jpg\" alt=\"M\u0103cel didactic! La UMF Timi\u0219oara a \u00eenceput, \u00een for\u021b\u0103, preluarea puterii \u0219i acapararea sinecurilor academice, departe de modelul revolu\u021biilor de catifea\" class=\"wp-image-157107\" title=\"umf-timisoara10-772x1024-1\"><\/a><\/figure>\n<figure class=\"wp-block-image size-large\"><a href=\"https:\/\/voceatimisului.ro\/wp-content\/uploads\/2023\/09\/UMF-Timisoara09.jpg\"><img decoding=\"async\" loading=\"lazy\" width=\"873\" height=\"1024\" data-id=\"157106\" src=\"https:\/\/analyse.optim.biz\/wp-content\/uploads\/2025\/12\/umf-timisoara09-873x1024-1.jpg\" alt=\"M\u0103cel didactic! La UMF Timi\u0219oara a \u00eenceput, \u00een for\u021b\u0103, preluarea puterii \u0219i acapararea sinecurilor academice, departe de modelul revolu\u021biilor de catifea\" class=\"wp-image-157106\" title=\"umf-timisoara09-873x1024-1\"><\/a><\/figure>\n<figure class=\"wp-block-image size-large\"><a href=\"https:\/\/voceatimisului.ro\/wp-content\/uploads\/2023\/09\/UMF-Timisoara08.jpg\"><img decoding=\"async\" loading=\"lazy\" width=\"748\" height=\"1024\" data-id=\"157105\" src=\"https:\/\/analyse.optim.biz\/wp-content\/uploads\/2025\/12\/umf-timisoara08-748x1024-1.jpg\" alt=\"M\u0103cel didactic! La UMF Timi\u0219oara a \u00eenceput, \u00een for\u021b\u0103, preluarea puterii \u0219i acapararea sinecurilor academice, departe de modelul revolu\u021biilor de catifea\" class=\"wp-image-157105\" title=\"umf-timisoara08-748x1024-1\"><\/a><\/figure>\n<figure class=\"wp-block-image size-large\"><a href=\"https:\/\/voceatimisului.ro\/wp-content\/uploads\/2023\/09\/UMF-Timisoara07.jpg\"><img decoding=\"async\" loading=\"lazy\" width=\"473\" height=\"1024\" data-id=\"157104\" src=\"https:\/\/analyse.optim.biz\/wp-content\/uploads\/2025\/12\/umf-timisoara07-473x1024-1.jpg\" alt=\"M\u0103cel didactic! La UMF Timi\u0219oara a \u00eenceput, \u00een for\u021b\u0103, preluarea puterii \u0219i acapararea sinecurilor academice, departe de modelul revolu\u021biilor de catifea\" class=\"wp-image-157104\" title=\"umf-timisoara07-473x1024-1\"><\/a><\/figure>\n<figure class=\"wp-block-image size-large\"><a href=\"https:\/\/voceatimisului.ro\/wp-content\/uploads\/2023\/09\/UMF-Timisoara06.jpg\"><img decoding=\"async\" loading=\"lazy\" width=\"1024\" height=\"652\" data-id=\"157103\" src=\"https:\/\/analyse.optim.biz\/wp-content\/uploads\/2025\/12\/umf-timisoara06-1024x652-1.jpg\" alt=\"M\u0103cel didactic! La UMF Timi\u0219oara a \u00eenceput, \u00een for\u021b\u0103, preluarea puterii \u0219i acapararea sinecurilor academice, departe de modelul revolu\u021biilor de catifea\" class=\"wp-image-157103\" title=\"umf-timisoara06-1024x652-1\"><\/a><\/figure>\n<figure class=\"wp-block-image size-large\"><a href=\"https:\/\/voceatimisului.ro\/wp-content\/uploads\/2023\/09\/UMF-Timisoara05.jpg\"><img decoding=\"async\" loading=\"lazy\" width=\"731\" height=\"1024\" data-id=\"157102\" src=\"https:\/\/analyse.optim.biz\/wp-content\/uploads\/2025\/12\/umf-timisoara05-731x1024-1.jpg\" alt=\"M\u0103cel didactic! La UMF Timi\u0219oara a \u00eenceput, \u00een for\u021b\u0103, preluarea puterii \u0219i acapararea sinecurilor academice, departe de modelul revolu\u021biilor de catifea\" class=\"wp-image-157102\" title=\"umf-timisoara05-731x1024-1\"><\/a><\/figure>\n<figure class=\"wp-block-image size-large\"><a href=\"https:\/\/voceatimisului.ro\/wp-content\/uploads\/2023\/09\/UMF-Timisoara04.jpg\"><img decoding=\"async\" loading=\"lazy\" width=\"708\" height=\"1024\" data-id=\"157101\" src=\"https:\/\/analyse.optim.biz\/wp-content\/uploads\/2025\/12\/umf-timisoara04-708x1024-1.jpg\" alt=\"M\u0103cel didactic! La UMF Timi\u0219oara a \u00eenceput, \u00een for\u021b\u0103, preluarea puterii \u0219i acapararea sinecurilor academice, departe de modelul revolu\u021biilor de catifea\" class=\"wp-image-157101\" title=\"umf-timisoara04-708x1024-1\"><\/a><\/figure>\n<figure class=\"wp-block-image size-large\"><a href=\"https:\/\/voceatimisului.ro\/wp-content\/uploads\/2023\/09\/UMF-Timisoara03.jpg\"><img decoding=\"async\" loading=\"lazy\" width=\"473\" height=\"1024\" data-id=\"157100\" src=\"https:\/\/analyse.optim.biz\/wp-content\/uploads\/2025\/12\/umf-timisoara03-473x1024-1.jpg\" alt=\"M\u0103cel didactic! La UMF Timi\u0219oara a \u00eenceput, \u00een for\u021b\u0103, preluarea puterii \u0219i acapararea sinecurilor academice, departe de modelul revolu\u021biilor de catifea\" class=\"wp-image-157100\" title=\"umf-timisoara03-473x1024-1\"><\/a><\/figure>\n<figure class=\"wp-block-image size-large\"><a href=\"https:\/\/voceatimisului.ro\/wp-content\/uploads\/2023\/09\/UMF-Timisoara02.jpg\"><img decoding=\"async\" loading=\"lazy\" width=\"473\" height=\"1024\" data-id=\"157099\" src=\"https:\/\/analyse.optim.biz\/wp-content\/uploads\/2025\/12\/umf-timisoara02-473x1024-1.jpg\" alt=\"M\u0103cel didactic! La UMF Timi\u0219oara a \u00eenceput, \u00een for\u021b\u0103, preluarea puterii \u0219i acapararea sinecurilor academice, departe de modelul revolu\u021biilor de catifea\" class=\"wp-image-157099\" title=\"umf-timisoara02-473x1024-1\"><\/a><\/figure>\n<figure class=\"wp-block-image size-large\"><a href=\"https:\/\/voceatimisului.ro\/wp-content\/uploads\/2023\/09\/UMF-Timisoara01.jpg\"><img decoding=\"async\" loading=\"lazy\" width=\"473\" height=\"1024\" data-id=\"157098\" src=\"https:\/\/analyse.optim.biz\/wp-content\/uploads\/2025\/12\/umf-timisoara01-473x1024-1.jpg\" alt=\"M\u0103cel didactic! La UMF Timi\u0219oara a \u00eenceput, \u00een for\u021b\u0103, preluarea puterii \u0219i acapararea sinecurilor academice, departe de modelul revolu\u021biilor de catifea\" class=\"wp-image-157098\" title=\"umf-timisoara01-473x1024-1\"><\/a><\/figure>\n<\/figure>\n<\/div>\n<\/div>\n<div class=\"td_block_wrap tdb_single_tags tdi_74 td-pb-border-top td_block_template_1\" data-td-block-uid=\"tdi_74\">\n<div class=\"tdb-block-inner td-fix-index\">\n<ul class=\"tdb-tags\">\n<li><span>Tags<\/span><\/li>\n<li><a href=\"https:\/\/voceatimisului.ro\/tag\/marius-craina\/\">marius craina<\/a><\/li>\n<li><a href=\"https:\/\/voceatimisului.ro\/tag\/octavian-cretu\/\">Octavian Cre\u021bu<\/a><\/li>\n<li><a href=\"https:\/\/voceatimisului.ro\/tag\/umf-timisoara\/\">umf timisoara<\/a><\/li>\n<li><a href=\"https:\/\/voceatimisului.ro\/tag\/universitatea-de-medicina-si-farmacie-victor-babes-timisoara\/\">Universitatea de Medicin\u0103 \u015fi Farmacie &#8220;Victor Babe\u015f&#8221; Timi\u015foara<\/a><\/li>\n<\/ul>\n<\/div>\n<\/div>\n<div class=\"td_block_wrap tdb_single_post_share tdi_75  td-pb-border-top td_block_template_1\" data-td-block-uid=\"tdi_75\">\n<div id=\"tdi_75\" class=\"td-post-sharing tdb-block td-ps-bg td-ps-notext td-post-sharing-style1 \">\n<div class=\"td-post-sharing-visible\"><a class=\"td-social-sharing-button td-social-sharing-button-js td-social-network td-social-facebook\" href=\"https:\/\/www.facebook.com\/sharer.php?u=https%3A%2F%2Fvoceatimisului.ro%2Fmacel-didactic-la-umf-timisoara-a-inceput-in-forta-preluarea-puterii-si-acapararea-sinecurilor-academice-departe-de-modelul-revolutiilor-de-catifea%2F\" title=\"Facebook\" rel=\"noopener\"><\/p>\n<div class=\"td-social-but-text\">Facebook<\/div>\n<p><\/a><a class=\"td-social-sharing-button td-social-sharing-button-js td-social-network td-social-twitter\" href=\"https:\/\/twitter.com\/intent\/tweet?text=M%C4%83cel+didactic%21+La+UMF+Timi%C8%99oara+a+%C3%AEnceput%2C+%C3%AEn+for%C8%9B%C4%83%2C+preluarea+puterii+%C8%99i+acapararea+sinecurilor+academice%2C+departe+de+modelul+revolu%C8%9Biilor+de+catifea&amp;url=https%3A%2F%2Fvoceatimisului.ro%2Fmacel-didactic-la-umf-timisoara-a-inceput-in-forta-preluarea-puterii-si-acapararea-sinecurilor-academice-departe-de-modelul-revolutiilor-de-catifea%2F&amp;via=Vocea+Timisului\" title=\"Twitter\" rel=\"noopener\"><\/p>\n<div class=\"td-social-but-text\">Twitter<\/div>\n<p><\/a><a class=\"td-social-sharing-button td-social-sharing-button-js td-social-network td-social-pinterest\" href=\"https:\/\/pinterest.com\/pin\/create\/button\/?url=https:\/\/voceatimisului.ro\/macel-didactic-la-umf-timisoara-a-inceput-in-forta-preluarea-puterii-si-acapararea-sinecurilor-academice-departe-de-modelul-revolutiilor-de-catifea\/&amp;media=https:\/\/analyse.optim.biz\/wp-content\/uploads\/2025\/12\/umf-timisoara-scaled-1.jpg&amp;description=M%C4%83cel+didactic%21+La+UMF+Timi%C8%99oara+a+%C3%AEnceput%2C+%C3%AEn+for%C8%9B%C4%83%2C+preluarea+puterii+%C8%99i+acapararea+sinecurilor+academice%2C+departe+de+modelul+revolu%C8%9Biilor+de+catifea\" title=\"Pinterest\" rel=\"noopener\"><\/p>\n<div class=\"td-social-but-text\">Pinterest<\/div>\n<p><\/a><a class=\"td-social-sharing-button td-social-sharing-button-js td-social-network td-social-whatsapp\" href=\"https:\/\/api.whatsapp.com\/send?text=M%C4%83cel+didactic%21+La+UMF+Timi%C8%99oara+a+%C3%AEnceput%2C+%C3%AEn+for%C8%9B%C4%83%2C+preluarea+puterii+%C8%99i+acapararea+sinecurilor+academice%2C+departe+de+modelul+revolu%C8%9Biilor+de+catifea%20%0A%0A%20https:\/\/voceatimisului.ro\/macel-didactic-la-umf-timisoara-a-inceput-in-forta-preluarea-puterii-si-acapararea-sinecurilor-academice-departe-de-modelul-revolutiilor-de-catifea\/\" title=\"WhatsApp\" rel=\"noopener\"><\/p>\n<div class=\"td-social-but-text\">WhatsApp<\/div>\n<p><\/a><a class=\"td-social-sharing-button td-social-sharing-button-js td-social-network td-social-linkedin\" href=\"https:\/\/www.linkedin.com\/shareArticle?mini=true&amp;url=https:\/\/voceatimisului.ro\/macel-didactic-la-umf-timisoara-a-inceput-in-forta-preluarea-puterii-si-acapararea-sinecurilor-academice-departe-de-modelul-revolutiilor-de-catifea\/&amp;title=M%C4%83cel+didactic%21+La+UMF+Timi%C8%99oara+a+%C3%AEnceput%2C+%C3%AEn+for%C8%9B%C4%83%2C+preluarea+puterii+%C8%99i+acapararea+sinecurilor+academice%2C+departe+de+modelul+revolu%C8%9Biilor+de+catifea\" title=\"Linkedin\" rel=\"noopener\"><\/p>\n<div class=\"td-social-but-text\">Linkedin<\/div>\n<p><\/a><a class=\"td-social-sharing-button td-social-sharing-button-js td-social-network td-social-copy_url\" href=\"https:\/\/voceatimisului.ro\/macel-didactic-la-umf-timisoara-a-inceput-in-forta-preluarea-puterii-si-acapararea-sinecurilor-academice-departe-de-modelul-revolutiilor-de-catifea\/\" title=\"Copy URL\" rel=\"noopener\"><\/p>\n<div class=\"td-social-but-text\">Copy URL<\/div>\n<p><\/a><\/div>\n<\/div>\n<\/div>\n<div class=\"td_block_wrap tdb_single_next_prev tdi_76 td-animation-stack td-next-prev-img-on td-pb-border-top td_block_template_1\" data-td-block-uid=\"tdi_76\">\n<div class=\"tdb-block-inner td-fix-index\">\n<div class=\"tdb-next-post tdb-next-post-bg tdb-post-prev\"><span>Articolul precedent<\/span><\/p>\n<div class=\"td-module-container\">\n<div class=\"td-image-container\"><a class=\"td-image-wrap\" href=\"https:\/\/voceatimisului.ro\/amatorism-acut-primarul-dominic-fritz-nici-macar-erou-de-benzi-desenate\/\"><img loading=\"lazy\" decoding=\"async\" class=\"td-next-prev-image td-fix-index td-lazy-img\" title=\"Amatorism acut! Primarul Dominic Fritz, nici m\u0103car erou de benzi desenate\" width=\"696\" height=\"696\" src=\"https:\/\/analyse.optim.biz\/wp-content\/uploads\/2025\/12\/miki-boxeru-jpg-696x696-1.webp\"><\/a><\/div>\n<div class=\"next-prev-title\"><a href=\"https:\/\/voceatimisului.ro\/amatorism-acut-primarul-dominic-fritz-nici-macar-erou-de-benzi-desenate\/\">Amatorism acut! Primarul Dominic Fritz, nici m\u0103car erou de benzi desenate<\/a><\/div>\n<\/div>\n<\/div>\n<div class=\"tdb-next-post tdb-next-post-bg tdb-post-next\"><span>Articolul urm\u0103tor<\/span><\/p>\n<div class=\"td-module-container\">\n<div class=\"td-image-container\"><a class=\"td-image-wrap\" href=\"https:\/\/voceatimisului.ro\/teza-de-doctorat-inspectoratul-de-stat-in-constructii-timis-confirma-blatul-spectaculos-dintre-dezvoltatorul-imobiliar-cristian-fedor-si-arhitecta-sefa-a-primariei-giroc-cristina-babescu\/\"><img loading=\"lazy\" decoding=\"async\" class=\"td-next-prev-image td-fix-index td-lazy-img\" title=\"Tez\u0103 de doctorat! Inspectoratul de Stat \u00een Construc\u021bii Timi\u0219 confirm\u0103 blatul spectaculos dintre dezvoltatorul imobiliar Cristian Fedor \u0219i arhitecta-\u0219ef\u0103 a Prim\u0103riei Giroc, Cristina Babescu\" width=\"696\" height=\"430\" src=\"https:\/\/analyse.optim.biz\/wp-content\/uploads\/2025\/12\/cristina-babescu-si-carmina-matea-jpg-696x430-1.webp\"><\/a><\/div>\n<div class=\"next-prev-title\"><a href=\"https:\/\/voceatimisului.ro\/teza-de-doctorat-inspectoratul-de-stat-in-constructii-timis-confirma-blatul-spectaculos-dintre-dezvoltatorul-imobiliar-cristian-fedor-si-arhitecta-sefa-a-primariei-giroc-cristina-babescu\/\">Tez\u0103 de doctorat! Inspectoratul de Stat \u00een Construc\u021bii Timi\u0219 confirm\u0103 blatul spectaculos dintre dezvoltatorul imobiliar Cristian Fedor \u0219i arhitecta-\u0219ef\u0103 a Prim\u0103riei Giroc, Cristina Babescu<\/a><\/div>\n<\/div>\n<\/div>\n<\/div>\n<\/div>\n<\/div>\n<\/div>\n<\/div>\n<\/div>\n<div class=\"vc_row_inner tdi_86  vc_row vc_inner wpb_row td-pb-row\">\n<div class=\"vc_column_inner tdi_88  wpb_column vc_column_container tdc-inner-column td-pb-span4 td-is-sticky\">\n<div class=\"vc_column-inner\">\n<div class=\"wpb_wrapper\" data-sticky-enabled-on=\"W3RydWUsdHJ1ZSx0cnVlLHRydWVd\" data-sticky-offset=\"20\" data-sticky-is-width-auto=\"W2ZhbHNlLGZhbHNlLGZhbHNlLGZhbHNlXQ==\">\n<div class=\"td_block_wrap tdb_single_related tdi_89 td_with_ajax_pagination td-pb-border-top td_block_template_1 tdb-single-related-posts\" data-td-block-uid=\"tdi_89\">\n<div id=\"tdi_89\" class=\"td_block_inner tdb-block-inner td-fix-index\">\n<div class=\"tdb_module_related td_module_wrap td-animation-stack td-meta-info-hide\">\n<div class=\"td-module-container td-category-pos-image\">\n<div class=\"td-module-meta-info\">\n<h3 class=\"entry-title td-module-title\"><a href=\"https:\/\/voceatimisului.ro\/hora-unirii-sistemul-sanitar-romanesc-a-capitulat-in-fata-intereselor-politico-medicale-si-a-baronilor-din-sanatate\/\" rel=\"bookmark\" title=\"Hora unirii! Sistemul sanitar rom\u00e2nesc a capitulat \u00een fa\u021ba intereselor politico-medicale \u0219i a baronilor din S\u0103n\u0103tate\">Hora unirii! Sistemul sanitar rom\u00e2nesc a capitulat \u00een fa\u021ba intereselor politico-medicale \u0219i a baronilor din S\u0103n\u0103tate<\/a><\/h3>\n<\/div>\n<\/div>\n<\/div>\n<div class=\"tdb_module_related td_module_wrap td-animation-stack td-meta-info-hide\">\n<div class=\"td-module-container td-category-pos-image\">\n<div class=\"td-module-meta-info\">\n<h3 class=\"entry-title td-module-title\"><a href=\"https:\/\/voceatimisului.ro\/chimia-cu-augusta-e-frumoasa-la-propriu\/\" rel=\"bookmark\" title=\"Chimia cu Augusta e frumoas\u0103. La propriu\">Chimia cu Augusta e frumoas\u0103. La propriu<\/a><\/h3>\n<\/div>\n<\/div>\n<\/div>\n<div class=\"tdb_module_related td_module_wrap td-animation-stack td-meta-info-hide\">\n<div class=\"td-module-container td-category-pos-image\">\n<div class=\"td-module-meta-info\">\n<h3 class=\"entry-title td-module-title\"><a href=\"https:\/\/voceatimisului.ro\/parfum-de-flori-care-era-reteta-de-vandut-gogosi-a-prof-dr-mihai-ionac-referitoare-la-gunoaiele-care-fac-campanii-negative-de-presa\/\" rel=\"bookmark\" title=\"Parfum de flori! Care era re\u021beta de v\u00e2ndut gogo\u0219i a prof. dr. Mihai Ionac referitoare la \u201dgunoaiele\u201d care fac campanii negative de pres\u0103\">Parfum de flori! Care era re\u021beta de v\u00e2ndut gogo\u0219i a prof. dr. Mihai Ionac referitoare la \u201dgunoaiele\u201d care fac campanii negative de pres\u0103<\/a><\/h3>\n<\/div>\n<\/div>\n<\/div>\n<\/div>\n<\/div>\n<\/div>\n<\/div>\n<\/div>\n<div class=\"vc_column_inner tdi_91  wpb_column vc_column_container tdc-inner-column td-pb-span8\">\n<div class=\"vc_column-inner\">\n<div class=\"wpb_wrapper\">\n<div class=\"td_block_wrap tdb_single_comments tdi_92 tdb-comm-layout2 td-pb-border-top td_block_template_2\" data-td-block-uid=\"tdi_92\">\n<div class=\"tdb-block-inner td-fix-index\">\n<div class=\"comments\" id=\"comments\">\n<div class=\"td-comments-title-wrap td_block_template_2\">\n<h4 class=\"td-comments-title td-block-title\"><span>2 COMENTARII<\/span><\/h4>\n<\/div>\n<ol class=\"comment-list\">\n<li class=\"comment \" id=\"comment-27190\">\n<article>\n<footer><cite>Vasile<\/cite><a class=\"comment-link\" href=\"https:\/\/voceatimisului.ro\/macel-didactic-la-umf-timisoara-a-inceput-in-forta-preluarea-puterii-si-acapararea-sinecurilor-academice-departe-de-modelul-revolutiilor-de-catifea\/#comment-27190\"><time><br \/>\n\t\t\t\t\t\t    30 septembrie 2023\t\t\t\t\t\t    La\t\t\t\t\t\t    10:18 AM<\/time><\/a><\/footer>\n<div class=\"comment-content\">\n<p>Si voceatimisului\u2026a baut un sprit de la Marius\u2026<br \/>\nCurat murdar coane Fanica!!!<\/p>\n<\/div>\n<div class=\"comment-meta\" id=\"comment-27190\"><a rel=\"nofollow\" class=\"comment-reply-link\" href=\"https:\/\/voceatimisului.ro\/macel-didactic-la-umf-timisoara-a-inceput-in-forta-preluarea-puterii-si-acapararea-sinecurilor-academice-departe-de-modelul-revolutiilor-de-catifea\/#comment-27190\" data-commentid=\"27190\" data-postid=\"157077\" data-belowelement=\"comment-27190\" data-respondelement=\"respond\" data-replyto=\"R\u0103spunde-i lui Vasile\" aria-label=\"R\u0103spunde-i lui Vasile\">R\u0103spunde\u021bi<\/a><\/div>\n<\/article>\n<ul class=\"children\">\n<li class=\"comment \" id=\"comment-27191\">\n<article>\n<footer><cite>Tiberiu Kiss<\/cite><a class=\"comment-link\" href=\"https:\/\/voceatimisului.ro\/macel-didactic-la-umf-timisoara-a-inceput-in-forta-preluarea-puterii-si-acapararea-sinecurilor-academice-departe-de-modelul-revolutiilor-de-catifea\/#comment-27191\"><time><br \/>\n\t\t\t\t\t\t    30 septembrie 2023\t\t\t\t\t\t    La\t\t\t\t\t\t    1:49 PM<\/time><\/a><\/footer>\n<div class=\"comment-content\">\n<p>\u0218i o masa!<\/p>\n<\/div>\n<div class=\"comment-meta\" id=\"comment-27191\"><a rel=\"nofollow\" class=\"comment-reply-link\" href=\"https:\/\/voceatimisului.ro\/macel-didactic-la-umf-timisoara-a-inceput-in-forta-preluarea-puterii-si-acapararea-sinecurilor-academice-departe-de-modelul-revolutiilor-de-catifea\/#comment-27191\" data-commentid=\"27191\" data-postid=\"157077\" data-belowelement=\"comment-27191\" data-respondelement=\"respond\" data-replyto=\"R\u0103spunde-i lui Tiberiu Kiss\" aria-label=\"R\u0103spunde-i lui Tiberiu Kiss\">R\u0103spunde\u021bi<\/a><\/div>\n<\/article>\n<\/li>\n<\/ul>\n<\/li>\n<\/ol>\n<div id=\"respond\" class=\"comment-respond\">\n<h3 id=\"reply-title\" class=\"comment-reply-title\">L\u0102SA\u021aI UN MESAJ <small><a rel=\"nofollow\" id=\"cancel-comment-reply-link\" href=\"https:\/\/voceatimisului.ro\/macel-didactic-la-umf-timisoara-a-inceput-in-forta-preluarea-puterii-si-acapararea-sinecurilor-academice-departe-de-modelul-revolutiilor-de-catifea\/#respond\">Renun\u021ba\u021bi la r\u0103spuns<\/a><\/small><\/h3>\n<div class=\"comment-form-input-wrap td-form-comment\">\n<div class=\"td-warning-comment\">V\u0103 rug\u0103m s\u0103 introduce\u021bi comentariul dvs.!<\/div>\n<\/div>\n<div class=\"comment-form-input-wrap td-form-author\">\n<div class=\"td-warning-author\">Introduce\u021bi aici numele dvs.<\/div>\n<\/div>\n<div class=\"comment-form-input-wrap td-form-email\">\n<div class=\"td-warning-email-error\">A\u021bi introdus o adres\u0103 de e-mail incorect\u0103!<\/div>\n<div class=\"td-warning-email\">V\u0103 rug\u0103m s\u0103 introduce\u021bi adresa dvs. de e-mail aici<\/div>\n<\/div>\n<\/div>\n<\/div>\n<\/div>\n<\/div>\n<\/div>\n<\/div>\n<\/div>\n<\/div>\n<\/div>\n<\/div>\n<div class=\"vc_column tdi_94  wpb_column vc_column_container tdc-column td-pb-span4 td-is-sticky\">\n<div class=\"wpb_wrapper\" data-sticky-enabled-on=\"W3RydWUsdHJ1ZSx0cnVlLHRydWVd\" data-sticky-offset=\"20\" data-sticky-is-width-auto=\"W2ZhbHNlLGZhbHNlLGZhbHNlLGZhbHNlXQ==\">\n<div class=\"vc_row_inner tdi_96  vc_row vc_inner wpb_row td-pb-row\">\n<div class=\"vc_column_inner tdi_98  wpb_column vc_column_container tdc-inner-column td-pb-span12\">\n<div class=\"vc_column-inner\">\n<div class=\"wpb_wrapper\">\n<div class=\"td_block_wrap td_block_title tdi_99 td-pb-border-top td_block_template_11 td-fix-index\" data-td-block-uid=\"tdi_99\">\n<div class=\"td-block-title-wrap\">\n<h4 class=\"td-block-title\"><span class=\"td-pulldown-size\">ANUN\u021aURI \u0218I PUBLICITATE<\/span><\/h4>\n<\/div>\n<\/div>\n<\/div>\n<\/div>\n<\/div>\n<\/div>\n<div class=\"wpb_wrapper td_block_wrap vc_widget_sidebar tdi_101 \">\n<aside id=\"block-10\" class=\"td_block_template_1 widget block-10 widget_block widget_media_image\">\n<figure class=\"wp-block-image size-full\"><a href=\"https:\/\/adpghiroda.ro\/index.html\" target=\"_blank\" rel=\" noreferrer noopener\"><img decoding=\"async\" loading=\"eager\" width=\"960\" height=\"960\" src=\"https:\/\/analyse.optim.biz\/wp-content\/uploads\/2025\/12\/adp-ghiroda2-155.jpg\" class=\"wp-image-171492\" title=\"adp-ghiroda2-155\"><\/a><\/figure>\n<\/aside>\n<aside id=\"block-11\" class=\"td_block_template_1 widget block-11 widget_block widget_media_image\">\n<figure class=\"wp-block-image size-full\"><a href=\"https:\/\/adpghiroda.ro\/index.html\" target=\"_blank\" rel=\" noreferrer noopener\"><img decoding=\"async\" loading=\"eager\" width=\"960\" height=\"960\" src=\"https:\/\/analyse.optim.biz\/wp-content\/uploads\/2025\/12\/adp-ghiroda1-144-1.jpg\" class=\"wp-image-171491\" title=\"adp-ghiroda1-144-1\"><\/a><\/figure>\n<\/aside>\n<aside id=\"block-17\" class=\"td_block_template_1 widget block-17 widget_block widget_media_image\">\n<figure class=\"wp-block-image size-large is-resized\"><a href=\"https:\/\/verde.events\/\" target=\"_blank\" rel=\" noreferrer noopener\"><img decoding=\"async\" loading=\"lazy\" width=\"1024\" height=\"683\" src=\"https:\/\/analyse.optim.biz\/wp-content\/uploads\/2025\/12\/verde-events-24-1024x683-149.jpg\" alt=\"Verde Events\" class=\"wp-image-174395\" title=\"verde-events-24-1024x683-149\"><\/a><figcaption class=\"wp-element-caption\"><strong><em>O experien\u021b\u0103 unic\u0103 pentru orice tip de eveniment<\/em><\/strong><\/figcaption><\/figure>\n<\/aside>\n<\/div>\n<div class=\"td_block_wrap td_flex_block_1 tdi_107 td-pb-border-top td_block_template_1 td_ajax_preloading_preload td_flex_block\" data-td-block-uid=\"tdi_107\">\n<div id=\"tdi_107\" class=\"td_block_inner td-mc1-wrap\">\n<div class=\"td_module_flex td_module_flex_1 td_module_wrap td-animation-stack td-meta-info-hide td-cpt-post\">\n<div class=\"td-module-container td-category-pos-image\">\n<div class=\"td-module-meta-info\">\n<h3 class=\"entry-title td-module-title\"><a href=\"https:\/\/voceatimisului.ro\/pe-stenograme-dna-colegiul-medicilor-timis-la-fel-ca-si-academia-de-stiinte-medicale-anexa-baietilor-destepti-din-sanatate\/\" rel=\"bookmark\" title=\"Pe stenograme DNA! Colegiul Medicilor Timi\u0219, la fel ca \u0219i Academia de \u0218tiin\u021be Medicale, anexa b\u0103ie\u021bilor de\u0219tep\u021bi din s\u0103n\u0103tate\">Pe stenograme DNA! Colegiul Medicilor Timi\u0219, la fel ca \u0219i Academia de \u0218tiin\u021be Medicale, anexa b\u0103ie\u021bilor de\u0219tep\u021bi din s\u0103n\u0103tate<\/a><\/h3>\n<\/div>\n<\/div>\n<\/div>\n<div class=\"td_module_flex td_module_flex_1 td_module_wrap td-animation-stack td-meta-info-hide td-cpt-post\">\n<div class=\"td-module-container td-category-pos-image\">\n<div class=\"td-module-meta-info\">\n<h3 class=\"entry-title td-module-title\"><a href=\"https:\/\/voceatimisului.ro\/pe-interceptari-dna-academia-de-stiinte-medicale-timisoara-locul-perfect-pentru-achitarea-politelor-personale\/\" rel=\"bookmark\" title=\"Pe intercept\u0103ri DNA! Academia de \u0218tiin\u021be Medicale Timi\u0219oara, locul perfect pentru achitarea poli\u021belor personale\">Pe intercept\u0103ri DNA! Academia de \u0218tiin\u021be Medicale Timi\u0219oara, locul perfect pentru achitarea poli\u021belor personale<\/a><\/h3>\n<\/div>\n<\/div>\n<\/div>\n<div class=\"td_module_flex td_module_flex_1 td_module_wrap td-animation-stack td-meta-info-hide td-cpt-post\">\n<div class=\"td-module-container td-category-pos-image\">\n<div class=\"td-module-meta-info\">\n<h3 class=\"entry-title td-module-title\"><a href=\"https:\/\/voceatimisului.ro\/cu-masca-fara-masca-dominic-fritz-si-a-iesit-din-minti-cand-a-auzit-ca-trebuie-sa-si-faca-publice-diplomele-de-studii-si-domiciliul\/\" rel=\"bookmark\" title=\"Cu masc\u0103, f\u0103r\u0103 masc\u0103! Dominic Fritz \u0219i-a ie\u0219it din min\u021bi c\u00e2nd a auzit c\u0103 trebuie s\u0103-\u0219i fac\u0103 publice diplomele de studii \u0219i domiciliul\">Cu masc\u0103, f\u0103r\u0103 masc\u0103! Dominic Fritz \u0219i-a ie\u0219it din min\u021bi c\u00e2nd a auzit c\u0103 trebuie s\u0103-\u0219i fac\u0103 publice diplomele de studii \u0219i domiciliul<\/a><\/h3>\n<\/div>\n<\/div>\n<\/div>\n<div class=\"td_module_flex td_module_flex_1 td_module_wrap td-animation-stack td-meta-info-hide td-cpt-post\">\n<div class=\"td-module-container td-category-pos-image\">\n<div class=\"td-module-meta-info\">\n<h3 class=\"entry-title td-module-title\"><a href=\"https:\/\/voceatimisului.ro\/la-vremuri-noi-tot-noi-umf-timisoara-nu-renunta-la-baronii-din-sanatate-nici-in-ruptul-capului\/\" rel=\"bookmark\" title=\"La vremuri noi, tot noi! UMF Timi\u0219oara nu renun\u021b\u0103 la baronii din s\u0103n\u0103tate, nici \u00een ruptul capului\">La vremuri noi, tot noi! UMF Timi\u0219oara nu renun\u021b\u0103 la baronii din s\u0103n\u0103tate, nici \u00een ruptul capului<\/a><\/h3>\n<\/div>\n<\/div>\n<\/div>\n<div class=\"td_module_flex td_module_flex_1 td_module_wrap td-animation-stack td-meta-info-hide td-cpt-post\">\n<div class=\"td-module-container td-category-pos-image\">\n<div class=\"td-module-meta-info\">\n<h3 class=\"entry-title td-module-title\"><a href=\"https:\/\/voceatimisului.ro\/furtuna-perfecta-privatizarea-sistemului-medical-de-stat-merge-mana-n-mana-cu-lobistii-de-la-umf-timisoara\/\" rel=\"bookmark\" title=\"Furtuna perfect\u0103! Privatizarea sistemului medical de stat merge m\u00e2n\u0103-n m\u00e2n\u0103 cu lobi\u0219tii de la UMF Timi\u0219oara\">Furtuna perfect\u0103! Privatizarea sistemului medical de stat merge m\u00e2n\u0103-n m\u00e2n\u0103 cu lobi\u0219tii de la UMF Timi\u0219oara<\/a><\/h3>\n<\/div>\n<\/div>\n<\/div>\n<\/div>\n<\/div>\n<\/div>\n<\/div>\n<\/div>\n<\/div>\n<\/div>\n<\/div>\n<p><span class=\"td-page-meta\"><\/span><span class=\"td-page-meta\"><span class=\"td-page-meta\"><\/span><\/span><span class=\"td-page-meta\"><\/span><\/article>\n<p> Source URL: https:\/\/voceatimisului.ro\/macel-didactic-la-umf-timisoara-a-inceput-in-forta-preluarea-puterii-si-acapararea-sinecurilor-academice-departe-de-modelul-revolutiilor-de-catifea\/<\/p>\n","protected":false},"excerpt":{"rendered":"<p>\u0218tiriS\u0103n\u0103tate M\u0103cel didactic! La UMF Timi\u0219oara a \u00eenceput, \u00een for\u021b\u0103, preluarea puterii \u0219i acapararea sinecurilor academice, departe de modelul revolu\u021biilor de catifea Autor-Tiberiu Kiss 29 septembrie 2023 2 15565 Facebook Twitter Pinterest WhatsApp Linkedin Copy URL UMF Timisoara scaled Liga sanitar\u0103! UMF Timi\u0219oara deschide por\u021bile raiului pentru sec\u021biile clinicile private, cu cheia Sf\u00e2ntului Rafila de [&hellip;]<\/p>\n","protected":false},"author":1,"featured_media":1217305,"comment_status":"open","ping_status":"","sticky":false,"template":"","format":"standard","meta":{"footnotes":""},"categories":[89],"tags":[199],"class_list":["post-1217304","post","type-post","status-publish","format-standard","has-post-thumbnail","hentry","category-romania","tag-voceatimisului-ro"],"_links":{"self":[{"href":"https:\/\/analyse.optim.biz\/index.php?rest_route=\/wp\/v2\/posts\/1217304","targetHints":{"allow":["GET"]}}],"collection":[{"href":"https:\/\/analyse.optim.biz\/index.php?rest_route=\/wp\/v2\/posts"}],"about":[{"href":"https:\/\/analyse.optim.biz\/index.php?rest_route=\/wp\/v2\/types\/post"}],"author":[{"embeddable":true,"href":"https:\/\/analyse.optim.biz\/index.php?rest_route=\/wp\/v2\/users\/1"}],"replies":[{"embeddable":true,"href":"https:\/\/analyse.optim.biz\/index.php?rest_route=%2Fwp%2Fv2%2Fcomments&post=1217304"}],"version-history":[{"count":0,"href":"https:\/\/analyse.optim.biz\/index.php?rest_route=\/wp\/v2\/posts\/1217304\/revisions"}],"wp:featuredmedia":[{"embeddable":true,"href":"https:\/\/analyse.optim.biz\/index.php?rest_route=\/wp\/v2\/media\/1217305"}],"wp:attachment":[{"href":"https:\/\/analyse.optim.biz\/index.php?rest_route=%2Fwp%2Fv2%2Fmedia&parent=1217304"}],"wp:term":[{"taxonomy":"category","embeddable":true,"href":"https:\/\/analyse.optim.biz\/index.php?rest_route=%2Fwp%2Fv2%2Fcategories&post=1217304"},{"taxonomy":"post_tag","embeddable":true,"href":"https:\/\/analyse.optim.biz\/index.php?rest_route=%2Fwp%2Fv2%2Ftags&post=1217304"}],"curies":[{"name":"wp","href":"https:\/\/api.w.org\/{rel}","templated":true}]}}