{"id":1217277,"date":"2024-01-22T11:12:42","date_gmt":"2024-01-22T08:12:42","guid":{"rendered":"https:\/\/analyse.optim.biz\/?p=1217277"},"modified":"2024-01-22T11:12:42","modified_gmt":"2024-01-22T08:12:42","slug":"prof-univ-dr-mihai-ionac-a-plecat-definitiv-din-spitalul-judetean-timisoara","status":"publish","type":"post","link":"https:\/\/analyse.optim.biz\/?p=1217277","title":{"rendered":"Prof. Univ. Dr. Mihai Ionac a plecat definitiv din Spitalul Jude\u021bean Timi\u0219oara\u00a0"},"content":{"rendered":"<article id=\"template-id-172790\" class=\"post-172790 tdb_templates type-tdb_templates status-publish post\">\n<div id=\"tdi_38\" class=\"tdc-zone\">\n<div class=\"tdc_zone tdi_39  wpb_row td-pb-row\">\n<div id=\"tdi_40\" class=\"tdc-row stretch_row_1400 td-stretch-content\">\n<div class=\"vc_row tdi_41  wpb_row td-pb-row tdc-element-style\">\n<div class=\"vc_column tdi_43  wpb_column vc_column_container tdc-column td-pb-span8\">\n<div class=\"wpb_wrapper\">\n<div class=\"td_block_wrap tdb_single_categories tdi_44 td-pb-border-top td_block_template_1 \" data-td-block-uid=\"tdi_44\">\n<div class=\"tdb-category td-fix-index\"><a class=\"tdb-entry-category\" href=\"https:\/\/voceatimisului.ro\/stiri-din-timisoara-si-timis\/\">\u0218tiri<\/a><a class=\"tdb-entry-category\" href=\"https:\/\/voceatimisului.ro\/stiri-din-timisoara-si-timis\/sanatate\/\">S\u0103n\u0103tate<\/a><\/div>\n<\/div>\n<div class=\"td_block_wrap tdb_title tdi_45 tdb-single-title td-pb-border-top td_block_template_1\" data-td-block-uid=\"tdi_45\">\n<div class=\"tdb-block-inner td-fix-index\">\n<h1 class=\"tdb-title-text\">Prof. Univ. Dr. Mihai Ionac a plecat definitiv din Spitalul Jude\u021bean Timi\u0219oara\u00a0<\/h1>\n<\/div>\n<\/div>\n<div class=\"vc_row_inner tdi_48  vc_row vc_inner wpb_row td-pb-row\">\n<div class=\"vc_column_inner tdi_50  wpb_column vc_column_container tdc-inner-column td-pb-span6\">\n<div class=\"vc_column-inner\">\n<div class=\"wpb_wrapper\">\n<div class=\"td_block_wrap tdb_single_author tdi_51 td-pb-border-top td_block_template_1 tdb-post-meta\" data-td-block-uid=\"tdi_51\">\n<div class=\"tdb-block-inner td-fix-index\">\n<div class=\"tdb-author-name-wrap\"><span class=\"tdb-author-by\">Autor-<\/span><a class=\"tdb-author-name\" href=\"https:\/\/voceatimisului.ro\/author\/tibi\/\">Tiberiu Kiss<\/a><\/div>\n<\/div>\n<\/div>\n<div class=\"td_block_wrap tdb_single_date tdi_52 td-pb-border-top td_block_template_1 tdb-post-meta\" data-td-block-uid=\"tdi_52\">\n<div class=\"tdb-block-inner td-fix-index\"><time class=\"entry-date updated td-module-date\" datetime=\"2024-01-22T13:12:42+02:00\">22 ianuarie 2024<\/time><\/div>\n<\/div>\n<div class=\"td_block_wrap tdb_single_comments_count tdi_53 td-pb-border-top td_block_template_1 tdb-post-meta\" data-td-block-uid=\"tdi_53\">\n<div class=\"tdb-block-inner td-fix-index\"><a href=\"https:\/\/voceatimisului.ro\/prof-univ-dr-mihai-ionac-a-plecat-definitiv-din-spitalul-judetean-timisoara\/#comments\"><span>1<\/span><\/a><\/div>\n<\/div>\n<div class=\"td_block_wrap tdb_single_post_views tdi_54 td-pb-border-top td_block_template_1 tdb-post-meta\" data-td-block-uid=\"tdi_54\">\n<div class=\"tdb-block-inner td-fix-index\"><span class=\"tdb-add-text\">1<\/span><span class=\"td-nr-views-161402\">7474<\/span><\/div>\n<\/div>\n<\/div>\n<\/div>\n<\/div>\n<div class=\"vc_column_inner tdi_56  wpb_column vc_column_container tdc-inner-column td-pb-span6\">\n<div class=\"vc_column-inner\">\n<div class=\"wpb_wrapper\">\n<div class=\"td_block_wrap tdb_single_post_share tdi_57  td-pb-border-top td_block_template_1\" data-td-block-uid=\"tdi_57\">\n<div id=\"tdi_57\" class=\"td-post-sharing tdb-block td-ps-bg td-ps-notext td-post-sharing-style1 \">\n<div class=\"td-post-sharing-visible\"><a class=\"td-social-sharing-button td-social-sharing-button-js td-social-network td-social-facebook\" href=\"https:\/\/www.facebook.com\/sharer.php?u=https%3A%2F%2Fvoceatimisului.ro%2Fprof-univ-dr-mihai-ionac-a-plecat-definitiv-din-spitalul-judetean-timisoara%2F\" title=\"Facebook\" rel=\"noopener\"><\/p>\n<div class=\"td-social-but-text\">Facebook<\/div>\n<p><\/a><a class=\"td-social-sharing-button td-social-sharing-button-js td-social-network td-social-twitter\" href=\"https:\/\/twitter.com\/intent\/tweet?text=Prof.+Univ.+Dr.+Mihai+Ionac+a+plecat+definitiv+din+Spitalul+Jude%C8%9Bean+Timi%C8%99oara%C2%A0&amp;url=https%3A%2F%2Fvoceatimisului.ro%2Fprof-univ-dr-mihai-ionac-a-plecat-definitiv-din-spitalul-judetean-timisoara%2F&amp;via=Vocea+Timisului\" title=\"Twitter\" rel=\"noopener\"><\/p>\n<div class=\"td-social-but-text\">Twitter<\/div>\n<p><\/a><a class=\"td-social-sharing-button td-social-sharing-button-js td-social-network td-social-pinterest\" href=\"https:\/\/pinterest.com\/pin\/create\/button\/?url=https:\/\/voceatimisului.ro\/prof-univ-dr-mihai-ionac-a-plecat-definitiv-din-spitalul-judetean-timisoara\/&amp;media=https:\/\/analyse.optim.biz\/wp-content\/uploads\/2025\/12\/prof-dr-mihai-ionac-foloseste-bo-jpg.webp&amp;description=Prof.+Univ.+Dr.+Mihai+Ionac+a+plecat+definitiv+din+Spitalul+Jude%C8%9Bean+Timi%C8%99oara%C2%A0\" title=\"Pinterest\" rel=\"noopener\"><\/p>\n<div class=\"td-social-but-text\">Pinterest<\/div>\n<p><\/a><a class=\"td-social-sharing-button td-social-sharing-button-js td-social-network td-social-whatsapp\" href=\"https:\/\/api.whatsapp.com\/send?text=Prof.+Univ.+Dr.+Mihai+Ionac+a+plecat+definitiv+din+Spitalul+Jude%C8%9Bean+Timi%C8%99oara%C2%A0%20%0A%0A%20https:\/\/voceatimisului.ro\/prof-univ-dr-mihai-ionac-a-plecat-definitiv-din-spitalul-judetean-timisoara\/\" title=\"WhatsApp\" rel=\"noopener\"><\/p>\n<div class=\"td-social-but-text\">WhatsApp<\/div>\n<p><\/a><a class=\"td-social-sharing-button td-social-sharing-button-js td-social-network td-social-linkedin\" href=\"https:\/\/www.linkedin.com\/shareArticle?mini=true&amp;url=https:\/\/voceatimisului.ro\/prof-univ-dr-mihai-ionac-a-plecat-definitiv-din-spitalul-judetean-timisoara\/&amp;title=Prof.+Univ.+Dr.+Mihai+Ionac+a+plecat+definitiv+din+Spitalul+Jude%C8%9Bean+Timi%C8%99oara%C2%A0\" title=\"Linkedin\" rel=\"noopener\"><\/p>\n<div class=\"td-social-but-text\">Linkedin<\/div>\n<p><\/a><a class=\"td-social-sharing-button td-social-sharing-button-js td-social-network td-social-copy_url\" href=\"https:\/\/voceatimisului.ro\/prof-univ-dr-mihai-ionac-a-plecat-definitiv-din-spitalul-judetean-timisoara\/\" title=\"Copy URL\" rel=\"noopener\"><\/p>\n<div class=\"td-social-but-text\">Copy URL<\/div>\n<p><\/a><\/div>\n<\/div>\n<\/div>\n<\/div>\n<\/div>\n<\/div>\n<\/div>\n<div class=\"td_block_wrap tdb_single_featured_image tdi_58 tdb-content-horiz-left td-pb-border-top td_block_template_1\" data-td-block-uid=\"tdi_58\">\n<div class=\"tdb-block-inner td-fix-index\">\n<figure><img fetchpriority=\"high\" decoding=\"async\" width=\"696\" height=\"392\" class=\"entry-thumb\" src=\"https:\/\/analyse.optim.biz\/wp-content\/uploads\/2025\/12\/prof-dr-mihai-ionac-foloseste-bo-jpg-696x392-1.webp\" alt=\"prof dr mihai ionac foloseste bo jpg\" title=\"prof dr mihai ionac foloseste bo jpg\" loading=\"eager\"><figcaption class=\"tdb-caption-text\">prof dr mihai ionac foloseste bo jpg<\/figcaption><\/figure>\n<\/div>\n<\/div>\n<div class=\"vc_row_inner tdi_60  vc_row vc_inner wpb_row td-pb-row\">\n<div class=\"vc_column_inner tdi_62  wpb_column vc_column_container tdc-inner-column td-pb-span4 td-is-sticky\">\n<div class=\"vc_column-inner\">\n<div class=\"wpb_wrapper\" data-sticky-enabled-on=\"W3RydWUsdHJ1ZSx0cnVlLHRydWVd\" data-sticky-offset=\"20\" data-sticky-is-width-auto=\"W2ZhbHNlLGZhbHNlLGZhbHNlLGZhbHNlXQ==\">\n<div class=\"td_block_wrap td_flex_block_1 tdi_63 td-pb-border-top td_block_template_1 td_ajax_preloading_preload td_flex_block\" data-td-block-uid=\"tdi_63\">\n<div id=\"tdi_63\" class=\"td_block_inner td-mc1-wrap\">\n<div class=\"td_module_flex td_module_flex_1 td_module_wrap td-animation-stack td-meta-info-hide td-cpt-post\">\n<div class=\"td-module-container td-category-pos-image\">\n<div class=\"td-module-meta-info\">\n<h3 class=\"entry-title td-module-title\"><a href=\"https:\/\/voceatimisului.ro\/investitii-de-500-de-milioane-de-euro-in-sanatate-prezentate-in-timpul-vizitei-ministrului-sanatatii-la-timisoara\/\" rel=\"bookmark\" title=\"Investi\u021bii de 500 de milioane de euro \u00een s\u0103n\u0103tate, prezentate \u00een timpul vizitei ministrului S\u0103n\u0103t\u0103\u021bii la Timi\u0219oara\">Investi\u021bii de 500 de milioane de euro \u00een s\u0103n\u0103tate, prezentate \u00een timpul vizitei ministrului S\u0103n\u0103t\u0103\u021bii la Timi\u0219oara<\/a><\/h3>\n<\/div>\n<\/div>\n<\/div>\n<div class=\"td_module_flex td_module_flex_1 td_module_wrap td-animation-stack td-meta-info-hide td-cpt-post\">\n<div class=\"td-module-container td-category-pos-image\">\n<div class=\"td-module-meta-info\">\n<h3 class=\"entry-title td-module-title\"><a href=\"https:\/\/voceatimisului.ro\/ipocrizie-cu-repetitie-dominic-fritz-vrea-sa-reformeze-ani-dupa-ce-a-fost-prins-in-conflict-de-interese\/\" rel=\"bookmark\" title=\"Ipocrizie cu repeti\u021bie: Dominic Fritz vrea s\u0103 reformeze ANI, dup\u0103 ce a fost prins \u00een conflict de interese\">Ipocrizie cu repeti\u021bie: Dominic Fritz vrea s\u0103 reformeze ANI, dup\u0103 ce a fost prins \u00een conflict de interese<\/a><\/h3>\n<\/div>\n<\/div>\n<\/div>\n<div class=\"td_module_flex td_module_flex_1 td_module_wrap td-animation-stack td-meta-info-hide td-cpt-post\">\n<div class=\"td-module-container td-category-pos-image\">\n<div class=\"td-module-meta-info\">\n<h3 class=\"entry-title td-module-title\"><a href=\"https:\/\/voceatimisului.ro\/cand-fritz-ne-vorbeste-de-dreptate-dar-isi-angajeaza-toti-prietenii\/\" rel=\"bookmark\" title=\"C\u00e2nd Fritz ne vorbe\u0219te de dreptate, dar \u00ee\u0219i angajeaz\u0103 to\u021bi prietenii\">C\u00e2nd Fritz ne vorbe\u0219te de dreptate, dar \u00ee\u0219i angajeaz\u0103 to\u021bi prietenii<\/a><\/h3>\n<\/div>\n<\/div>\n<\/div>\n<div class=\"td_module_flex td_module_flex_1 td_module_wrap td-animation-stack td-meta-info-hide td-cpt-post\">\n<div class=\"td-module-container td-category-pos-image\">\n<div class=\"td-module-meta-info\">\n<h3 class=\"entry-title td-module-title\"><a href=\"https:\/\/voceatimisului.ro\/noaptea-mintii-agentia-nationala-de-integritate-acuza-primaria-giroc-de-minciuna-si-tainuire-in-comunicarea-institutionala-privind-conflictul-de-interese-al-fostei-arhitecte-sefe-cristina-babescu\/\" rel=\"bookmark\" title=\"Noaptea min\u021bii! Agen\u021bia Na\u021bional\u0103 de Integritate acuz\u0103 Prim\u0103ria Giroc de minciun\u0103 \u0219i t\u0103inuire \u00een comunicarea institu\u021bional\u0103 privind conflictul de interese al fostei arhitecte-\u0219efe Cristina Babescu\">Noaptea min\u021bii! Agen\u021bia Na\u021bional\u0103 de Integritate acuz\u0103 Prim\u0103ria Giroc de minciun\u0103 \u0219i t\u0103inuire \u00een comunicarea institu\u021bional\u0103 privind conflictul de interese al fostei arhitecte-\u0219efe Cristina&#8230;<\/a><\/h3>\n<\/div>\n<\/div>\n<\/div>\n<\/div>\n<\/div>\n<div class=\"tdb-author-box td_block_wrap tdb_single_author_box tdi_68 tdb-content-vert-top td-pb-border-top td_block_template_1\" data-td-block-uid=\"tdi_68\">\n<div class=\"tdb-block-inner td-fix-index\">\n<div class=\"tdb-author-info\"><a href=\"https:\/\/voceatimisului.ro\/author\/tibi\/\" class=\"tdb-author-name\">Tiberiu Kiss<\/a><\/p>\n<div class=\"tdb-author-descr\">\u00centreaga responsabilitate a comentariilor l\u0103sate de dumneavoastr\u0103 v\u0103 apar\u021bine!<br \/>\nClick <a href=\"https:\/\/voceatimisului.ro\/termeni-si-conditii\/\">aici<\/a>-citeste condi\u0163iile de utilizare ale site-ului www.voceatimisului.ro<\/div>\n<\/div>\n<\/div>\n<\/div>\n<\/div>\n<\/div>\n<\/div>\n<div class=\"vc_column_inner tdi_70  wpb_column vc_column_container tdc-inner-column td-pb-span8\">\n<div class=\"vc_column-inner\">\n<div class=\"wpb_wrapper\">\n<div class=\"td_block_wrap tdb_single_content tdi_71 td-pb-border-top td_block_template_1 td-post-content tagdiv-type\" data-td-block-uid=\"tdi_71\">\n<div class=\"tdb-block-inner td-fix-index\">\n<h5 class=\"wp-block-heading\">Azi, dis de diminea\u021b\u0103, fostul \u0219ef al Sec\u021biei Clinice de Chirurgie Vascular\u0103 din cadrul Spitalului Jude\u021bean Timi\u0219oara, dr. Mihai Ionac, a demisionat din func\u021bia de medic primar al unit\u0103\u021bii\u00a0\u00a0sanitare de stat, printr-o cerere adresat\u0103 conducerii institu\u021biei. Renun\u021barea la norma de stat (re\u021bea public\u0103) vine dup\u0103 o pauz\u0103 de un an de zile (concediu), timp \u00een care cadrul universitar s-a aplecat asupra dezvolt\u0103rii activit\u0103\u021bii clinicii sale private. <\/h5>\n<p><a href=\"https:\/\/voceatimisului.ro\/salvat-pe-penal-de-procurorul-papici-doctorul-mihai-ionac-a-fost-depistat-de-ani-in-conflict-de-interese-pe-administrativ\/\" target=\"_blank\" data-type=\"link\" data-id=\"https:\/\/voceatimisului.ro\/salvat-pe-penal-de-procurorul-papici-doctorul-mihai-ionac-a-fost-depistat-de-ani-in-conflict-de-interese-pe-administrativ\/\" rel=\"noreferrer noopener\">Men\u021bion\u0103m c\u0103, \u00een octombrie 2021, prof. univ. dr. Mihai Ionac a fost g\u0103sit incompatibil de c\u0103tre Agen\u021bia Na\u021bional\u0103 de Integritate, av\u00e2nd interzis la func\u021bii de conducere \u0219i de demnitate public\u0103, timp de trei ani de zile.<\/a> De-a lungul timpului, <a href=\"https:\/\/voceatimisului.ro\/rocada-mare-serviciile-de-informatii-au-creionat-pasii-care-au-dus-la-solutia-castigatoare-in-dosarul-de-coruptie-al-prof-dr-mihai-ionac\/\" target=\"_blank\" data-type=\"link\" data-id=\"https:\/\/voceatimisului.ro\/rocada-mare-serviciile-de-informatii-au-creionat-pasii-care-au-dus-la-solutia-castigatoare-in-dosarul-de-coruptie-al-prof-dr-mihai-ionac\/\" rel=\"noreferrer noopener\">dr. Ionac<\/a> a fost subiect de pres\u0103, at\u00e2t la nivel local, c\u00e2t \u0219i na\u021bional, fiind implicat \u00een mai multe spe\u021be \u0219i situa\u021bii controversate.<\/p>\n<div><a href=\"https:\/\/analyse.optim.biz\/wp-content\/uploads\/2025\/12\/prof-univ-dr-mihai-ionac.jpg\" class=\"td-modal-image\"><\/p>\n<figure class=\"wp-block-image size-full\"><img decoding=\"async\" width=\"589\" height=\"909\" src=\"https:\/\/analyse.optim.biz\/wp-content\/uploads\/2025\/12\/prof-univ-dr-mihai-ionac.jpg\" alt=\"Prof. Univ. Dr. Mihai Ionac a plecat definitiv din Spitalul Jude\u021bean Timi\u0219oara\u00a0\" class=\"wp-image-161404\" loading=\"lazy\" title=\"prof-univ-dr-mihai-ionac\"><\/figure>\n<p><\/a><\/div>\n<\/div>\n<\/div>\n<div class=\"td_block_wrap tdb_single_tags tdi_74 td-pb-border-top td_block_template_1\" data-td-block-uid=\"tdi_74\">\n<div class=\"tdb-block-inner td-fix-index\">\n<ul class=\"tdb-tags\">\n<li><span>Tags<\/span><\/li>\n<li><a href=\"https:\/\/voceatimisului.ro\/tag\/agentia-nationala-de-integritate\/\">agentia nationala de integritate<\/a><\/li>\n<li><a href=\"https:\/\/voceatimisului.ro\/tag\/mihai-ionac\/\">Mihai Ionac<\/a><\/li>\n<li><a href=\"https:\/\/voceatimisului.ro\/tag\/spitalul-clinic-judetean-de-urgenta-din-timisoara\/\">Spitalul Clinic Jude\u0163ean de Urgen\u0163\u0103 din Timi\u015foara<\/a><\/li>\n<\/ul>\n<\/div>\n<\/div>\n<div class=\"td_block_wrap tdb_single_post_share tdi_75  td-pb-border-top td_block_template_1\" data-td-block-uid=\"tdi_75\">\n<div id=\"tdi_75\" class=\"td-post-sharing tdb-block td-ps-bg td-ps-notext td-post-sharing-style1 \">\n<div class=\"td-post-sharing-visible\"><a class=\"td-social-sharing-button td-social-sharing-button-js td-social-network td-social-facebook\" href=\"https:\/\/www.facebook.com\/sharer.php?u=https%3A%2F%2Fvoceatimisului.ro%2Fprof-univ-dr-mihai-ionac-a-plecat-definitiv-din-spitalul-judetean-timisoara%2F\" title=\"Facebook\" rel=\"noopener\"><\/p>\n<div class=\"td-social-but-text\">Facebook<\/div>\n<p><\/a><a class=\"td-social-sharing-button td-social-sharing-button-js td-social-network td-social-twitter\" href=\"https:\/\/twitter.com\/intent\/tweet?text=Prof.+Univ.+Dr.+Mihai+Ionac+a+plecat+definitiv+din+Spitalul+Jude%C8%9Bean+Timi%C8%99oara%C2%A0&amp;url=https%3A%2F%2Fvoceatimisului.ro%2Fprof-univ-dr-mihai-ionac-a-plecat-definitiv-din-spitalul-judetean-timisoara%2F&amp;via=Vocea+Timisului\" title=\"Twitter\" rel=\"noopener\"><\/p>\n<div class=\"td-social-but-text\">Twitter<\/div>\n<p><\/a><a class=\"td-social-sharing-button td-social-sharing-button-js td-social-network td-social-pinterest\" href=\"https:\/\/pinterest.com\/pin\/create\/button\/?url=https:\/\/voceatimisului.ro\/prof-univ-dr-mihai-ionac-a-plecat-definitiv-din-spitalul-judetean-timisoara\/&amp;media=https:\/\/analyse.optim.biz\/wp-content\/uploads\/2025\/12\/prof-dr-mihai-ionac-foloseste-bo-jpg.webp&amp;description=Prof.+Univ.+Dr.+Mihai+Ionac+a+plecat+definitiv+din+Spitalul+Jude%C8%9Bean+Timi%C8%99oara%C2%A0\" title=\"Pinterest\" rel=\"noopener\"><\/p>\n<div class=\"td-social-but-text\">Pinterest<\/div>\n<p><\/a><a class=\"td-social-sharing-button td-social-sharing-button-js td-social-network td-social-whatsapp\" href=\"https:\/\/api.whatsapp.com\/send?text=Prof.+Univ.+Dr.+Mihai+Ionac+a+plecat+definitiv+din+Spitalul+Jude%C8%9Bean+Timi%C8%99oara%C2%A0%20%0A%0A%20https:\/\/voceatimisului.ro\/prof-univ-dr-mihai-ionac-a-plecat-definitiv-din-spitalul-judetean-timisoara\/\" title=\"WhatsApp\" rel=\"noopener\"><\/p>\n<div class=\"td-social-but-text\">WhatsApp<\/div>\n<p><\/a><a class=\"td-social-sharing-button td-social-sharing-button-js td-social-network td-social-linkedin\" href=\"https:\/\/www.linkedin.com\/shareArticle?mini=true&amp;url=https:\/\/voceatimisului.ro\/prof-univ-dr-mihai-ionac-a-plecat-definitiv-din-spitalul-judetean-timisoara\/&amp;title=Prof.+Univ.+Dr.+Mihai+Ionac+a+plecat+definitiv+din+Spitalul+Jude%C8%9Bean+Timi%C8%99oara%C2%A0\" title=\"Linkedin\" rel=\"noopener\"><\/p>\n<div class=\"td-social-but-text\">Linkedin<\/div>\n<p><\/a><a class=\"td-social-sharing-button td-social-sharing-button-js td-social-network td-social-copy_url\" href=\"https:\/\/voceatimisului.ro\/prof-univ-dr-mihai-ionac-a-plecat-definitiv-din-spitalul-judetean-timisoara\/\" title=\"Copy URL\" rel=\"noopener\"><\/p>\n<div class=\"td-social-but-text\">Copy URL<\/div>\n<p><\/a><\/div>\n<\/div>\n<\/div>\n<div class=\"td_block_wrap tdb_single_next_prev tdi_76 td-animation-stack td-next-prev-img-on td-pb-border-top td_block_template_1\" data-td-block-uid=\"tdi_76\">\n<div class=\"tdb-block-inner td-fix-index\">\n<div class=\"tdb-next-post tdb-next-post-bg tdb-post-prev\"><span>Articolul precedent<\/span><\/p>\n<div class=\"td-module-container\">\n<div class=\"td-image-container\"><a class=\"td-image-wrap\" href=\"https:\/\/voceatimisului.ro\/noaptea-ca-hotii-secretara-primariei-giroc-a-inlesnit-accesul-in-institutie-unor-necunoscuti-care-aveau-capetele-si-fetele-acoperite-ca-sa-faca-inventarul-prin-biroul-viceprimarului-dan-virtosu\/\"><img loading=\"lazy\" decoding=\"async\" class=\"td-next-prev-image td-fix-index td-lazy-img\" title=\"Noaptea, ca ho\u021bii! Secretara Prim\u0103riei Giroc a \u00eenlesnit accesul \u00een institu\u021bie unor necunoscu\u021bi, care aveau capetele \u0219i fe\u021bele acoperite, ca s\u0103 fac\u0103 inventarul prin biroul viceprimarului Dan V\u00eertosu\u00a0\" width=\"696\" height=\"658\" src=\"https:\/\/analyse.optim.biz\/wp-content\/uploads\/2025\/12\/secretara-carmina-mateia-696x658-1.jpg\"><\/a><\/div>\n<div class=\"next-prev-title\"><a href=\"https:\/\/voceatimisului.ro\/noaptea-ca-hotii-secretara-primariei-giroc-a-inlesnit-accesul-in-institutie-unor-necunoscuti-care-aveau-capetele-si-fetele-acoperite-ca-sa-faca-inventarul-prin-biroul-viceprimarului-dan-virtosu\/\">Noaptea, ca ho\u021bii! Secretara Prim\u0103riei Giroc a \u00eenlesnit accesul \u00een institu\u021bie unor necunoscu\u021bi, care aveau capetele \u0219i fe\u021bele acoperite, ca s\u0103 fac\u0103 inventarul prin biroul viceprimarului Dan V\u00eertosu\u00a0<\/a><\/div>\n<\/div>\n<\/div>\n<div class=\"tdb-next-post tdb-next-post-bg tdb-post-next\"><span>Articolul urm\u0103tor<\/span><\/p>\n<div class=\"td-module-container\">\n<div class=\"td-image-container\"><a class=\"td-image-wrap\" href=\"https:\/\/voceatimisului.ro\/sub-lupa-primaria-giroc-i-a-surprins-din-nou-pe-profesionistii-de-la-d-g-a-timis-cand-isi-evacuau-tehnica-cu-ajutorul-secretarei-carmina-mateia\/\"><img loading=\"lazy\" decoding=\"async\" class=\"td-next-prev-image td-fix-index td-lazy-img\" title=\"Sub lup\u0103! Prim\u0103ria Giroc i-a surprins, din nou, pe profesioni\u0219tii de la D.G.A Timi\u0219, c\u00e2nd \u00ee\u0219i evacuau tehnica, cu ajutorul secretarei Carmina Mateia\" width=\"696\" height=\"615\" src=\"https:\/\/analyse.optim.biz\/wp-content\/uploads\/2025\/12\/carmina-mateia-1-696x615-1.jpg\"><\/a><\/div>\n<div class=\"next-prev-title\"><a href=\"https:\/\/voceatimisului.ro\/sub-lupa-primaria-giroc-i-a-surprins-din-nou-pe-profesionistii-de-la-d-g-a-timis-cand-isi-evacuau-tehnica-cu-ajutorul-secretarei-carmina-mateia\/\">Sub lup\u0103! Prim\u0103ria Giroc i-a surprins, din nou, pe profesioni\u0219tii de la D.G.A Timi\u0219, c\u00e2nd \u00ee\u0219i evacuau tehnica, cu ajutorul secretarei Carmina Mateia<\/a><\/div>\n<\/div>\n<\/div>\n<\/div>\n<\/div>\n<\/div>\n<\/div>\n<\/div>\n<\/div>\n<div class=\"vc_row_inner tdi_86  vc_row vc_inner wpb_row td-pb-row\">\n<div class=\"vc_column_inner tdi_88  wpb_column vc_column_container tdc-inner-column td-pb-span4 td-is-sticky\">\n<div class=\"vc_column-inner\">\n<div class=\"wpb_wrapper\" data-sticky-enabled-on=\"W3RydWUsdHJ1ZSx0cnVlLHRydWVd\" data-sticky-offset=\"20\" data-sticky-is-width-auto=\"W2ZhbHNlLGZhbHNlLGZhbHNlLGZhbHNlXQ==\">\n<div class=\"td_block_wrap tdb_single_related tdi_89 td_with_ajax_pagination td-pb-border-top td_block_template_1 tdb-single-related-posts\" data-td-block-uid=\"tdi_89\">\n<div id=\"tdi_89\" class=\"td_block_inner tdb-block-inner td-fix-index\">\n<div class=\"tdb_module_related td_module_wrap td-animation-stack td-meta-info-hide\">\n<div class=\"td-module-container td-category-pos-image\">\n<div class=\"td-module-meta-info\">\n<h3 class=\"entry-title td-module-title\"><a href=\"https:\/\/voceatimisului.ro\/efectul-sandesc-ministerul-sanatatii-repune-pe-linia-de-plutire-spitalele-publice-si-obliga-managerii-sa-i-initieze-in-tainele-muncii-de-la-stat-pe-medicii-cu-program-de-lucru-preferential-si-fara-pa\/\" rel=\"bookmark\" title=\"Efectul S\u0103ndesc! Ministerul S\u0103n\u0103t\u0103\u021bii repune pe linia de plutire spitalele publice \u0219i oblig\u0103 managerii s\u0103-i ini\u021bieze \u00een tainele muncii de la stat pe medicii cu program de lucru preferen\u021bial \u0219i f\u0103r\u0103 pacien\u021bi\">Efectul S\u0103ndesc! Ministerul S\u0103n\u0103t\u0103\u021bii repune pe linia de plutire spitalele publice \u0219i oblig\u0103 managerii s\u0103-i ini\u021bieze \u00een tainele muncii de la stat pe medicii&#8230;<\/a><\/h3>\n<\/div>\n<\/div>\n<\/div>\n<div class=\"tdb_module_related td_module_wrap td-animation-stack td-meta-info-hide\">\n<div class=\"td-module-container td-category-pos-image\">\n<div class=\"td-module-meta-info\">\n<h3 class=\"entry-title td-module-title\"><a href=\"https:\/\/voceatimisului.ro\/ca-n-romania-spitalul-judetean-timisoara-va-distruge-peste-25-milioane-de-masti-de-protectie-care-i-au-fost-bagate-pe-gat-de-smecherii-din-sanatate-daca-nu-va-gasi-cerere-in-piata-inainte-de-term\/\" rel=\"bookmark\" title=\"Ca-n Rom\u00e2nia! Spitalul Jude\u021bean Timi\u0219oara va distruge peste 2,5 milioane de m\u0103\u0219ti de protec\u021bie, care i-au fost b\u0103gate pe g\u00e2t de smecherii din S\u0103n\u0103tate, dac\u0103 nu va g\u0103si cerere \u00een pia\u021b\u0103, \u00eenainte de termenul de expirare\">Ca-n Rom\u00e2nia! Spitalul Jude\u021bean Timi\u0219oara va distruge peste 2,5 milioane de m\u0103\u0219ti de protec\u021bie, care i-au fost b\u0103gate pe g\u00e2t de smecherii din S\u0103n\u0103tate,&#8230;<\/a><\/h3>\n<\/div>\n<\/div>\n<\/div>\n<div class=\"tdb_module_related td_module_wrap td-animation-stack td-meta-info-hide\">\n<div class=\"td-module-container td-category-pos-image\">\n<div class=\"td-module-meta-info\">\n<h3 class=\"entry-title td-module-title\"><a href=\"https:\/\/voceatimisului.ro\/ca-la-piata-in-lipsa-materialelor-sanitare-sectiile-spitalului-judetean-timisoara-se-imprumuta-intre-ele-pe-caiet-ca-sa-rezolve-urgentele-medicale-si-sa-salveze-vietile-pacientilor\/\" rel=\"bookmark\" title=\"Ca la pia\u021b\u0103! \u00cen lipsa materialelor sanitare, sec\u021biile Spitalului Jude\u021bean Timi\u0219oara se \u00eemprumut\u0103 \u00eentre ele, pe caiet, ca s\u0103 rezolve urgen\u021bele medicale \u0219i s\u0103 salveze vie\u021bile pacien\u021bilor\">Ca la pia\u021b\u0103! \u00cen lipsa materialelor sanitare, sec\u021biile Spitalului Jude\u021bean Timi\u0219oara se \u00eemprumut\u0103 \u00eentre ele, pe caiet, ca s\u0103 rezolve urgen\u021bele medicale \u0219i s\u0103&#8230;<\/a><\/h3>\n<\/div>\n<\/div>\n<\/div>\n<\/div>\n<\/div>\n<\/div>\n<\/div>\n<\/div>\n<div class=\"vc_column_inner tdi_91  wpb_column vc_column_container tdc-inner-column td-pb-span8\">\n<div class=\"vc_column-inner\">\n<div class=\"wpb_wrapper\">\n<div class=\"td_block_wrap tdb_single_comments tdi_92 tdb-comm-layout2 td-pb-border-top td_block_template_2\" data-td-block-uid=\"tdi_92\">\n<div class=\"tdb-block-inner td-fix-index\">\n<div class=\"comments\" id=\"comments\">\n<div class=\"td-comments-title-wrap td_block_template_2\">\n<h4 class=\"td-comments-title td-block-title\"><span>1 COMENTARIU<\/span><\/h4>\n<\/div>\n<ol class=\"comment-list\">\n<li class=\"comment \" id=\"comment-27481\">\n<article>\n<footer><cite>Helmuth<\/cite><a class=\"comment-link\" href=\"https:\/\/voceatimisului.ro\/prof-univ-dr-mihai-ionac-a-plecat-definitiv-din-spitalul-judetean-timisoara\/#comment-27481\"><time><br \/>\n\t\t\t\t\t\t    22 ianuarie 2024\t\t\t\t\t\t    La\t\t\t\t\t\t    9:06 PM<\/time><\/a><\/footer>\n<div class=\"comment-content\">\n<p>Sper sa plece Sandesc daca tot e valul de plecari, cu siguranta in Italia ar avea un loc, la clinica prin care a devalizat fondurile M.S. Succes!<\/p>\n<\/div>\n<div class=\"comment-meta\" id=\"comment-27481\"><a rel=\"nofollow\" class=\"comment-reply-link\" href=\"https:\/\/voceatimisului.ro\/prof-univ-dr-mihai-ionac-a-plecat-definitiv-din-spitalul-judetean-timisoara\/#comment-27481\" data-commentid=\"27481\" data-postid=\"161402\" data-belowelement=\"comment-27481\" data-respondelement=\"respond\" data-replyto=\"R\u0103spunde-i lui Helmuth\" aria-label=\"R\u0103spunde-i lui Helmuth\">R\u0103spunde\u021bi<\/a><\/div>\n<\/article>\n<\/li>\n<\/ol>\n<div id=\"respond\" class=\"comment-respond\">\n<h3 id=\"reply-title\" class=\"comment-reply-title\">L\u0102SA\u021aI UN MESAJ <small><a rel=\"nofollow\" id=\"cancel-comment-reply-link\" href=\"https:\/\/voceatimisului.ro\/prof-univ-dr-mihai-ionac-a-plecat-definitiv-din-spitalul-judetean-timisoara\/#respond\">Renun\u021ba\u021bi la r\u0103spuns<\/a><\/small><\/h3>\n<div class=\"comment-form-input-wrap td-form-comment\">\n<div class=\"td-warning-comment\">V\u0103 rug\u0103m s\u0103 introduce\u021bi comentariul dvs.!<\/div>\n<\/div>\n<div class=\"comment-form-input-wrap td-form-author\">\n<div class=\"td-warning-author\">Introduce\u021bi aici numele dvs.<\/div>\n<\/div>\n<div class=\"comment-form-input-wrap td-form-email\">\n<div class=\"td-warning-email-error\">A\u021bi introdus o adres\u0103 de e-mail incorect\u0103!<\/div>\n<div class=\"td-warning-email\">V\u0103 rug\u0103m s\u0103 introduce\u021bi adresa dvs. de e-mail aici<\/div>\n<\/div>\n<\/div>\n<\/div>\n<\/div>\n<\/div>\n<\/div>\n<\/div>\n<\/div>\n<\/div>\n<\/div>\n<\/div>\n<div class=\"vc_column tdi_94  wpb_column vc_column_container tdc-column td-pb-span4 td-is-sticky\">\n<div class=\"wpb_wrapper\" data-sticky-enabled-on=\"W3RydWUsdHJ1ZSx0cnVlLHRydWVd\" data-sticky-offset=\"20\" data-sticky-is-width-auto=\"W2ZhbHNlLGZhbHNlLGZhbHNlLGZhbHNlXQ==\">\n<div class=\"vc_row_inner tdi_96  vc_row vc_inner wpb_row td-pb-row\">\n<div class=\"vc_column_inner tdi_98  wpb_column vc_column_container tdc-inner-column td-pb-span12\">\n<div class=\"vc_column-inner\">\n<div class=\"wpb_wrapper\">\n<div class=\"td_block_wrap td_block_title tdi_99 td-pb-border-top td_block_template_11 td-fix-index\" data-td-block-uid=\"tdi_99\">\n<div class=\"td-block-title-wrap\">\n<h4 class=\"td-block-title\"><span class=\"td-pulldown-size\">ANUN\u021aURI \u0218I PUBLICITATE<\/span><\/h4>\n<\/div>\n<\/div>\n<\/div>\n<\/div>\n<\/div>\n<\/div>\n<div class=\"wpb_wrapper td_block_wrap vc_widget_sidebar tdi_101 \">\n<aside id=\"block-10\" class=\"td_block_template_1 widget block-10 widget_block widget_media_image\">\n<figure class=\"wp-block-image size-full\"><a href=\"https:\/\/adpghiroda.ro\/index.html\" target=\"_blank\" rel=\" noreferrer noopener\"><img decoding=\"async\" loading=\"eager\" width=\"960\" height=\"960\" src=\"https:\/\/analyse.optim.biz\/wp-content\/uploads\/2025\/12\/adp-ghiroda2-154.jpg\" class=\"wp-image-171492\" title=\"adp-ghiroda2-154\"><\/a><\/figure>\n<\/aside>\n<aside id=\"block-11\" class=\"td_block_template_1 widget block-11 widget_block widget_media_image\">\n<figure class=\"wp-block-image size-full\"><a href=\"https:\/\/adpghiroda.ro\/index.html\" target=\"_blank\" rel=\" noreferrer noopener\"><img decoding=\"async\" loading=\"eager\" width=\"960\" height=\"960\" src=\"https:\/\/analyse.optim.biz\/wp-content\/uploads\/2025\/12\/adp-ghiroda1-144.jpg\" class=\"wp-image-171491\" title=\"adp-ghiroda1-144\"><\/a><\/figure>\n<\/aside>\n<aside id=\"block-17\" class=\"td_block_template_1 widget block-17 widget_block widget_media_image\">\n<figure class=\"wp-block-image size-large is-resized\"><a href=\"https:\/\/verde.events\/\" target=\"_blank\" rel=\" noreferrer noopener\"><img decoding=\"async\" loading=\"lazy\" width=\"1024\" height=\"683\" src=\"https:\/\/analyse.optim.biz\/wp-content\/uploads\/2025\/12\/verde-events-24-1024x683-148.jpg\" alt=\"Verde Events\" class=\"wp-image-174395\" title=\"verde-events-24-1024x683-148\"><\/a><figcaption class=\"wp-element-caption\"><strong><em>O experien\u021b\u0103 unic\u0103 pentru orice tip de eveniment<\/em><\/strong><\/figcaption><\/figure>\n<\/aside>\n<\/div>\n<div class=\"td_block_wrap td_flex_block_1 tdi_107 td-pb-border-top td_block_template_1 td_ajax_preloading_preload td_flex_block\" data-td-block-uid=\"tdi_107\">\n<div id=\"tdi_107\" class=\"td_block_inner td-mc1-wrap\">\n<div class=\"td_module_flex td_module_flex_1 td_module_wrap td-animation-stack td-meta-info-hide td-cpt-post\">\n<div class=\"td-module-container td-category-pos-image\">\n<div class=\"td-module-meta-info\">\n<h3 class=\"entry-title td-module-title\"><a href=\"https:\/\/voceatimisului.ro\/de-vis-medicii-din-spitalele-de-stat-ale-ministrului-rafila-fac-cheta-interna-ca-sa-cumpere-prezervative-chiurete-baterii-si-hartie-de-ecograf-necesare-consulturilor-pentru-pacienti\/\" rel=\"bookmark\" title=\"De vis! Medicii din spitalele de stat ale ministrului Rafila fac chet\u0103 intern\u0103 ca s\u0103 cumpere prezervative, chiurete, baterii \u0219i h\u00e2rtie de ecograf, necesare consulturilor pentru pacien\u021bi\">De vis! Medicii din spitalele de stat ale ministrului Rafila fac chet\u0103 intern\u0103 ca s\u0103 cumpere prezervative, chiurete, baterii \u0219i h\u00e2rtie de ecograf, necesare&#8230;<\/a><\/h3>\n<\/div>\n<\/div>\n<\/div>\n<div class=\"td_module_flex td_module_flex_1 td_module_wrap td-animation-stack td-meta-info-hide td-cpt-post\">\n<div class=\"td-module-container td-category-pos-image\">\n<div class=\"td-module-meta-info\">\n<h3 class=\"entry-title td-module-title\"><a href=\"https:\/\/voceatimisului.ro\/pierderi-de-memorie-primaria-comunei-giroc-campioana-la-disparitia-documentelor-de-urbanism-in-folosul-cooperativei-imobiliare\/\" rel=\"bookmark\" title=\"Pierderi de memorie! Prim\u0103ria comunei Giroc, campioan\u0103 la dispari\u021bia documentelor de urbanism, \u00een folosul cooperativei imobiliare\">Pierderi de memorie! Prim\u0103ria comunei Giroc, campioan\u0103 la dispari\u021bia documentelor de urbanism, \u00een folosul cooperativei imobiliare<\/a><\/h3>\n<\/div>\n<\/div>\n<\/div>\n<div class=\"td_module_flex td_module_flex_1 td_module_wrap td-animation-stack td-meta-info-hide td-cpt-post\">\n<div class=\"td-module-container td-category-pos-image\">\n<div class=\"td-module-meta-info\">\n<h3 class=\"entry-title td-module-title\"><a href=\"https:\/\/voceatimisului.ro\/ultima-moda-la-spitalul-judetean-timisoara-pacientii-ministrului-sanatatii-alexandru-rafila-sunt-trimisi-la-tomberon-direct-din-unitatea-de-primiri-urgente\/\" rel=\"bookmark\" title=\"Ultima mod\u0103! La Spitalul Jude\u021bean Timi\u0219oara, pacien\u021bii ministrului s\u0103n\u0103t\u0103\u021bii Alexandru Rafila sunt trimi\u0219i\u2026 la tomberon, direct din Unitatea de Primiri Urgen\u021be\">Ultima mod\u0103! La Spitalul Jude\u021bean Timi\u0219oara, pacien\u021bii ministrului s\u0103n\u0103t\u0103\u021bii Alexandru Rafila sunt trimi\u0219i\u2026 la tomberon, direct din Unitatea de Primiri Urgen\u021be<\/a><\/h3>\n<\/div>\n<\/div>\n<\/div>\n<div class=\"td_module_flex td_module_flex_1 td_module_wrap td-animation-stack td-meta-info-hide td-cpt-post\">\n<div class=\"td-module-container td-category-pos-image\">\n<div class=\"td-module-meta-info\">\n<h3 class=\"entry-title td-module-title\"><a href=\"https:\/\/voceatimisului.ro\/dubla-masura-de-tupeu-primaria-giroc-a-transformat-o-jumatate-de-bloc-cu-cinci-etaje-peste-noapte-din-spatii-cu-alta-destinatie-in-apartamente-de-locuit-intr-o-zona-cu-unitati-industriale-si-spati\/\" rel=\"bookmark\" title=\"Dubl\u0103 m\u0103sur\u0103 de tupeu! Prim\u0103ria Giroc a transformat o jum\u0103tate de bloc cu cinci etaje, peste noapte, din spa\u021bii cu alt\u0103 destina\u021bie \u00een apartamente de locuit, \u00eentr-o zon\u0103 cu unit\u0103\u021bi industriale \u0219i spa\u021bii de depozitare\">Dubl\u0103 m\u0103sur\u0103 de tupeu! Prim\u0103ria Giroc a transformat o jum\u0103tate de bloc cu cinci etaje, peste noapte, din spa\u021bii cu alt\u0103 destina\u021bie \u00een apartamente&#8230;<\/a><\/h3>\n<\/div>\n<\/div>\n<\/div>\n<div class=\"td_module_flex td_module_flex_1 td_module_wrap td-animation-stack td-meta-info-hide td-cpt-post\">\n<div class=\"td-module-container td-category-pos-image\">\n<div class=\"td-module-meta-info\">\n<h3 class=\"entry-title td-module-title\"><a href=\"https:\/\/voceatimisului.ro\/somn-de-voie-medicul-florica-birsasteanu-a-demisionat-din-fruntea-sectiei-de-radiologie-dupa-ce-umft-si-spitalul-judetean-timisoara-s-au-prins-la-trei-luni-de-la-numire-ca-l-au-inscaunat-si-miruit\/\" rel=\"bookmark\" title=\"Somn de voie! Medicul Floric\u0103 B\u00eers\u0103\u0219teanu a demisionat din fruntea Sec\u021biei de Radiologie dup\u0103 ce UMFT \u0219i Spitalul Jude\u021bean Timi\u0219oara s-au prins, la trei luni de la numire, c\u0103 l-au \u00eensc\u0103unat \u0219i miruit ilegal\">Somn de voie! Medicul Floric\u0103 B\u00eers\u0103\u0219teanu a demisionat din fruntea Sec\u021biei de Radiologie dup\u0103 ce UMFT \u0219i Spitalul Jude\u021bean Timi\u0219oara s-au prins, la trei&#8230;<\/a><\/h3>\n<\/div>\n<\/div>\n<\/div>\n<\/div>\n<\/div>\n<\/div>\n<\/div>\n<\/div>\n<\/div>\n<\/div>\n<\/div>\n<p><span class=\"td-page-meta\"><\/span><span class=\"td-page-meta\"><span class=\"td-page-meta\"><\/span><\/span><span class=\"td-page-meta\"><\/span><\/article>\n<p> Source URL: https:\/\/voceatimisului.ro\/prof-univ-dr-mihai-ionac-a-plecat-definitiv-din-spitalul-judetean-timisoara\/<\/p>\n","protected":false},"excerpt":{"rendered":"<p>\u0218tiriS\u0103n\u0103tate Prof. Univ. Dr. Mihai Ionac a plecat definitiv din Spitalul Jude\u021bean Timi\u0219oara\u00a0 Autor-Tiberiu Kiss 22 ianuarie 2024 1 17474 Facebook Twitter Pinterest WhatsApp Linkedin Copy URL prof dr mihai ionac foloseste bo jpg Investi\u021bii de 500 de milioane de euro \u00een s\u0103n\u0103tate, prezentate \u00een timpul vizitei ministrului S\u0103n\u0103t\u0103\u021bii la Timi\u0219oara Ipocrizie cu repeti\u021bie: Dominic [&hellip;]<\/p>\n","protected":false},"author":1,"featured_media":1217278,"comment_status":"open","ping_status":"","sticky":false,"template":"","format":"standard","meta":{"footnotes":""},"categories":[89],"tags":[199],"class_list":["post-1217277","post","type-post","status-publish","format-standard","has-post-thumbnail","hentry","category-romania","tag-voceatimisului-ro"],"_links":{"self":[{"href":"https:\/\/analyse.optim.biz\/index.php?rest_route=\/wp\/v2\/posts\/1217277","targetHints":{"allow":["GET"]}}],"collection":[{"href":"https:\/\/analyse.optim.biz\/index.php?rest_route=\/wp\/v2\/posts"}],"about":[{"href":"https:\/\/analyse.optim.biz\/index.php?rest_route=\/wp\/v2\/types\/post"}],"author":[{"embeddable":true,"href":"https:\/\/analyse.optim.biz\/index.php?rest_route=\/wp\/v2\/users\/1"}],"replies":[{"embeddable":true,"href":"https:\/\/analyse.optim.biz\/index.php?rest_route=%2Fwp%2Fv2%2Fcomments&post=1217277"}],"version-history":[{"count":0,"href":"https:\/\/analyse.optim.biz\/index.php?rest_route=\/wp\/v2\/posts\/1217277\/revisions"}],"wp:featuredmedia":[{"embeddable":true,"href":"https:\/\/analyse.optim.biz\/index.php?rest_route=\/wp\/v2\/media\/1217278"}],"wp:attachment":[{"href":"https:\/\/analyse.optim.biz\/index.php?rest_route=%2Fwp%2Fv2%2Fmedia&parent=1217277"}],"wp:term":[{"taxonomy":"category","embeddable":true,"href":"https:\/\/analyse.optim.biz\/index.php?rest_route=%2Fwp%2Fv2%2Fcategories&post=1217277"},{"taxonomy":"post_tag","embeddable":true,"href":"https:\/\/analyse.optim.biz\/index.php?rest_route=%2Fwp%2Fv2%2Ftags&post=1217277"}],"curies":[{"name":"wp","href":"https:\/\/api.w.org\/{rel}","templated":true}]}}