{"id":121607,"date":"2018-03-15T16:27:45","date_gmt":"2018-03-15T13:27:45","guid":{"rendered":"https:\/\/analyse.optim.biz\/?p=121607"},"modified":"2018-03-15T16:27:45","modified_gmt":"2018-03-15T13:27:45","slug":"buzaul-a-votat-unirea-cu-republica-moldova","status":"publish","type":"post","link":"https:\/\/analyse.optim.biz\/?p=121607","title":{"rendered":"Buz\u0103ul a votat unirea cu Republica Moldova"},"content":{"rendered":"<div class=\"entry data-app-meta data-app-meta-article\" data-embed-base-url-canonical=\"https:\/\/www.digi24.ro\/embed\/stiri\/actualitate\/politica\/consilierii-locali-au-adoptat-o-declaratie-de-unire-a-municipiului-buzau-cu-republica-moldova-895755\">\n<p data-index=\"1\"><strong>Cei 23 de consilieri locali din cadrul Consiliului Local Municipal Buz\u0103u au votat joi, \u00een unanimitate, o declara\u0163ie politic\u0103 de unire cu Republica Moldova, relateaz\u0103 Agerpres.<\/strong><\/p>\n<figure class=\"article-thumb\"><img decoding=\"async\" src=\"https:\/\/analyse.optim.biz\/wp-content\/uploads\/2024\/09\/mcz6yz0xjmhhc2g9mjdjzjazzgm1ymmxndjmnza0zjdim2u2ogu3zgu5nmm-thumb_.jpg\" alt=\"buzau declaratie unire republica moldova_fb constantin toma (4)\" data-skip-htmlfix=\"1\" title=\"mcz6yz0xjmhhc2g9mjdjzjazzgm1ymmxndjmnza0zjdim2u2ogu3zgu5nmm-thumb_\"><figcaption> Foto: Constantin Toma <\/figcaption><\/figure>\n<p data-index=\"2\">Ini\u0163iativa apar\u0163ine primarului municipiului Buz\u0103u, Constantin Toma, care a precizat c\u0103 este vorba de o \u201eunire simbolic\u0103, f\u0103r\u0103 efecte juridice\u201d.<\/p>\n<p data-index=\"3\">\u201e\u00cen anul s\u0103rb\u0103toririi Centenarului Rom\u00e2niei Mari, peste o sut\u0103 de primari din Republica Moldova au declarat unirea cu Rom\u00e2nia \u015fi, de aceea, este o datorie de onoare s\u0103 le r\u0103spundem printr-un gest similar, mai ales c\u0103 pre\u015fedintele Consiliului de Mini\u015ftri de acum o sut\u0103 de ani al Rom\u00e2niei a fost un buzoian, Alexandru Marghiloman\u201d, a declarat, la finalul \u015fedin\u0163ei extraordinare, primarul Constantin Toma.<\/p>\n<p data-index=\"4\">Potrivit sursei citate, unirea cu Basarabia de acum o sut\u0103 de ani a fost realizat\u0103 de elite cu sprijinul tuturor locuitorilor din fosta provincie rom\u00e2neasc\u0103.<\/p>\n<p data-index=\"5\"><img loading=\"lazy\" decoding=\"async\" class=\"alignnone size-full wp-image-895766\" src=\"https:\/\/analyse.optim.biz\/wp-content\/uploads\/2024\/09\/mczoyxnoptc1zdi0zgy5nzu2mzvimtm0mzvkywe2mgmxmgziyjfl-thumb_.jpg\" width=\"683\" height=\"960\" data-skip-htmlfix=\"1\" title=\"mczoyxnoptc1zdi0zgy5nzu2mzvimtm0mzvkywe2mgmxmgziyjfl-thumb_\"><\/p>\n<p data-index=\"6\">\u201eDe aceast\u0103 dat\u0103, unirea se face de jos \u00een sus \u015fi am dorit s\u0103 nu rat\u0103m un moment istoric at\u00e2t de important, c\u0103ci mai devreme sau mai t\u00e2rziu unirea Republicii Moldova cu patria-mam\u0103 se va \u00eenf\u0103ptui\u201d, se mai arat\u0103 \u00een declara\u021bia de unire.<\/p>\n<p data-index=\"7\">Constantin Toma a mai spus c\u0103 pe 17 martie a.c la Sala Sporturilor din Buz\u0103u va avea loc un concert de muzic\u0103 popular\u0103 rom\u00e2neasc\u0103 intitulat &#8220;Din suflet rom\u00e2nesc&#8221;, un duplex Buz\u0103u-Chi\u015fin\u0103u, la care sunt a\u015ftepta\u0163i \u015fi primarii unioni\u015fti din Republica Moldova.<\/p>\n<p data-index=\"8\">\u00a0<\/p>\n<\/div>\n<p> Source URL: https:\/\/www.digi24.ro\/stiri\/actualitate\/politica\/consilierii-locali-au-adoptat-o-declaratie-de-unire-a-municipiului-buzau-cu-republica-moldova-895755<\/p>\n","protected":false},"excerpt":{"rendered":"<p>Cei 23 de consilieri locali din cadrul Consiliului Local Municipal Buz\u0103u au votat joi, \u00een unanimitate, o declara\u0163ie politic\u0103 de unire cu Republica Moldova, relateaz\u0103 Agerpres. Foto: Constantin Toma Ini\u0163iativa apar\u0163ine primarului municipiului Buz\u0103u, Constantin Toma, care a precizat c\u0103 este vorba de o \u201eunire simbolic\u0103, f\u0103r\u0103 efecte juridice\u201d. \u201e\u00cen anul s\u0103rb\u0103toririi Centenarului Rom\u00e2niei Mari, [&hellip;]<\/p>\n","protected":false},"author":1,"featured_media":121608,"comment_status":"open","ping_status":"","sticky":false,"template":"","format":"standard","meta":{"footnotes":""},"categories":[2],"tags":[11],"class_list":["post-121607","post","type-post","status-publish","format-standard","has-post-thumbnail","hentry","category-politics","tag-digi24"],"_links":{"self":[{"href":"https:\/\/analyse.optim.biz\/index.php?rest_route=\/wp\/v2\/posts\/121607","targetHints":{"allow":["GET"]}}],"collection":[{"href":"https:\/\/analyse.optim.biz\/index.php?rest_route=\/wp\/v2\/posts"}],"about":[{"href":"https:\/\/analyse.optim.biz\/index.php?rest_route=\/wp\/v2\/types\/post"}],"author":[{"embeddable":true,"href":"https:\/\/analyse.optim.biz\/index.php?rest_route=\/wp\/v2\/users\/1"}],"replies":[{"embeddable":true,"href":"https:\/\/analyse.optim.biz\/index.php?rest_route=%2Fwp%2Fv2%2Fcomments&post=121607"}],"version-history":[{"count":0,"href":"https:\/\/analyse.optim.biz\/index.php?rest_route=\/wp\/v2\/posts\/121607\/revisions"}],"wp:featuredmedia":[{"embeddable":true,"href":"https:\/\/analyse.optim.biz\/index.php?rest_route=\/wp\/v2\/media\/121608"}],"wp:attachment":[{"href":"https:\/\/analyse.optim.biz\/index.php?rest_route=%2Fwp%2Fv2%2Fmedia&parent=121607"}],"wp:term":[{"taxonomy":"category","embeddable":true,"href":"https:\/\/analyse.optim.biz\/index.php?rest_route=%2Fwp%2Fv2%2Fcategories&post=121607"},{"taxonomy":"post_tag","embeddable":true,"href":"https:\/\/analyse.optim.biz\/index.php?rest_route=%2Fwp%2Fv2%2Ftags&post=121607"}],"curies":[{"name":"wp","href":"https:\/\/api.w.org\/{rel}","templated":true}]}}