{"id":121604,"date":"2018-03-15T18:08:18","date_gmt":"2018-03-15T15:08:18","guid":{"rendered":"https:\/\/analyse.optim.biz\/?p=121604"},"modified":"2018-03-15T18:08:18","modified_gmt":"2018-03-15T15:08:18","slug":"iohannis-regret-ca-proiectele-dedicate-centenarului-se-pregatesc-in-lipsa-unui-cadru-legal","status":"publish","type":"post","link":"https:\/\/analyse.optim.biz\/?p=121604","title":{"rendered":"Iohannis: Regret c\u0103 proiectele dedicate Centenarului se preg\u0103tesc \u00een lipsa unui cadru legal"},"content":{"rendered":"<div class=\"entry data-app-meta data-app-meta-article\" data-embed-base-url-canonical=\"https:\/\/www.digi24.ro\/embed\/stiri\/actualitate\/politica\/iohannis-regret-ca-proiectele-dedicate-centenarului-se-pregatesc-in-lipsa-unui-cadru-legal-895874\">\n<p data-index=\"1\"><strong>Pre\u015fedintele Klaus Iohannis \u015fi-a exprimat regretul miercuri pentru faptul c\u0103 manifest\u0103rile \u015fi proiectele dedicate Centenarului se preg\u0103tesc \u00een lipsa unui cadru legal, care s\u0103 fi fost adoptat de Parlament.<\/strong><\/p>\n<figure class=\"article-thumb\"><img decoding=\"async\" src=\"https:\/\/analyse.optim.biz\/wp-content\/uploads\/2024\/09\/ymq5otjmywmyn2nmmgzjyjrkn2jmotcyyje3ngmznja-thumb_-1.jpg\" alt=\"klaus iohannis_presidency\" data-skip-htmlfix=\"1\" title=\"ymq5otjmywmyn2nmmgzjyjrkn2jmotcyyje3ngmznja-thumb_-1\"><figcaption> Foto: presidency.ro <\/figcaption><\/figure>\n<p data-index=\"2\">\u201eRegret c\u0103 manifest\u0103rile \u015fi proiectele dedicate Centenarului se preg\u0103tesc \u00een lipsa unui cadru legal, care cadru nu a fost \u00eenc\u0103 adoptat de Parlament. Regretabil este \u015fi faptul c\u0103, de\u015fi Guvernele succesive din ultimul an ne-au anun\u0163at \u00een repetate r\u00e2nduri de iminen\u0163a prezent\u0103rii unui program na\u0163ional al Centenarului \u015fi a adopt\u0103rii unui mecanism transparent \u015fi opera\u0163ional de sprijin, acest lucru nu s-a \u00eent\u00e2mplat\u201d, a declarat pre\u015fedintele, la dezbaterea &#8220;Rom\u00e2nia la Centenar&#8221;, organizat\u0103 de Administra\u0163ia Preziden\u0163ial\u0103 la Palatul Cotroceni.<\/p>\n<p data-index=\"3\">Potrivit lui Iohannis, \u201ejocul politic m\u0103runt a avut c\u00e2\u015ftig de cauz\u0103\u201d \u00een fa\u0163a oportunit\u0103\u0163ii de a construi consens politic, coeziune \u015fi angajament social \u00een jurul unor proiecte de modernizare a \u0163\u0103rii.<\/p>\n<p data-index=\"4\">\u201eAm \u00eencurajat toate Guvernele Rom\u00e2niei de dup\u0103 2015, au fost cinci, s\u0103-\u015fi asume cu maxim\u0103 responsabilitate rolul de a dovedi, prin proiecte concrete, importante, implementate cu responsabilitate, capacitatea \u0163\u0103rii noastre de a se angaja \u00een al doilea secol al s\u0103u de modernitate. Centenarul a creat \u00een societatea rom\u00e2neasc\u0103 un orizont de a\u015fteptare comparabil, poate, cu momentul ader\u0103rii \u0163\u0103rii noastre, \u00een 2007, la Uniunea European\u0103. Din p\u0103cate, jocul politic m\u0103runt a avut c\u00e2\u015ftig de cauz\u0103 \u00een fa\u0163a unei rare oportunit\u0103\u0163i: aceea de a construi consens politic, coeziune \u015fi angajament social \u00een jurul unor obiective \u015fi proiecte de modernizare a \u0163\u0103rii, continu\u00e2nd idealurile Marii Uniri&#8221;, a afirmat \u015feful statului, potrivit Agerpres.<\/p>\n<p data-index=\"5\">\u00cen opinia sa, Centenarul nu trebuie s\u0103 fie \u201eun simplu prilej de ceremonii\u201d, deoarece nu marcheaz\u0103 doar momentele de acum 100 de ani, ci vizeaz\u0103 \u015fi proiectele Rom\u00e2niei moderne.<\/p>\n<p data-index=\"6\">\u201eAm subliniat \u00een repetate r\u00e2nduri c\u0103 Centenarul Marii Uniri nu trebuie s\u0103 se rezume la a fi un simplu prilej de ceremonii, fie ele pioase sau de mare bucurie. Centenarul nu marcheaz\u0103 doar momentele de acum 100 de ani, ci este despre \u00eentregul parcurs al Rom\u00e2niei moderne \u015fi despre proiectele noastre de viitor. Mai mult, Centenarul nu poate fi desp\u0103r\u0163it de istoria \u015fi soarta continentului nostru, dup\u0103 cum nici viitorul nostru nu poate fi rupt de proiectul european din care facem parte\u201d, a transmis pre\u015fedintele.<\/p>\n<p data-index=\"7\">Iohannis a men\u0163ionat c\u0103 evenimentul de la Cotroceni a fost organizat pentru c\u0103 \u015fi-a dorit ca la \u00eenceputul anului Centenarului s\u0103 se \u00eent\u00e2lneasc\u0103 cu cei care i-au adresat solicit\u0103ri de acordare a \u00cenaltului Patronaj sau i-au trimis invita\u0163ii la proiecte \u015fi evenimente de marcare a faptelor de acum un secol.<\/p>\n<p data-index=\"8\">\u00a0<\/p>\n<\/div>\n<p> Source URL: https:\/\/www.digi24.ro\/stiri\/actualitate\/politica\/iohannis-regret-ca-proiectele-dedicate-centenarului-se-pregatesc-in-lipsa-unui-cadru-legal-895874<\/p>\n","protected":false},"excerpt":{"rendered":"<p>Pre\u015fedintele Klaus Iohannis \u015fi-a exprimat regretul miercuri pentru faptul c\u0103 manifest\u0103rile \u015fi proiectele dedicate Centenarului se preg\u0103tesc \u00een lipsa unui cadru legal, care s\u0103 fi fost adoptat de Parlament. Foto: presidency.ro \u201eRegret c\u0103 manifest\u0103rile \u015fi proiectele dedicate Centenarului se preg\u0103tesc \u00een lipsa unui cadru legal, care cadru nu a fost \u00eenc\u0103 adoptat de Parlament. Regretabil [&hellip;]<\/p>\n","protected":false},"author":1,"featured_media":121605,"comment_status":"open","ping_status":"","sticky":false,"template":"","format":"standard","meta":{"footnotes":""},"categories":[2],"tags":[11],"class_list":["post-121604","post","type-post","status-publish","format-standard","has-post-thumbnail","hentry","category-politics","tag-digi24"],"_links":{"self":[{"href":"https:\/\/analyse.optim.biz\/index.php?rest_route=\/wp\/v2\/posts\/121604","targetHints":{"allow":["GET"]}}],"collection":[{"href":"https:\/\/analyse.optim.biz\/index.php?rest_route=\/wp\/v2\/posts"}],"about":[{"href":"https:\/\/analyse.optim.biz\/index.php?rest_route=\/wp\/v2\/types\/post"}],"author":[{"embeddable":true,"href":"https:\/\/analyse.optim.biz\/index.php?rest_route=\/wp\/v2\/users\/1"}],"replies":[{"embeddable":true,"href":"https:\/\/analyse.optim.biz\/index.php?rest_route=%2Fwp%2Fv2%2Fcomments&post=121604"}],"version-history":[{"count":0,"href":"https:\/\/analyse.optim.biz\/index.php?rest_route=\/wp\/v2\/posts\/121604\/revisions"}],"wp:featuredmedia":[{"embeddable":true,"href":"https:\/\/analyse.optim.biz\/index.php?rest_route=\/wp\/v2\/media\/121605"}],"wp:attachment":[{"href":"https:\/\/analyse.optim.biz\/index.php?rest_route=%2Fwp%2Fv2%2Fmedia&parent=121604"}],"wp:term":[{"taxonomy":"category","embeddable":true,"href":"https:\/\/analyse.optim.biz\/index.php?rest_route=%2Fwp%2Fv2%2Fcategories&post=121604"},{"taxonomy":"post_tag","embeddable":true,"href":"https:\/\/analyse.optim.biz\/index.php?rest_route=%2Fwp%2Fv2%2Ftags&post=121604"}],"curies":[{"name":"wp","href":"https:\/\/api.w.org\/{rel}","templated":true}]}}