{"id":121601,"date":"2018-03-15T18:26:52","date_gmt":"2018-03-15T15:26:52","guid":{"rendered":"https:\/\/analyse.optim.biz\/?p=121601"},"modified":"2018-03-15T18:26:52","modified_gmt":"2018-03-15T15:26:52","slug":"mesajul-vioricai-dancila-de-ziua-maghiarilor","status":"publish","type":"post","link":"https:\/\/analyse.optim.biz\/?p=121601","title":{"rendered":"Mesajul Vioric\u0103i D\u0103ncil\u0103 de Ziua Maghiarilor"},"content":{"rendered":"<div class=\"entry data-app-meta data-app-meta-article\" data-embed-base-url-canonical=\"https:\/\/www.digi24.ro\/embed\/stiri\/actualitate\/politica\/mesajul-vioricai-dancila-de-ziua-maghiarilor-895883\">\n<p data-index=\"1\"><strong>Premierul Viorica D\u0103ncil\u0103 a transmis, joi, un mesaj de Ziua Maghiarilor de Pretutindeni, afirm\u00e2nd c\u0103 perspectiva asupra istoriei ne arat\u0103 c\u0103 este momentul unei mut\u0103ri de accent pe lucrurile care \u00eei unesc pe rom\u00e2ni \u015fi maghiari.<\/strong><\/p>\n<p data-index=\"2\"><img loading=\"lazy\" decoding=\"async\" class=\"alignnone size-full wp-image-895885\" src=\"https:\/\/analyse.optim.biz\/wp-content\/uploads\/2024\/09\/mczoyxnoptqxnzrjmwqwmzk0ymu5otq2nmi3mzzmztk4nwqxngm0-thumb_.jpg\" width=\"1200\" height=\"801\" data-skip-htmlfix=\"1\" title=\"mczoyxnoptqxnzrjmwqwmzk0ymu5otq2nmi3mzzmztk4nwqxngm0-thumb_\"><\/p>\n<p data-index=\"3\">Viorica D\u0103ncil\u0103 arat\u0103, \u00een mesajul dat publicit\u0103\u0163ii de Guvern, c\u0103 Ziua Maghiarilor de Pretutindeni este un prilej de a s\u0103rb\u0103tori comunitatea maghiar\u0103 din Rom\u00e2nia \u015fi rela\u0163iile reciproce de bun\u0103 convie\u0163uire pe care le-am dezvoltat, \u00een ultimele decenii, pe teritoriul \u0163\u0103rii noastre.<\/p>\n<p data-index=\"4\">\u201eDe aceea, adresez concet\u0103\u0163enilor maghiari un salut cordial \u015fi \u00eei felicit la \u00eemplinirea a 170 de ani de la momentul istoric \u00een care revolu\u0163ionarii maghiari s-au al\u0103turat mi\u015fc\u0103rilor europene de eliberare na\u0163ional\u0103. Perspectiva asupra istoriei ne arat\u0103 c\u0103 este momentul unei mut\u0103ri de accent pe lucrurile care \u00eei unesc pe rom\u00e2ni \u015fi maghiari \u015fi care sprijin\u0103 leg\u0103turile interumane, schimburile culturale, perspectiva european\u0103 comun\u0103, promovarea tradi\u0163iilor \u015fi a obiceiurilor care ne definesc\u201d, afirm\u0103 premierul.<\/p>\n<p data-index=\"5\">Viorica D\u0103ncil\u0103 men\u0163ioneaz\u0103 c\u0103, \u00een Europa de ast\u0103zi, deosebirile \u00eentre etnii \u015fi culturi trebuie s\u0103 reprezinte o surs\u0103 de \u00een\u0163elegere \u015fi respect reciproc. Astfel, Rom\u00e2nia promoveaz\u0103 dezideratul european \u201eunitate \u00een diversitate\u201d \u015fi sus\u0163ine, cu determinare, at\u00e2t libera exprimare a identit\u0103\u0163ii etnice, c\u00e2t \u015fi promovarea elementelor identitare de limb\u0103, tradi\u0163ie, patrimoniu cultural.<\/p>\n<p data-index=\"6\"><strong>Citi\u021bi \u0219i <a href=\"https:\/\/www.digi24.ro\/special\/campanii-digi24\/centenar-100-de-ani-de-viitor\/adevarata-semnificatie-a-zilei-de-15-martie-sarbatoarea-maghiarilor-de-pretutindeni-895442\" data-skip-linkfix=\"1\">Adev\u0103rata semnifica\u021bie a zilei de 15 martie, s\u0103rb\u0103toarea maghiarilor de pretutindeni<\/a><\/strong><\/p>\n<p data-index=\"7\">\u201eNe baz\u0103m, \u00een demersurile noastre, \u015fi pe sprijinul organiza\u0163iilor civice \u015fi culturale ale maghiarilor din Rom\u00e2nia\u201d, adaug\u0103 ea.<\/p>\n<p data-index=\"8\">Premierul spune c\u0103 Anul Centenarului este un an cu semnifica\u0163ii profunde pentru societatea rom\u00e2neasc\u0103 \u00een ansamblul s\u0103u, iar \u00een acest context dore\u015fte s\u0103 sublinieze aportul minorit\u0103\u0163ilor na\u0163ionale la mo\u015ftenirea cultural\u0103 comun\u0103 care define\u015fte societatea rom\u00e2neasc\u0103 \u00een ansamblul ei, precum \u015fi contribu\u0163ia acestora la edificarea statului rom\u00e2n modern.<\/p>\n<p data-index=\"9\">\u201eGuvernul Rom\u00e2niei aspir\u0103 la unitatea eforturilor din partea tuturor cet\u0103\u0163enilor pentru a reu\u015fi, \u00eempreun\u0103, s\u0103 construim \u0163ara \u00een care ne dorim s\u0103 tr\u0103im. La mul\u0163i ani tuturor maghiarilor din Rom\u00e2nia!\u201d, \u00eencheie Viorica D\u0103ncil\u0103.<\/p>\n<p data-index=\"10\">Sursa: News.ro<\/p>\n<\/div>\n<p> Source URL: https:\/\/www.digi24.ro\/stiri\/actualitate\/politica\/mesajul-vioricai-dancila-de-ziua-maghiarilor-895883<\/p>\n","protected":false},"excerpt":{"rendered":"<p>Premierul Viorica D\u0103ncil\u0103 a transmis, joi, un mesaj de Ziua Maghiarilor de Pretutindeni, afirm\u00e2nd c\u0103 perspectiva asupra istoriei ne arat\u0103 c\u0103 este momentul unei mut\u0103ri de accent pe lucrurile care \u00eei unesc pe rom\u00e2ni \u015fi maghiari. Viorica D\u0103ncil\u0103 arat\u0103, \u00een mesajul dat publicit\u0103\u0163ii de Guvern, c\u0103 Ziua Maghiarilor de Pretutindeni este un prilej de a [&hellip;]<\/p>\n","protected":false},"author":1,"featured_media":121602,"comment_status":"open","ping_status":"","sticky":false,"template":"","format":"standard","meta":{"footnotes":""},"categories":[2],"tags":[11],"class_list":["post-121601","post","type-post","status-publish","format-standard","has-post-thumbnail","hentry","category-politics","tag-digi24"],"_links":{"self":[{"href":"https:\/\/analyse.optim.biz\/index.php?rest_route=\/wp\/v2\/posts\/121601","targetHints":{"allow":["GET"]}}],"collection":[{"href":"https:\/\/analyse.optim.biz\/index.php?rest_route=\/wp\/v2\/posts"}],"about":[{"href":"https:\/\/analyse.optim.biz\/index.php?rest_route=\/wp\/v2\/types\/post"}],"author":[{"embeddable":true,"href":"https:\/\/analyse.optim.biz\/index.php?rest_route=\/wp\/v2\/users\/1"}],"replies":[{"embeddable":true,"href":"https:\/\/analyse.optim.biz\/index.php?rest_route=%2Fwp%2Fv2%2Fcomments&post=121601"}],"version-history":[{"count":0,"href":"https:\/\/analyse.optim.biz\/index.php?rest_route=\/wp\/v2\/posts\/121601\/revisions"}],"wp:featuredmedia":[{"embeddable":true,"href":"https:\/\/analyse.optim.biz\/index.php?rest_route=\/wp\/v2\/media\/121602"}],"wp:attachment":[{"href":"https:\/\/analyse.optim.biz\/index.php?rest_route=%2Fwp%2Fv2%2Fmedia&parent=121601"}],"wp:term":[{"taxonomy":"category","embeddable":true,"href":"https:\/\/analyse.optim.biz\/index.php?rest_route=%2Fwp%2Fv2%2Fcategories&post=121601"},{"taxonomy":"post_tag","embeddable":true,"href":"https:\/\/analyse.optim.biz\/index.php?rest_route=%2Fwp%2Fv2%2Ftags&post=121601"}],"curies":[{"name":"wp","href":"https:\/\/api.w.org\/{rel}","templated":true}]}}