{"id":121595,"date":"2018-03-15T20:14:48","date_gmt":"2018-03-15T17:14:48","guid":{"rendered":"https:\/\/analyse.optim.biz\/?p=121595"},"modified":"2018-03-15T20:14:48","modified_gmt":"2018-03-15T17:14:48","slug":"kelemen-hunor-elita-politica-romaneasca-nu-poate-cadea-de-acord-nici-macar-asupra-unei-autostrazi","status":"publish","type":"post","link":"https:\/\/analyse.optim.biz\/?p=121595","title":{"rendered":"Kelemen Hunor: Elita politic\u0103 rom\u00e2neasc\u0103 nu poate c\u0103dea de acord nici m\u0103car asupra unei autostr\u0103zi"},"content":{"rendered":"<div class=\"entry data-app-meta data-app-meta-article\" data-embed-base-url-canonical=\"https:\/\/www.digi24.ro\/embed\/stiri\/actualitate\/politica\/kelemen-hunor-elita-politica-romaneasca-nu-poate-cadea-de-acord-nici-macar-asupra-unei-autostrazi-895933\">\n<p data-index=\"1\"><strong><span lang=\"ro-RO\">Pre\u015fedintele UDMR, Kelemen Hunor, a spus, \u00een mesajul transmis cu ocazia Zilei Maghiarilor de Pretutindeni, c\u0103 Rom\u00e2nia \u201enu are o viziune, nu are un proiect viabil\u201d, ultimul scop comun fiind aderarea la Uniunea European\u0103. \u201eElita politic\u0103 rom\u00e2neasc\u0103 nu poate s\u0103 se pun\u0103 de acord nici m\u0103car asupra unei linii de autostrad\u0103\u201d, a spus Kelemen Hunor, ad\u0103ug\u00e2nd c\u0103 politica rom\u00e2neasc\u0103 este cunoscut\u0103 \u201epentru lupta acerb\u0103 \u00eempotriva celuilalt\u201d, scrie News.ro.<\/span><\/strong><\/p>\n<p data-index=\"2\"><img loading=\"lazy\" decoding=\"async\" class=\"alignnone size-full wp-image-701568\" src=\"https:\/\/analyse.optim.biz\/wp-content\/uploads\/2024\/09\/mczoyxnopti2mmiyotkznmnjyzawmwfhnzqxzdkxzwu0mzk2nzbl-thumb_.jpg\" width=\"704\" height=\"418\" data-skip-htmlfix=\"1\" title=\"mczoyxnopti2mmiyotkznmnjyzawmwfhnzqxzdkxzwu0mzk2nzbl-thumb_\"><\/p>\n<p data-index=\"3\"><span lang=\"ro-RO\">\u201eDar oare \u0163ara \u00een care tr\u0103im, Rom\u00e2nia, \u015ftie spre ce direc\u0163ie s\u0103 se \u00eendrepte? Deoarece aceast\u0103 \u0163ar\u0103 nu are o viziune, nu are un proiect viabil. Aderarea la UE a fost ultimul scop comun. \u015ei asta a fost acum zece ani. Spre ce ne \u00eendrept\u0103m? Ce vrem? Care sunt obiectivele noastre? Elita politic\u0103 rom\u00e2neasc\u0103 nu poate s\u0103 se pun\u0103 de acord nici m\u0103car asupra unei linii de autostrad\u0103, dar nici asupra direc\u0163iei \u00een care ar trebui \u00eendreptate educa\u0163ia \u015fi s\u0103n\u0103tatea. Politica rom\u00e2neasc\u0103 este cunoscut\u0103, ast\u0103zi, pentru lupta acerb\u0103 \u00eempotriva celuilalt, de\u015fi ar trebui s\u0103 se concentreze pe construc\u0163ie \u015fi dezvoltare\u201d, a spus Kelemen Hunor \u00een mesajul transmis la Satu Mare, cu ocazia Zilei Maghiarilor de pretudindeni.<\/span><\/p>\n<p data-index=\"4\">Acesta a afirmat c\u0103 \u00een acest an societatea rom\u00e2neasc\u0103 \u015fi societatea maghiar\u0103 din Transilvania ar trebui s\u0103 aib\u0103 \u201eun dialog despre un acord \u00een privin\u0163a viitorului\u201d.<\/p>\n<p data-index=\"5\">\u201eAst\u0103zi, adev\u0103ratul act revolu\u0163ionar din aceast\u0103 \u0163ar\u0103 ar fi dac\u0103 am putea reda speran\u0163a, credin\u0163a \u00eentr-un viitor viabil. (&#8230;) Chiar dac\u0103 nu vom putea \u00eemp\u0103rt\u0103\u015fi niciodat\u0103 trecutul, ar trebui s\u0103 planific\u0103m \u00eempreun\u0103 viitorul nostru comun. \u015ei cu asta am ajuns \u015fi la cea de-a doua condi\u0163ie: s\u0103 definim un proiect mare, comun, un obiectiv major comun pentru care putem mobiliza toate for\u0163ele\u201d, a mai spus Kelemen Hunor.<\/p>\n<p data-index=\"6\">El a ad\u0103ugat c\u0103 \u201ef\u0103r\u0103 \u00eencredere reciproc\u0103 nu exist\u0103 succes\u201d, iar la zece ani de la aderarea \u00een UE, \u00een Rom\u00e2nia sunt \u00eenc\u0103\u0103 multe lucruri de f\u0103cut pentru a avea egalitate.<\/p>\n<p data-index=\"7\">\u201eDa, trebuie s\u0103 vorbim despre egalitate, ca despre o condi\u0163ie a libert\u0103\u0163ii. Ca minoritari, suntem \u00een primul r\u00e2nd preocupa\u0163i de egalitatea \u00een drepturi, dar, din nefericire, trebuie s\u0103 constat\u0103m c\u0103 \u015fi la zece ani dup\u0103 aderarea la UE, r\u0103m\u00e2n multe de f\u0103cut pentru a elimina inechit\u0103\u0163ile economice \u015fi sociale\u201d, a mai spus pre\u015fedintele UDMR.<\/p>\n<p data-index=\"8\">Potrivit acestuia, raportul Consiliului European care analizeaz\u0103 aplicarea prevederilor acordului cadru pentru protec\u0163ia minorit\u0103\u0163ilor a stabilit c\u0103 Rom\u00e2nia nu doar c\u0103 nu este un stat model \u00een garantarea drepturilor na\u0163ionale \u015fi lingvistice ale minorit\u0103\u0163ilor, ci este mai degrab\u0103 un exemplu de regres \u00een acest domeniu.<\/p>\n<p data-index=\"9\">\u201eAst\u0103zi, ar fi \u015fi un act revolu\u0163ionar \u015fi dac\u0103 institu\u0163iile implicate nu ar prezenta \u00eentr-o lumin\u0103 ireal\u0103 acest subiect, ci ar \u00eencepe s\u0103 aplice corec\u0163iile necesare, a\u015fa cum propune \u015fi raportul nostru paralel. \u00cen schimb, ei continu\u0103 s\u0103 deformeze realitatea, sus\u0163in\u00e2nd c\u0103 au creat un stat model, exemplar, \u00een timp ce prefectul de Covasna pedepse\u015fte primarii care decoreaz\u0103 localit\u0103\u0163ile \u00een culorile steagului maghiar cu ocazia s\u0103rb\u0103torii noastre na\u0163ionale. Cer pe aceast\u0103 cale Guvernului, premierului \u015fi ministrului de Interne s\u0103 opreasc\u0103 ac\u0163iunile prefec\u0163ilor din Covasna \u015fi Harghita, pentru a pune cap\u0103t acestei anomalii iresponsabile \u015fi stresante\u201d, a mai spus liderul maghiar.<\/p>\n<p data-index=\"10\">Acesta a vorbit despre 15 martie ca fiind \u201eo s\u0103rb\u0103toare pentru fiecare om care este adeptul libert\u0103\u0163ii, a maghiarilor \u015fi rom\u00e2nilor deopotriv\u0103\u201d.<\/p>\n<p data-index=\"11\">\u201eTrebuie s\u0103 ajungem la un acord cu majoritatea rom\u00e2neasc\u0103, asupra faptului c\u0103 15 martie este s\u0103rb\u0103toarea noastr\u0103 a tuturor, la fel cum \u015fi libertatea este a tuturor \u015fi nu poate fi divizat\u0103. \u015ei, cel mai important, s\u0103 convenim asupra faptului c\u0103, de\u015fi denumirea \u0163\u0103rii este Rom\u00e2nia, aceasta este o \u0163ar\u0103 care apar\u0163ine mai multor na\u0163ionalit\u0103\u0163i. Pe l\u00e2ng\u0103 majoritatea rom\u00e2neasc\u0103, este \u015fi \u0163ara maghiarilor, germanilor, romilor \u015fi lista ar putea continua\u201d, a mai spus Kelemen Hunor.<\/p>\n<p data-index=\"12\">\u00cen plus, Kelemen Hunor a accentuat faptul c\u0103 este nevoie de schimb\u0103ri revolu\u0163ionare \u015fi \u00een Europa \u015fi a cerut reglementarea drepturilor minorit\u0103\u0163ilor la nivel european.<\/p>\n<p data-index=\"13\">\u00a0<\/p>\n<\/div>\n<p> Source URL: https:\/\/www.digi24.ro\/stiri\/actualitate\/politica\/kelemen-hunor-elita-politica-romaneasca-nu-poate-cadea-de-acord-nici-macar-asupra-unei-autostrazi-895933<\/p>\n","protected":false},"excerpt":{"rendered":"<p>Pre\u015fedintele UDMR, Kelemen Hunor, a spus, \u00een mesajul transmis cu ocazia Zilei Maghiarilor de Pretutindeni, c\u0103 Rom\u00e2nia \u201enu are o viziune, nu are un proiect viabil\u201d, ultimul scop comun fiind aderarea la Uniunea European\u0103. \u201eElita politic\u0103 rom\u00e2neasc\u0103 nu poate s\u0103 se pun\u0103 de acord nici m\u0103car asupra unei linii de autostrad\u0103\u201d, a spus Kelemen Hunor, [&hellip;]<\/p>\n","protected":false},"author":1,"featured_media":121596,"comment_status":"open","ping_status":"","sticky":false,"template":"","format":"standard","meta":{"footnotes":""},"categories":[2],"tags":[11],"class_list":["post-121595","post","type-post","status-publish","format-standard","has-post-thumbnail","hentry","category-politics","tag-digi24"],"_links":{"self":[{"href":"https:\/\/analyse.optim.biz\/index.php?rest_route=\/wp\/v2\/posts\/121595","targetHints":{"allow":["GET"]}}],"collection":[{"href":"https:\/\/analyse.optim.biz\/index.php?rest_route=\/wp\/v2\/posts"}],"about":[{"href":"https:\/\/analyse.optim.biz\/index.php?rest_route=\/wp\/v2\/types\/post"}],"author":[{"embeddable":true,"href":"https:\/\/analyse.optim.biz\/index.php?rest_route=\/wp\/v2\/users\/1"}],"replies":[{"embeddable":true,"href":"https:\/\/analyse.optim.biz\/index.php?rest_route=%2Fwp%2Fv2%2Fcomments&post=121595"}],"version-history":[{"count":0,"href":"https:\/\/analyse.optim.biz\/index.php?rest_route=\/wp\/v2\/posts\/121595\/revisions"}],"wp:featuredmedia":[{"embeddable":true,"href":"https:\/\/analyse.optim.biz\/index.php?rest_route=\/wp\/v2\/media\/121596"}],"wp:attachment":[{"href":"https:\/\/analyse.optim.biz\/index.php?rest_route=%2Fwp%2Fv2%2Fmedia&parent=121595"}],"wp:term":[{"taxonomy":"category","embeddable":true,"href":"https:\/\/analyse.optim.biz\/index.php?rest_route=%2Fwp%2Fv2%2Fcategories&post=121595"},{"taxonomy":"post_tag","embeddable":true,"href":"https:\/\/analyse.optim.biz\/index.php?rest_route=%2Fwp%2Fv2%2Ftags&post=121595"}],"curies":[{"name":"wp","href":"https:\/\/api.w.org\/{rel}","templated":true}]}}